{"id":971,"date":"2024-12-11T09:57:40","date_gmt":"2024-12-11T12:57:40","guid":{"rendered":"https:\/\/www.acsc.com.br\/santacatarina\/?p=971"},"modified":"2024-12-11T09:57:40","modified_gmt":"2024-12-11T12:57:40","slug":"apresentacoes-de-final-de-ano-e-formatura-da-educacao-infantil-celebracao-de-amor-e-esperanca","status":"publish","type":"post","link":"https:\/\/www.acsc.com.br\/santacatarina\/2024\/12\/11\/apresentacoes-de-final-de-ano-e-formatura-da-educacao-infantil-celebracao-de-amor-e-esperanca\/","title":{"rendered":"Apresenta\u00e7\u00f5es de final de ano e formatura da Educa\u00e7\u00e3o Infantil: Celebra\u00e7\u00e3o de Amor e Esperan\u00e7a"},"content":{"rendered":"<p><span style=\"font-weight: 400;\">Neste in\u00edcio de dezembro, as celebra\u00e7\u00f5es de final de ano da Educa\u00e7\u00e3o Infantil e Anos Iniciais emocionaram e encantaram todos os presentes, marcando um momento especial de uni\u00e3o e reflex\u00e3o. Entre os dias 3 e 5 de dezembro, alunos, fam\u00edlias e comunidade escolar participaram de eventos que destacaram o Esp\u00edrito de Natal, o amor que une gera\u00e7\u00f5es e a import\u00e2ncia da solidariedade.<\/span><\/p>\n<p><b>Apresenta\u00e7\u00f5es do turno da manh\u00e3 \u2013 03 de dezembro<\/b><b><br \/>\n<\/b><span style=\"font-weight: 400;\">No dia 3 de dezembro, as turmas da manh\u00e3 apresentaram o espet\u00e1culo <\/span><b>&#8220;Onde Jesus Vive: Nasce a Esperan\u00e7a&#8221;<\/b><span style=\"font-weight: 400;\">, cujo tema foi <\/span><b>&#8220;Natal: Celebra\u00e7\u00e3o de Amor que Une Gera\u00e7\u00f5es&#8221;<\/b><span style=\"font-weight: 400;\">. Em cada apresenta\u00e7\u00e3o, as crian\u00e7as trouxeram alegria e emo\u00e7\u00e3o, celebrando valores como a esperan\u00e7a. Com apresenta\u00e7\u00f5es que inclu\u00edram m\u00fasicas em ingl\u00eas e tocar flauta, o p\u00fablico foi inspirado por mensagens de uni\u00e3o e fraternidade, lembrando das dificuldades que aconteceram em nosso estado devido \u00e0s chuvas e apresentando o recome\u00e7o que uniu o Rio Grande do Sul.<\/span><\/p>\n<p><b>Apresenta\u00e7\u00f5es do turno da tarde \u2013 04 de dezembro<\/b><b><br \/>\n<\/b><span style=\"font-weight: 400;\">Seguindo o mesmo tema e lema, <\/span><b>&#8220;V\u00f3s Sois Todos Irm\u00e3os&#8221; (Mateus 23:8)<\/b><span style=\"font-weight: 400;\">, o turno da tarde trouxe sua interpreta\u00e7\u00e3o do espet\u00e1culo no dia 4 de dezembro. Mais uma vez, as apresenta\u00e7\u00f5es destacaram o talento e o empenho das crian\u00e7as, encantando a plateia com can\u00e7\u00f5es natalinas, instrumentos musicais e coreografias que relembraram a todos a import\u00e2ncia da solidariedade e da uni\u00e3o, sobretudo nesta \u00e9poca do ano.<\/span><\/p>\n<p><b>Formatura e Apresenta\u00e7\u00e3o da Educa\u00e7\u00e3o Infantil \u2013 05 de dezembro<\/b><b><br \/>\n<\/b><span style=\"font-weight: 400;\">Encerrando as festividades da semana, o dia 5 de dezembro foi especialmente dedicado \u00e0 Educa\u00e7\u00e3o Infantil, com apresenta\u00e7\u00f5es que reafirmaram o tema do Natal. O ponto alto da noite foi a formatura dos alunos de 5 anos, marcando sua entrada no mundo letrado. Durante a cerim\u00f4nia, mensagens de gratid\u00e3o e celebra\u00e7\u00e3o foram compartilhadas por professores e familiares, destacando o papel da escola como um espa\u00e7o de crescimento e transforma\u00e7\u00e3o.<\/span><\/p>\n<p><span style=\"font-weight: 400;\">Esses tr\u00eas dias de celebra\u00e7\u00f5es demonstram o compromisso do Col\u00e9gio com a forma\u00e7\u00e3o integral de seus alunos, promovendo momentos que ficar\u00e3o na mem\u00f3ria de todos como s\u00edmbolos de amor, fraternidade e esperan\u00e7a para o futuro.<\/span><\/p>\n<div class=\"w-gallery cols_3 link_file\"><div class=\"w-gallery-list\"><a class=\"w-gallery-item order_1\" href=\"https:\/\/www.acsc.com.br\/santacatarina\/wp-content\/uploads\/sites\/2\/2024\/12\/1-CAPA-2.jpg\" title=\"1 - CAPA\"><div class=\"w-gallery-item-img\"><img loading=\"lazy\" decoding=\"async\" width=\"150\" height=\"150\" src=\"https:\/\/www.acsc.com.br\/santacatarina\/wp-content\/uploads\/sites\/2\/2024\/12\/1-CAPA-2-150x150.jpg\" class=\"attachment-thumbnail size-thumbnail\" alt=\"\" \/><\/div><\/a><a class=\"w-gallery-item order_2\" href=\"https:\/\/www.acsc.com.br\/santacatarina\/wp-content\/uploads\/sites\/2\/2024\/12\/6-2.jpg\" title=\"6\"><div class=\"w-gallery-item-img\"><img loading=\"lazy\" decoding=\"async\" width=\"150\" height=\"150\" src=\"https:\/\/www.acsc.com.br\/santacatarina\/wp-content\/uploads\/sites\/2\/2024\/12\/6-2-150x150.jpg\" class=\"attachment-thumbnail size-thumbnail\" alt=\"\" \/><\/div><\/a><a class=\"w-gallery-item order_3\" href=\"https:\/\/www.acsc.com.br\/santacatarina\/wp-content\/uploads\/sites\/2\/2024\/12\/7-2.jpg\" title=\"7\"><div class=\"w-gallery-item-img\"><img loading=\"lazy\" decoding=\"async\" width=\"150\" height=\"150\" src=\"https:\/\/www.acsc.com.br\/santacatarina\/wp-content\/uploads\/sites\/2\/2024\/12\/7-2-150x150.jpg\" class=\"attachment-thumbnail size-thumbnail\" alt=\"\" \/><\/div><\/a><a class=\"w-gallery-item order_4\" href=\"https:\/\/www.acsc.com.br\/santacatarina\/wp-content\/uploads\/sites\/2\/2024\/12\/3-2.jpg\" title=\"3\"><div class=\"w-gallery-item-img\"><img loading=\"lazy\" decoding=\"async\" width=\"150\" height=\"150\" src=\"https:\/\/www.acsc.com.br\/santacatarina\/wp-content\/uploads\/sites\/2\/2024\/12\/3-2-150x150.jpg\" class=\"attachment-thumbnail size-thumbnail\" alt=\"\" \/><\/div><\/a><a class=\"w-gallery-item order_5\" href=\"https:\/\/www.acsc.com.br\/santacatarina\/wp-content\/uploads\/sites\/2\/2024\/12\/4-2.jpg\" title=\"4\"><div class=\"w-gallery-item-img\"><img loading=\"lazy\" decoding=\"async\" width=\"150\" height=\"150\" src=\"https:\/\/www.acsc.com.br\/santacatarina\/wp-content\/uploads\/sites\/2\/2024\/12\/4-2-150x150.jpg\" class=\"attachment-thumbnail size-thumbnail\" alt=\"\" \/><\/div><\/a><a class=\"w-gallery-item order_6\" href=\"https:\/\/www.acsc.com.br\/santacatarina\/wp-content\/uploads\/sites\/2\/2024\/12\/8-2.jpg\" title=\"8\"><div class=\"w-gallery-item-img\"><img loading=\"lazy\" decoding=\"async\" width=\"150\" height=\"150\" src=\"https:\/\/www.acsc.com.br\/santacatarina\/wp-content\/uploads\/sites\/2\/2024\/12\/8-2-150x150.jpg\" class=\"attachment-thumbnail size-thumbnail\" alt=\"\" \/><\/div><\/a><a class=\"w-gallery-item order_7\" href=\"https:\/\/www.acsc.com.br\/santacatarina\/wp-content\/uploads\/sites\/2\/2024\/12\/5-2.jpg\" title=\"5\"><div class=\"w-gallery-item-img\"><img loading=\"lazy\" decoding=\"async\" width=\"150\" height=\"150\" src=\"https:\/\/www.acsc.com.br\/santacatarina\/wp-content\/uploads\/sites\/2\/2024\/12\/5-2-150x150.jpg\" class=\"attachment-thumbnail size-thumbnail\" alt=\"\" \/><\/div><\/a><a class=\"w-gallery-item order_8\" href=\"https:\/\/www.acsc.com.br\/santacatarina\/wp-content\/uploads\/sites\/2\/2024\/12\/9-2.jpg\" title=\"9\"><div class=\"w-gallery-item-img\"><img loading=\"lazy\" decoding=\"async\" width=\"150\" height=\"150\" src=\"https:\/\/www.acsc.com.br\/santacatarina\/wp-content\/uploads\/sites\/2\/2024\/12\/9-2-150x150.jpg\" class=\"attachment-thumbnail size-thumbnail\" alt=\"\" \/><\/div><\/a><a class=\"w-gallery-item order_9\" href=\"https:\/\/www.acsc.com.br\/santacatarina\/wp-content\/uploads\/sites\/2\/2024\/12\/2-2.jpg\" title=\"2\"><div class=\"w-gallery-item-img\"><img loading=\"lazy\" decoding=\"async\" width=\"150\" height=\"150\" src=\"https:\/\/www.acsc.com.br\/santacatarina\/wp-content\/uploads\/sites\/2\/2024\/12\/2-2-150x150.jpg\" class=\"attachment-thumbnail size-thumbnail\" alt=\"\" \/><\/div><\/a><\/div><\/div>\n<p><span style=\"font-weight: 400;\">Veja as fotos no Flickr: https:\/\/www.flickr.com\/photos\/colegiosantanh\/albums\/72177720322418969\/.<\/span><\/p>\n<p>&nbsp;<\/p>\n<p>&nbsp;<\/p>\n","protected":false},"excerpt":{"rendered":"<p>Neste in\u00edcio de dezembro, as celebra\u00e7\u00f5es de final de ano da Educa\u00e7\u00e3o Infantil e Anos Iniciais emocionaram e encantaram todos os presentes, marcando um momento especial de uni\u00e3o e reflex\u00e3o. Entre os dias 3 e 5 de dezembro, alunos, fam\u00edlias e comunidade escolar participaram de eventos que destacaram o Esp\u00edrito de Natal, o amor que&#8230;<\/p>\n","protected":false},"author":1,"featured_media":972,"comment_status":"closed","ping_status":"closed","sticky":false,"template":"","format":"standard","meta":{"_acf_changed":false,"footnotes":""},"categories":[1],"tags":[],"class_list":["post-971","post","type-post","status-publish","format-standard","has-post-thumbnail","hentry","category-noticias"],"acf":[],"_links":{"self":[{"href":"https:\/\/www.acsc.com.br\/santacatarina\/wp-json\/wp\/v2\/posts\/971","targetHints":{"allow":["GET"]}}],"collection":[{"href":"https:\/\/www.acsc.com.br\/santacatarina\/wp-json\/wp\/v2\/posts"}],"about":[{"href":"https:\/\/www.acsc.com.br\/santacatarina\/wp-json\/wp\/v2\/types\/post"}],"author":[{"embeddable":true,"href":"https:\/\/www.acsc.com.br\/santacatarina\/wp-json\/wp\/v2\/users\/1"}],"replies":[{"embeddable":true,"href":"https:\/\/www.acsc.com.br\/santacatarina\/wp-json\/wp\/v2\/comments?post=971"}],"version-history":[{"count":1,"href":"https:\/\/www.acsc.com.br\/santacatarina\/wp-json\/wp\/v2\/posts\/971\/revisions"}],"predecessor-version":[{"id":981,"href":"https:\/\/www.acsc.com.br\/santacatarina\/wp-json\/wp\/v2\/posts\/971\/revisions\/981"}],"wp:featuredmedia":[{"embeddable":true,"href":"https:\/\/www.acsc.com.br\/santacatarina\/wp-json\/wp\/v2\/media\/972"}],"wp:attachment":[{"href":"https:\/\/www.acsc.com.br\/santacatarina\/wp-json\/wp\/v2\/media?parent=971"}],"wp:term":[{"taxonomy":"category","embeddable":true,"href":"https:\/\/www.acsc.com.br\/santacatarina\/wp-json\/wp\/v2\/categories?post=971"},{"taxonomy":"post_tag","embeddable":true,"href":"https:\/\/www.acsc.com.br\/santacatarina\/wp-json\/wp\/v2\/tags?post=971"}],"curies":[{"name":"wp","href":"https:\/\/api.w.org\/{rel}","templated":true}]}}