{"id":960,"date":"2024-12-11T09:48:38","date_gmt":"2024-12-11T12:48:38","guid":{"rendered":"https:\/\/www.acsc.com.br\/santacatarina\/?p=960"},"modified":"2024-12-11T09:48:38","modified_gmt":"2024-12-11T12:48:38","slug":"semana-terceirao","status":"publish","type":"post","link":"https:\/\/www.acsc.com.br\/santacatarina\/2024\/12\/11\/semana-terceirao\/","title":{"rendered":"Semana Terceir\u00e3o"},"content":{"rendered":"<p><span style=\"font-weight: 400;\">Na semana do dia 25 de novembro, os alunos das turmas 310 e 330 do Col\u00e9gio Santa Catarina, vivenciaram a chamada \u201cSemana Terceir\u00e3o\u201d.<\/span><\/p>\n<p><span style=\"font-weight: 400;\">Com o intuito de relembrar o tempo passado e as amizades criadas no col\u00e9gio, a semana come\u00e7ou com a \u00faltima aula com a professora Aline Nervo, na qual os alunos das duas turmas passaram por v\u00e1rios espa\u00e7os do Santa Catarina e para no fim, chegarem at\u00e9 uma surpresa realizada pela professora.\u00a0<\/span><\/p>\n<p><span style=\"font-weight: 400;\">Ainda no dia 25 de novembro (segunda-feira), os alunos apresentaram para outras turmas do col\u00e9gio e, como surpresa, para seus pais, um teatro musical, desenvolvido nas aulas de Portugu\u00eas e Literatura da professora Giele Rocha Dorneles.\u00a0 A produ\u00e7\u00e3o foi escrita pelas alunas Larissa Morais, Luiza Schaeffer e Liz Cardoso e foi representada e cantada por ambas as turmas.<\/span><\/p>\n<p><span style=\"font-weight: 400;\">Na ter\u00e7a-feira (26\/11), as turmas partiram para um passeio para a fazenda ecol\u00f3gica Quinta da Est\u00e2ncia. L\u00e1, os alunos participaram de trilhas, banho de a\u00e7ude e lama, futebol de sab\u00e3o, al\u00e9m de outras atividades com o objetivo de proporcionar um espa\u00e7o divertido e recreativo para os estudantes na sua \u00faltima semana de aula.\u00a0<\/span><\/p>\n<p><span style=\"font-weight: 400;\">Como tradi\u00e7\u00e3o e forma de deixar sua marca na escola, na quarta-feira (27\/11), as turmas utilizaram toda a sua criatividade para pintarem o muro da cancha do col\u00e9gio, onde deixaram mensagens e desenhos que ficar\u00e3o para que todos que passarem por ali possam apreciar e relembrar das turmas de terceiro ano do Ensino M\u00e9dio de 2024.\u00a0<\/span><\/p>\n<p><span style=\"font-weight: 400;\">No dia 28 de novembro (quinta-feira), as turmas despertaram a curiosidade de anos na escola, e tiveram a oportunidade de conhecer a resid\u00eancia da casa provincial das Irm\u00e3s de Santa Catarina (que fica ao lado do Col\u00e9gio), guiados pelas Ir. Osana e Ir, Gessi e agraciados com um breve bate-papo com as Irm\u00e3s: Al\u00e1dia, Celina, Geni, Gl\u00f3ria e Justina.\u00a0<\/span><\/p>\n<p><span style=\"font-weight: 400;\">No \u00faltimo dia de aula, sexta-feira (29\/11), em conjunto com a produtora de eventos escolhida pelos alunos para a formatura do ano de 2024, as turmas 310 e 330 realizaram o banho de tinta na cancha da escola, juntamente com uma \u00faltima sess\u00e3o de fotos e momentos entre turma antes da formatura. Ap\u00f3s a entrega dos boletins, os alunos passaram seus \u00faltimos minutos como estudantes do terceiro ano do Ensino M\u00e9dio e agora aguardam a grande formatura no dia 13 de dezembro de 2024!<\/span><\/p>\n<p><span style=\"font-weight: 400;\">Texto redigido pela aluna Mariana Krummenauer, da turma 310.<\/p>\n<p><\/span><\/p>\n<div class=\"w-gallery cols_3 link_file\"><div class=\"w-gallery-list\"><a class=\"w-gallery-item order_1\" href=\"https:\/\/www.acsc.com.br\/santacatarina\/wp-content\/uploads\/sites\/2\/2024\/12\/1-CAPA-1.jpg\" title=\"1- CAPA\"><div class=\"w-gallery-item-img\"><img loading=\"lazy\" decoding=\"async\" width=\"150\" height=\"150\" src=\"https:\/\/www.acsc.com.br\/santacatarina\/wp-content\/uploads\/sites\/2\/2024\/12\/1-CAPA-1-150x150.jpg\" class=\"attachment-thumbnail size-thumbnail\" alt=\"\" \/><\/div><\/a><a class=\"w-gallery-item order_2\" href=\"https:\/\/www.acsc.com.br\/santacatarina\/wp-content\/uploads\/sites\/2\/2024\/12\/9-1.jpg\" title=\"9\"><div class=\"w-gallery-item-img\"><img loading=\"lazy\" decoding=\"async\" width=\"150\" height=\"150\" src=\"https:\/\/www.acsc.com.br\/santacatarina\/wp-content\/uploads\/sites\/2\/2024\/12\/9-1-150x150.jpg\" class=\"attachment-thumbnail size-thumbnail\" alt=\"\" \/><\/div><\/a><a class=\"w-gallery-item order_3\" href=\"https:\/\/www.acsc.com.br\/santacatarina\/wp-content\/uploads\/sites\/2\/2024\/12\/8-1.jpg\" title=\"8\"><div class=\"w-gallery-item-img\"><img loading=\"lazy\" decoding=\"async\" width=\"150\" height=\"150\" src=\"https:\/\/www.acsc.com.br\/santacatarina\/wp-content\/uploads\/sites\/2\/2024\/12\/8-1-150x150.jpg\" class=\"attachment-thumbnail size-thumbnail\" alt=\"\" \/><\/div><\/a><a class=\"w-gallery-item order_4\" href=\"https:\/\/www.acsc.com.br\/santacatarina\/wp-content\/uploads\/sites\/2\/2024\/12\/7-1.jpg\" title=\"7\"><div class=\"w-gallery-item-img\"><img loading=\"lazy\" decoding=\"async\" width=\"150\" height=\"150\" src=\"https:\/\/www.acsc.com.br\/santacatarina\/wp-content\/uploads\/sites\/2\/2024\/12\/7-1-150x150.jpg\" class=\"attachment-thumbnail size-thumbnail\" alt=\"\" \/><\/div><\/a><a class=\"w-gallery-item order_5\" href=\"https:\/\/www.acsc.com.br\/santacatarina\/wp-content\/uploads\/sites\/2\/2024\/12\/2-1.jpg\" title=\"2\"><div class=\"w-gallery-item-img\"><img loading=\"lazy\" decoding=\"async\" width=\"150\" height=\"150\" src=\"https:\/\/www.acsc.com.br\/santacatarina\/wp-content\/uploads\/sites\/2\/2024\/12\/2-1-150x150.jpg\" class=\"attachment-thumbnail size-thumbnail\" alt=\"\" \/><\/div><\/a><a class=\"w-gallery-item order_6\" href=\"https:\/\/www.acsc.com.br\/santacatarina\/wp-content\/uploads\/sites\/2\/2024\/12\/3-1.jpg\" title=\"3\"><div class=\"w-gallery-item-img\"><img loading=\"lazy\" decoding=\"async\" width=\"150\" height=\"150\" src=\"https:\/\/www.acsc.com.br\/santacatarina\/wp-content\/uploads\/sites\/2\/2024\/12\/3-1-150x150.jpg\" class=\"attachment-thumbnail size-thumbnail\" alt=\"\" \/><\/div><\/a><a class=\"w-gallery-item order_7\" href=\"https:\/\/www.acsc.com.br\/santacatarina\/wp-content\/uploads\/sites\/2\/2024\/12\/4-1.jpg\" title=\"4\"><div class=\"w-gallery-item-img\"><img loading=\"lazy\" decoding=\"async\" width=\"150\" height=\"150\" src=\"https:\/\/www.acsc.com.br\/santacatarina\/wp-content\/uploads\/sites\/2\/2024\/12\/4-1-150x150.jpg\" class=\"attachment-thumbnail size-thumbnail\" alt=\"\" \/><\/div><\/a><a class=\"w-gallery-item order_8\" href=\"https:\/\/www.acsc.com.br\/santacatarina\/wp-content\/uploads\/sites\/2\/2024\/12\/6-1.jpg\" title=\"6\"><div class=\"w-gallery-item-img\"><img loading=\"lazy\" decoding=\"async\" width=\"150\" height=\"150\" src=\"https:\/\/www.acsc.com.br\/santacatarina\/wp-content\/uploads\/sites\/2\/2024\/12\/6-1-150x150.jpg\" class=\"attachment-thumbnail size-thumbnail\" alt=\"\" \/><\/div><\/a><a class=\"w-gallery-item order_9\" href=\"https:\/\/www.acsc.com.br\/santacatarina\/wp-content\/uploads\/sites\/2\/2024\/12\/5-1.jpg\" title=\"5\"><div class=\"w-gallery-item-img\"><img loading=\"lazy\" decoding=\"async\" width=\"150\" height=\"150\" src=\"https:\/\/www.acsc.com.br\/santacatarina\/wp-content\/uploads\/sites\/2\/2024\/12\/5-1-150x150.jpg\" class=\"attachment-thumbnail size-thumbnail\" alt=\"\" \/><\/div><\/a><\/div><\/div>\n<p><span style=\"font-weight: 400;\">\u00a0<\/span><\/p>\n","protected":false},"excerpt":{"rendered":"<p>Na semana do dia 25 de novembro, os alunos das turmas 310 e 330 do Col\u00e9gio Santa Catarina, vivenciaram a chamada \u201cSemana Terceir\u00e3o\u201d. Com o intuito de relembrar o tempo passado e as amizades criadas no col\u00e9gio, a semana come\u00e7ou com a \u00faltima aula com a professora Aline Nervo, na qual os alunos das duas&#8230;<\/p>\n","protected":false},"author":1,"featured_media":961,"comment_status":"closed","ping_status":"closed","sticky":false,"template":"","format":"standard","meta":{"_acf_changed":false,"footnotes":""},"categories":[1],"tags":[],"class_list":["post-960","post","type-post","status-publish","format-standard","has-post-thumbnail","hentry","category-noticias"],"acf":[],"_links":{"self":[{"href":"https:\/\/www.acsc.com.br\/santacatarina\/wp-json\/wp\/v2\/posts\/960","targetHints":{"allow":["GET"]}}],"collection":[{"href":"https:\/\/www.acsc.com.br\/santacatarina\/wp-json\/wp\/v2\/posts"}],"about":[{"href":"https:\/\/www.acsc.com.br\/santacatarina\/wp-json\/wp\/v2\/types\/post"}],"author":[{"embeddable":true,"href":"https:\/\/www.acsc.com.br\/santacatarina\/wp-json\/wp\/v2\/users\/1"}],"replies":[{"embeddable":true,"href":"https:\/\/www.acsc.com.br\/santacatarina\/wp-json\/wp\/v2\/comments?post=960"}],"version-history":[{"count":1,"href":"https:\/\/www.acsc.com.br\/santacatarina\/wp-json\/wp\/v2\/posts\/960\/revisions"}],"predecessor-version":[{"id":970,"href":"https:\/\/www.acsc.com.br\/santacatarina\/wp-json\/wp\/v2\/posts\/960\/revisions\/970"}],"wp:featuredmedia":[{"embeddable":true,"href":"https:\/\/www.acsc.com.br\/santacatarina\/wp-json\/wp\/v2\/media\/961"}],"wp:attachment":[{"href":"https:\/\/www.acsc.com.br\/santacatarina\/wp-json\/wp\/v2\/media?parent=960"}],"wp:term":[{"taxonomy":"category","embeddable":true,"href":"https:\/\/www.acsc.com.br\/santacatarina\/wp-json\/wp\/v2\/categories?post=960"},{"taxonomy":"post_tag","embeddable":true,"href":"https:\/\/www.acsc.com.br\/santacatarina\/wp-json\/wp\/v2\/tags?post=960"}],"curies":[{"name":"wp","href":"https:\/\/api.w.org\/{rel}","templated":true}]}}