{"id":949,"date":"2024-12-11T09:45:31","date_gmt":"2024-12-11T12:45:31","guid":{"rendered":"https:\/\/www.acsc.com.br\/santacatarina\/?p=949"},"modified":"2024-12-11T09:45:31","modified_gmt":"2024-12-11T12:45:31","slug":"premiacao-do-selo-de-responsabilidade-social","status":"publish","type":"post","link":"https:\/\/www.acsc.com.br\/santacatarina\/2024\/12\/11\/premiacao-do-selo-de-responsabilidade-social\/","title":{"rendered":"Premia\u00e7\u00e3o do Selo de Responsabilidade Social"},"content":{"rendered":"<p><i><span style=\"font-weight: 400;\">\u201cImpacto ambiental e social em uma s\u00f3 iniciativa\u201d<\/span><\/i><\/p>\n<p><span style=\"font-weight: 400;\">No dia 21\/11, ocorreu a premia\u00e7\u00e3o do projeto \u201cSelo de Responsabilidade Social\u201d no Sal\u00e3o Nobre do Col\u00e9gio Santa Catarina.\u00a0<\/span><\/p>\n<p><span style=\"font-weight: 400;\">O projeto, criado no ano de 2023 e tendo sua segunda edi\u00e7\u00e3o neste ano de 2024, \u00e9 uma iniciativa do setor de Pastoral e visa proporcionar aos alunos, de forma divertida e competitiva, um entendimento do impacto social e ambiental das a\u00e7\u00f5es do ser humano no planeta.<\/span><\/p>\n<p><span style=\"font-weight: 400;\">Com a participa\u00e7\u00e3o de 29 turmas e 7 meses de coleta, foi poss\u00edvel a arrecada\u00e7\u00e3o de 1.073,8 Kg de tampas pl\u00e1sticas, 2.475 unidades de aeross\u00f3is, 26,04 Kg de lacres de latas, 1667,4 Kg de embalagens pl\u00e1sticas, 624,35 Litros de \u00f3leo, 245,43 Kg de latas e 126 Kg de pilhas.\u00a0<\/span><\/p>\n<p><span style=\"font-weight: 400;\">O projeto contou com a participa\u00e7\u00e3o de institui\u00e7\u00f5es parceiras &#8211; Centro Social Madre Regina, Cooperativa Mundo + Limpo, Associa\u00e7\u00e3o de Pais e Amigos dos Excepcionais (APAE), Associa\u00e7\u00e3o dos Amigos da Oncologia (AMO) e C\u00e1ritas da Par\u00f3quia Nossa Senhora da Piedade -, de modo que cada entidade pudesse converter os materiais recolhidos pelos alunos em contribui\u00e7\u00f5es financeiras e, assim, utiliz\u00e1-las para as verdadeiras necessidades de cada institui\u00e7\u00e3o.\u00a0<\/span><\/p>\n<p><span style=\"font-weight: 400;\">A turma ganhadora do Selo de Responsabilidade Social 2024\u00a0 foi a turma 31, premiada com um <\/span><i><span style=\"font-weight: 400;\">buffet<\/span><\/i><span style=\"font-weight: 400;\"> de sorvete, destaque em foto no mural do Projeto e o plantio de uma muda de laranja do c\u00e9u. Em segundo lugar, a turma 51, premiada com <\/span><i><span style=\"font-weight: 400;\">buffet<\/span><\/i><span style=\"font-weight: 400;\"> de sorvete e plantio de uma muda de lim\u00e3o xinxim. E em terceiro lugar, a turma 21, premiada com o plantio de uma muda de maracuj\u00e1.\u00a0<\/span><\/p>\n<p><span style=\"font-weight: 400;\">A Pastoral agradece a participa\u00e7\u00e3o de todos os alunos nessa iniciativa de amor e cuidado com o nosso planeta e com aqueles que nele vivem!<\/span><\/p>\n<div class=\"w-gallery cols_3 link_file\"><div class=\"w-gallery-list\"><a class=\"w-gallery-item order_1\" href=\"https:\/\/www.acsc.com.br\/santacatarina\/wp-content\/uploads\/sites\/2\/2024\/12\/3.jpg\" title=\"3\"><div class=\"w-gallery-item-img\"><img loading=\"lazy\" decoding=\"async\" width=\"150\" height=\"150\" src=\"https:\/\/www.acsc.com.br\/santacatarina\/wp-content\/uploads\/sites\/2\/2024\/12\/3-150x150.jpg\" class=\"attachment-thumbnail size-thumbnail\" alt=\"\" \/><\/div><\/a><a class=\"w-gallery-item order_2\" href=\"https:\/\/www.acsc.com.br\/santacatarina\/wp-content\/uploads\/sites\/2\/2024\/12\/2.jpg\" title=\"2\"><div class=\"w-gallery-item-img\"><img loading=\"lazy\" decoding=\"async\" width=\"150\" height=\"150\" src=\"https:\/\/www.acsc.com.br\/santacatarina\/wp-content\/uploads\/sites\/2\/2024\/12\/2-150x150.jpg\" class=\"attachment-thumbnail size-thumbnail\" alt=\"\" \/><\/div><\/a><a class=\"w-gallery-item order_3\" href=\"https:\/\/www.acsc.com.br\/santacatarina\/wp-content\/uploads\/sites\/2\/2024\/12\/4.jpg\" title=\"4\"><div class=\"w-gallery-item-img\"><img loading=\"lazy\" decoding=\"async\" width=\"150\" height=\"150\" src=\"https:\/\/www.acsc.com.br\/santacatarina\/wp-content\/uploads\/sites\/2\/2024\/12\/4-150x150.jpg\" class=\"attachment-thumbnail size-thumbnail\" alt=\"\" \/><\/div><\/a><a class=\"w-gallery-item order_4\" href=\"https:\/\/www.acsc.com.br\/santacatarina\/wp-content\/uploads\/sites\/2\/2024\/12\/7.jpg\" title=\"7\"><div class=\"w-gallery-item-img\"><img loading=\"lazy\" decoding=\"async\" width=\"150\" height=\"150\" src=\"https:\/\/www.acsc.com.br\/santacatarina\/wp-content\/uploads\/sites\/2\/2024\/12\/7-150x150.jpg\" class=\"attachment-thumbnail size-thumbnail\" alt=\"\" \/><\/div><\/a><a class=\"w-gallery-item order_5\" href=\"https:\/\/www.acsc.com.br\/santacatarina\/wp-content\/uploads\/sites\/2\/2024\/12\/6.jpg\" title=\"6\"><div class=\"w-gallery-item-img\"><img loading=\"lazy\" decoding=\"async\" width=\"150\" height=\"150\" src=\"https:\/\/www.acsc.com.br\/santacatarina\/wp-content\/uploads\/sites\/2\/2024\/12\/6-150x150.jpg\" class=\"attachment-thumbnail size-thumbnail\" alt=\"\" \/><\/div><\/a><a class=\"w-gallery-item order_6\" href=\"https:\/\/www.acsc.com.br\/santacatarina\/wp-content\/uploads\/sites\/2\/2024\/12\/8.jpg\" title=\"8\"><div class=\"w-gallery-item-img\"><img loading=\"lazy\" decoding=\"async\" width=\"150\" height=\"150\" src=\"https:\/\/www.acsc.com.br\/santacatarina\/wp-content\/uploads\/sites\/2\/2024\/12\/8-150x150.jpg\" class=\"attachment-thumbnail size-thumbnail\" alt=\"\" \/><\/div><\/a><a class=\"w-gallery-item order_7\" href=\"https:\/\/www.acsc.com.br\/santacatarina\/wp-content\/uploads\/sites\/2\/2024\/12\/1-CAPA.jpg\" title=\"1 - CAPA\"><div class=\"w-gallery-item-img\"><img loading=\"lazy\" decoding=\"async\" width=\"150\" height=\"150\" src=\"https:\/\/www.acsc.com.br\/santacatarina\/wp-content\/uploads\/sites\/2\/2024\/12\/1-CAPA-150x150.jpg\" class=\"attachment-thumbnail size-thumbnail\" alt=\"\" \/><\/div><\/a><a class=\"w-gallery-item order_8\" href=\"https:\/\/www.acsc.com.br\/santacatarina\/wp-content\/uploads\/sites\/2\/2024\/12\/5.jpg\" title=\"5\"><div class=\"w-gallery-item-img\"><img loading=\"lazy\" decoding=\"async\" width=\"150\" height=\"150\" src=\"https:\/\/www.acsc.com.br\/santacatarina\/wp-content\/uploads\/sites\/2\/2024\/12\/5-150x150.jpg\" class=\"attachment-thumbnail size-thumbnail\" alt=\"\" \/><\/div><\/a><a class=\"w-gallery-item order_9\" href=\"https:\/\/www.acsc.com.br\/santacatarina\/wp-content\/uploads\/sites\/2\/2024\/12\/9.jpg\" title=\"9\"><div class=\"w-gallery-item-img\"><img loading=\"lazy\" decoding=\"async\" width=\"150\" height=\"150\" src=\"https:\/\/www.acsc.com.br\/santacatarina\/wp-content\/uploads\/sites\/2\/2024\/12\/9-150x150.jpg\" class=\"attachment-thumbnail size-thumbnail\" alt=\"\" \/><\/div><\/a><\/div><\/div>\n<p><span style=\"font-weight: 400;\">Acesse mais fotos no Flickr: https:\/\/www.flickr.com\/photos\/colegiosantanh\/albums\/72177720322181355\/.<\/span><\/p>\n","protected":false},"excerpt":{"rendered":"<p>\u201cImpacto ambiental e social em uma s\u00f3 iniciativa\u201d No dia 21\/11, ocorreu a premia\u00e7\u00e3o do projeto \u201cSelo de Responsabilidade Social\u201d no Sal\u00e3o Nobre do Col\u00e9gio Santa Catarina.\u00a0 O projeto, criado no ano de 2023 e tendo sua segunda edi\u00e7\u00e3o neste ano de 2024, \u00e9 uma iniciativa do setor de Pastoral e visa proporcionar aos alunos,&#8230;<\/p>\n","protected":false},"author":1,"featured_media":956,"comment_status":"closed","ping_status":"closed","sticky":false,"template":"","format":"standard","meta":{"_acf_changed":false,"footnotes":""},"categories":[1],"tags":[],"class_list":["post-949","post","type-post","status-publish","format-standard","has-post-thumbnail","hentry","category-noticias"],"acf":[],"_links":{"self":[{"href":"https:\/\/www.acsc.com.br\/santacatarina\/wp-json\/wp\/v2\/posts\/949","targetHints":{"allow":["GET"]}}],"collection":[{"href":"https:\/\/www.acsc.com.br\/santacatarina\/wp-json\/wp\/v2\/posts"}],"about":[{"href":"https:\/\/www.acsc.com.br\/santacatarina\/wp-json\/wp\/v2\/types\/post"}],"author":[{"embeddable":true,"href":"https:\/\/www.acsc.com.br\/santacatarina\/wp-json\/wp\/v2\/users\/1"}],"replies":[{"embeddable":true,"href":"https:\/\/www.acsc.com.br\/santacatarina\/wp-json\/wp\/v2\/comments?post=949"}],"version-history":[{"count":1,"href":"https:\/\/www.acsc.com.br\/santacatarina\/wp-json\/wp\/v2\/posts\/949\/revisions"}],"predecessor-version":[{"id":959,"href":"https:\/\/www.acsc.com.br\/santacatarina\/wp-json\/wp\/v2\/posts\/949\/revisions\/959"}],"wp:featuredmedia":[{"embeddable":true,"href":"https:\/\/www.acsc.com.br\/santacatarina\/wp-json\/wp\/v2\/media\/956"}],"wp:attachment":[{"href":"https:\/\/www.acsc.com.br\/santacatarina\/wp-json\/wp\/v2\/media?parent=949"}],"wp:term":[{"taxonomy":"category","embeddable":true,"href":"https:\/\/www.acsc.com.br\/santacatarina\/wp-json\/wp\/v2\/categories?post=949"},{"taxonomy":"post_tag","embeddable":true,"href":"https:\/\/www.acsc.com.br\/santacatarina\/wp-json\/wp\/v2\/tags?post=949"}],"curies":[{"name":"wp","href":"https:\/\/api.w.org\/{rel}","templated":true}]}}