{"id":937,"date":"2024-11-04T15:19:06","date_gmt":"2024-11-04T18:19:06","guid":{"rendered":"https:\/\/www.acsc.com.br\/santacatarina\/?p=937"},"modified":"2024-11-04T15:19:06","modified_gmt":"2024-11-04T18:19:06","slug":"festa-da-familia","status":"publish","type":"post","link":"https:\/\/www.acsc.com.br\/santacatarina\/2024\/11\/04\/festa-da-familia\/","title":{"rendered":"Festa da Fam\u00edlia"},"content":{"rendered":"<p>No \u00faltimo s\u00e1bado, dia 26 de outubro, realizamos com grande entusiasmo a nossa tradicional Festa da Fam\u00edlia. Esse evento especial, que abre as portas do Col\u00e9gio Santa Catarina para a comunidade escolar e o p\u00fablico externo, celebrou n\u00e3o apenas a uni\u00e3o de nossas fam\u00edlias, mas tamb\u00e9m os 200 anos de imigra\u00e7\u00e3o alem\u00e3, ressaltando as ra\u00edzes culturais que compartilhamos com orgulho e a valoriza\u00e7\u00e3o da cultura ga\u00facha.<\/p>\n<p>A programa\u00e7\u00e3o teve in\u00edcio com uma missa eucar\u00edstica, momento de profunda reflex\u00e3o e comunh\u00e3o, que contou com a presen\u00e7a de alunos, familiares e amigos, todos unidos pela f\u00e9 e pelo sentimento de gratid\u00e3o. Em seguida, tivemos o show de abertura, protagonizado pelas talentosas alunas da turma 51, que realizaram dan\u00e7as t\u00edpicas da cultura ga\u00facha e alem\u00e3.<\/p>\n<p>As apresenta\u00e7\u00f5es continuaram com as turmas da Educa\u00e7\u00e3o Infantil e dos Anos Iniciais (1\u00ba ao 3\u00ba ano), que se uniram para representar as virtudes que tanto valorizamos e cultivamos em nossa tradi\u00e7\u00e3o. Cada performance trouxe \u00e0 tona qualidades que definem a nossa identidade e esp\u00edrito, como coragem, sabedoria, positividade, f\u00e9, paz, alegria, afeto, perseveran\u00e7a, amor e uni\u00e3o. Foi um momento inspirador, que ressalta o comprometimento dos alunos e professores em honrar essas virtudes.<\/p>\n<p>Ao longo da festa, contamos tamb\u00e9m com a participa\u00e7\u00e3o de diversos <em>food trucks<\/em> que, com suas variadas op\u00e7\u00f5es gastron\u00f4micas, trouxeram sabores deliciosos e momentos de confraterniza\u00e7\u00e3o para todos os presentes. Al\u00e9m disso, o Col\u00e9gio organizou uma s\u00e9rie de brincadeiras e atividades recreativas com brindes, criando uma atmosfera de alegria e divers\u00e3o para toda a fam\u00edlia.<\/p>\n<p>Ao encerrarmos essa celebra\u00e7\u00e3o, desejamos que as virtudes apresentadas e vividas nesta festa possam acompanhar todas as fam\u00edlias, iluminando e aben\u00e7oando cada lar com o mesmo amor e dedica\u00e7\u00e3o que s\u00e3o o alicerce de nossa Institui\u00e7\u00e3o.<\/p>\n<p>Veja mais fotos no Flickr: <a href=\"https:\/\/www.flickr.com\/photos\/colegiosantanh\/albums\/72177720321565028\">https:\/\/www.flickr.com\/photos\/colegiosantanh\/albums\/72177720321565028<\/a>.<\/p>\n<p>&nbsp;<\/p>\n<div class=\"w-gallery cols_3 link_file\"><div class=\"w-gallery-list\"><a class=\"w-gallery-item order_1\" href=\"https:\/\/www.acsc.com.br\/santacatarina\/wp-content\/uploads\/sites\/2\/2024\/11\/7.jpg\" title=\"7\"><div class=\"w-gallery-item-img\"><img loading=\"lazy\" decoding=\"async\" width=\"150\" height=\"150\" src=\"https:\/\/www.acsc.com.br\/santacatarina\/wp-content\/uploads\/sites\/2\/2024\/11\/7-150x150.jpg\" class=\"attachment-thumbnail size-thumbnail\" alt=\"\" \/><\/div><\/a><a class=\"w-gallery-item order_2\" href=\"https:\/\/www.acsc.com.br\/santacatarina\/wp-content\/uploads\/sites\/2\/2024\/11\/3-1.jpg\" title=\"3\"><div class=\"w-gallery-item-img\"><img loading=\"lazy\" decoding=\"async\" width=\"150\" height=\"150\" src=\"https:\/\/www.acsc.com.br\/santacatarina\/wp-content\/uploads\/sites\/2\/2024\/11\/3-1-150x150.jpg\" class=\"attachment-thumbnail size-thumbnail\" alt=\"\" \/><\/div><\/a><a class=\"w-gallery-item order_3\" href=\"https:\/\/www.acsc.com.br\/santacatarina\/wp-content\/uploads\/sites\/2\/2024\/11\/9.jpg\" title=\"9\"><div class=\"w-gallery-item-img\"><img loading=\"lazy\" decoding=\"async\" width=\"150\" height=\"150\" src=\"https:\/\/www.acsc.com.br\/santacatarina\/wp-content\/uploads\/sites\/2\/2024\/11\/9-150x150.jpg\" class=\"attachment-thumbnail size-thumbnail\" alt=\"\" \/><\/div><\/a><a class=\"w-gallery-item order_4\" href=\"https:\/\/www.acsc.com.br\/santacatarina\/wp-content\/uploads\/sites\/2\/2024\/11\/8.jpg\" title=\"8\"><div class=\"w-gallery-item-img\"><img loading=\"lazy\" decoding=\"async\" width=\"150\" height=\"150\" src=\"https:\/\/www.acsc.com.br\/santacatarina\/wp-content\/uploads\/sites\/2\/2024\/11\/8-150x150.jpg\" class=\"attachment-thumbnail size-thumbnail\" alt=\"\" \/><\/div><\/a><a class=\"w-gallery-item order_5\" href=\"https:\/\/www.acsc.com.br\/santacatarina\/wp-content\/uploads\/sites\/2\/2024\/11\/4-1.jpg\" title=\"4\"><div class=\"w-gallery-item-img\"><img loading=\"lazy\" decoding=\"async\" width=\"150\" height=\"150\" src=\"https:\/\/www.acsc.com.br\/santacatarina\/wp-content\/uploads\/sites\/2\/2024\/11\/4-1-150x150.jpg\" class=\"attachment-thumbnail size-thumbnail\" alt=\"\" \/><\/div><\/a><a class=\"w-gallery-item order_6\" href=\"https:\/\/www.acsc.com.br\/santacatarina\/wp-content\/uploads\/sites\/2\/2024\/11\/6-1.jpg\" title=\"6\"><div class=\"w-gallery-item-img\"><img loading=\"lazy\" decoding=\"async\" width=\"150\" height=\"150\" src=\"https:\/\/www.acsc.com.br\/santacatarina\/wp-content\/uploads\/sites\/2\/2024\/11\/6-1-150x150.jpg\" class=\"attachment-thumbnail size-thumbnail\" alt=\"\" \/><\/div><\/a><a class=\"w-gallery-item order_7\" href=\"https:\/\/www.acsc.com.br\/santacatarina\/wp-content\/uploads\/sites\/2\/2024\/11\/5-1.jpg\" title=\"5\"><div class=\"w-gallery-item-img\"><img loading=\"lazy\" decoding=\"async\" width=\"150\" height=\"150\" src=\"https:\/\/www.acsc.com.br\/santacatarina\/wp-content\/uploads\/sites\/2\/2024\/11\/5-1-150x150.jpg\" class=\"attachment-thumbnail size-thumbnail\" alt=\"\" \/><\/div><\/a><a class=\"w-gallery-item order_8\" href=\"https:\/\/www.acsc.com.br\/santacatarina\/wp-content\/uploads\/sites\/2\/2024\/11\/1-CAPA-1.jpg\" title=\"1 (CAPA)\"><div class=\"w-gallery-item-img\"><img loading=\"lazy\" decoding=\"async\" width=\"150\" height=\"150\" src=\"https:\/\/www.acsc.com.br\/santacatarina\/wp-content\/uploads\/sites\/2\/2024\/11\/1-CAPA-1-150x150.jpg\" class=\"attachment-thumbnail size-thumbnail\" alt=\"\" \/><\/div><\/a><a class=\"w-gallery-item order_9\" href=\"https:\/\/www.acsc.com.br\/santacatarina\/wp-content\/uploads\/sites\/2\/2024\/11\/2-1.jpg\" title=\"2\"><div class=\"w-gallery-item-img\"><img loading=\"lazy\" decoding=\"async\" width=\"150\" height=\"150\" src=\"https:\/\/www.acsc.com.br\/santacatarina\/wp-content\/uploads\/sites\/2\/2024\/11\/2-1-150x150.jpg\" class=\"attachment-thumbnail size-thumbnail\" alt=\"\" \/><\/div><\/a><\/div><\/div>\n","protected":false},"excerpt":{"rendered":"<p>No \u00faltimo s\u00e1bado, dia 26 de outubro, realizamos com grande entusiasmo a nossa tradicional Festa da Fam\u00edlia. Esse evento especial, que abre as portas do Col\u00e9gio Santa Catarina para a comunidade escolar e o p\u00fablico externo, celebrou n\u00e3o apenas a uni\u00e3o de nossas fam\u00edlias, mas tamb\u00e9m os 200 anos de imigra\u00e7\u00e3o alem\u00e3, ressaltando as ra\u00edzes&#8230;<\/p>\n","protected":false},"author":1,"featured_media":945,"comment_status":"closed","ping_status":"closed","sticky":false,"template":"","format":"standard","meta":{"_acf_changed":false,"footnotes":""},"categories":[1],"tags":[],"class_list":["post-937","post","type-post","status-publish","format-standard","has-post-thumbnail","hentry","category-noticias"],"acf":[],"_links":{"self":[{"href":"https:\/\/www.acsc.com.br\/santacatarina\/wp-json\/wp\/v2\/posts\/937","targetHints":{"allow":["GET"]}}],"collection":[{"href":"https:\/\/www.acsc.com.br\/santacatarina\/wp-json\/wp\/v2\/posts"}],"about":[{"href":"https:\/\/www.acsc.com.br\/santacatarina\/wp-json\/wp\/v2\/types\/post"}],"author":[{"embeddable":true,"href":"https:\/\/www.acsc.com.br\/santacatarina\/wp-json\/wp\/v2\/users\/1"}],"replies":[{"embeddable":true,"href":"https:\/\/www.acsc.com.br\/santacatarina\/wp-json\/wp\/v2\/comments?post=937"}],"version-history":[{"count":1,"href":"https:\/\/www.acsc.com.br\/santacatarina\/wp-json\/wp\/v2\/posts\/937\/revisions"}],"predecessor-version":[{"id":947,"href":"https:\/\/www.acsc.com.br\/santacatarina\/wp-json\/wp\/v2\/posts\/937\/revisions\/947"}],"wp:featuredmedia":[{"embeddable":true,"href":"https:\/\/www.acsc.com.br\/santacatarina\/wp-json\/wp\/v2\/media\/945"}],"wp:attachment":[{"href":"https:\/\/www.acsc.com.br\/santacatarina\/wp-json\/wp\/v2\/media?parent=937"}],"wp:term":[{"taxonomy":"category","embeddable":true,"href":"https:\/\/www.acsc.com.br\/santacatarina\/wp-json\/wp\/v2\/categories?post=937"},{"taxonomy":"post_tag","embeddable":true,"href":"https:\/\/www.acsc.com.br\/santacatarina\/wp-json\/wp\/v2\/tags?post=937"}],"curies":[{"name":"wp","href":"https:\/\/api.w.org\/{rel}","templated":true}]}}