{"id":930,"date":"2024-11-04T15:08:49","date_gmt":"2024-11-04T18:08:49","guid":{"rendered":"https:\/\/www.acsc.com.br\/santacatarina\/?p=930"},"modified":"2024-11-04T15:08:49","modified_gmt":"2024-11-04T18:08:49","slug":"exposicao-na-mostratec","status":"publish","type":"post","link":"https:\/\/www.acsc.com.br\/santacatarina\/2024\/11\/04\/exposicao-na-mostratec\/","title":{"rendered":"Exposi\u00e7\u00e3o na Mostratec"},"content":{"rendered":"<p>Entre os dias 22 e 24 de outubro, alunos do Col\u00e9gio Santa Catarina participaram da Mostratec e Mostratec J\u00fanior, apresentando projetos inovadores para avaliadores especializados. A participa\u00e7\u00e3o em ambas as feiras reafirma o compromisso do Col\u00e9gio com a inicia\u00e7\u00e3o cient\u00edfica e o desenvolvimento de solu\u00e7\u00f5es para temas relevantes.<\/p>\n<p><strong>Mostratec<\/strong><\/p>\n<p>No Ensino M\u00e9dio, a participa\u00e7\u00e3o na Mostratec foi marcada por projetos que unem tecnologia e inova\u00e7\u00e3o.<\/p>\n<ul>\n<li><strong>\u201cPlataforma de aprendizagem de L\u00edngua Brasileira de Sinais atrav\u00e9s da intelig\u00eancia artificial\u201d<\/strong> &#8211; Criado por Ana Paula Teixeira, Maria Eduarda Teles e Mariana Krummenauer, da Turma 310, orientadas pela professora Giele Rocha Dorneles, o projeto utiliza intelig\u00eancia artificial para facilitar o aprendizado da L\u00edngua Brasileira de Sinais.<\/li>\n<li><strong>\u201cDesenvolvimento de um biopol\u00edmero a partir do baga\u00e7o de cevada como filamento para impress\u00e3o 3D\u201d<\/strong> &#8211; Francisco Assis Sturmer Neto, Leonardo Corneli Pavani e Vin\u00edcius Sudekum de Siqueira, da Turma 310, orientados pela professora C\u00edntia Jung Bonenberger Ramos, exploraram o uso de res\u00edduos de cevada para desenvolver um biopol\u00edmero aplic\u00e1vel na impress\u00e3o 3D, propondo uma alternativa sustent\u00e1vel ao pl\u00e1stico.<\/li>\n<\/ul>\n<p><strong>Mostratec J\u00fanior<\/strong><\/p>\n<p>Na Mostratec J\u00fanior, os alunos do Ensino Fundamental se destacaram com trabalhos que exploraram temas importantes para a sociedade e o meio ambiente.<\/p>\n<ul>\n<li><strong>\u201cTem um PI, PI, PI no meio da aula: um estudo de caso sobre o diabetes infantil\u201d<\/strong> \u2013 Trabalho da turma 41 sendo representado pelos alunos Lav\u00ednia Becker Sturmer, Davi Fabiano Tittoni Bombardeli e Cibeli Porazzi Behrend, sob orienta\u00e7\u00e3o da professora Tatiana Maria Daudt Rodrigues.<\/li>\n<li><strong>\u201cCapacidade de sequestro de carbono de \u00e1rvore do matinho do Santa\u201d<\/strong> &#8211; Projeto de Martina Ruggeri Cabrera e Ant\u00f4nia Sturmer Ferrarese, da turma 81, orientadas pela professora C\u00edntia Jung Bonenberger Ramos, que explora o potencial das \u00e1rvores locais para a absor\u00e7\u00e3o de carbono.<\/li>\n<li><strong>\u201cProdu\u00e7\u00e3o de pl\u00e1sticos biodegrad\u00e1veis a partir do aipim e seus impactos ambientais\u201d<\/strong> &#8211; Com foco na sustentabilidade, as alunas Maria Eduarda Rosin Lisboa, Mariana Mor\u00e9s Breitenbach e Sofia Juchum, da turma 91, sob orienta\u00e7\u00e3o do professor Ricardo Thormann Scherer, apresentaram uma alternativa sustent\u00e1vel ao pl\u00e1stico convencional.<\/li>\n<\/ul>\n<p>A participa\u00e7\u00e3o dos alunos na Mostratec e Mostratec J\u00fanior evidencia a dedica\u00e7\u00e3o do Col\u00e9gio em fomentar a pesquisa cient\u00edfica e o desenvolvimento de solu\u00e7\u00f5es inovadoras, preparando seus estudantes para enfrentar os desafios do futuro.<\/p>\n<div class=\"w-gallery cols_3 link_file\"><div class=\"w-gallery-list\"><a class=\"w-gallery-item order_1\" href=\"https:\/\/www.acsc.com.br\/santacatarina\/wp-content\/uploads\/sites\/2\/2024\/11\/81.jpeg\" title=\"81\"><div class=\"w-gallery-item-img\"><img loading=\"lazy\" decoding=\"async\" width=\"150\" height=\"150\" src=\"https:\/\/www.acsc.com.br\/santacatarina\/wp-content\/uploads\/sites\/2\/2024\/11\/81-150x150.jpeg\" class=\"attachment-thumbnail size-thumbnail\" alt=\"\" \/><\/div><\/a><a class=\"w-gallery-item order_2\" href=\"https:\/\/www.acsc.com.br\/santacatarina\/wp-content\/uploads\/sites\/2\/2024\/11\/310-meninas.jpeg\" title=\"310 meninas\"><div class=\"w-gallery-item-img\"><img loading=\"lazy\" decoding=\"async\" width=\"150\" height=\"150\" src=\"https:\/\/www.acsc.com.br\/santacatarina\/wp-content\/uploads\/sites\/2\/2024\/11\/310-meninas-150x150.jpeg\" class=\"attachment-thumbnail size-thumbnail\" alt=\"\" \/><\/div><\/a><a class=\"w-gallery-item order_3\" href=\"https:\/\/www.acsc.com.br\/santacatarina\/wp-content\/uploads\/sites\/2\/2024\/11\/41-CAPA.jpeg\" title=\"41 (CAPA)\"><div class=\"w-gallery-item-img\"><img loading=\"lazy\" decoding=\"async\" width=\"150\" height=\"150\" src=\"https:\/\/www.acsc.com.br\/santacatarina\/wp-content\/uploads\/sites\/2\/2024\/11\/41-CAPA-150x150.jpeg\" class=\"attachment-thumbnail size-thumbnail\" alt=\"\" \/><\/div><\/a><a class=\"w-gallery-item order_4\" href=\"https:\/\/www.acsc.com.br\/santacatarina\/wp-content\/uploads\/sites\/2\/2024\/11\/91.jpeg\" title=\"91\"><div class=\"w-gallery-item-img\"><img loading=\"lazy\" decoding=\"async\" width=\"150\" height=\"150\" src=\"https:\/\/www.acsc.com.br\/santacatarina\/wp-content\/uploads\/sites\/2\/2024\/11\/91-150x150.jpeg\" class=\"attachment-thumbnail size-thumbnail\" alt=\"\" \/><\/div><\/a><a class=\"w-gallery-item order_5\" href=\"https:\/\/www.acsc.com.br\/santacatarina\/wp-content\/uploads\/sites\/2\/2024\/11\/310-meninos.jpeg\" title=\"310 meninos\"><div class=\"w-gallery-item-img\"><img loading=\"lazy\" decoding=\"async\" width=\"150\" height=\"150\" src=\"https:\/\/www.acsc.com.br\/santacatarina\/wp-content\/uploads\/sites\/2\/2024\/11\/310-meninos-150x150.jpeg\" class=\"attachment-thumbnail size-thumbnail\" alt=\"\" \/><\/div><\/a><\/div><\/div>\n","protected":false},"excerpt":{"rendered":"<p>Entre os dias 22 e 24 de outubro, alunos do Col\u00e9gio Santa Catarina participaram da Mostratec e Mostratec J\u00fanior, apresentando projetos inovadores para avaliadores especializados. A participa\u00e7\u00e3o em ambas as feiras reafirma o compromisso do Col\u00e9gio com a inicia\u00e7\u00e3o cient\u00edfica e o desenvolvimento de solu\u00e7\u00f5es para temas relevantes. Mostratec No Ensino M\u00e9dio, a participa\u00e7\u00e3o na&#8230;<\/p>\n","protected":false},"author":1,"featured_media":933,"comment_status":"closed","ping_status":"closed","sticky":false,"template":"","format":"standard","meta":{"_acf_changed":false,"footnotes":""},"categories":[1],"tags":[],"class_list":["post-930","post","type-post","status-publish","format-standard","has-post-thumbnail","hentry","category-noticias"],"acf":[],"_links":{"self":[{"href":"https:\/\/www.acsc.com.br\/santacatarina\/wp-json\/wp\/v2\/posts\/930","targetHints":{"allow":["GET"]}}],"collection":[{"href":"https:\/\/www.acsc.com.br\/santacatarina\/wp-json\/wp\/v2\/posts"}],"about":[{"href":"https:\/\/www.acsc.com.br\/santacatarina\/wp-json\/wp\/v2\/types\/post"}],"author":[{"embeddable":true,"href":"https:\/\/www.acsc.com.br\/santacatarina\/wp-json\/wp\/v2\/users\/1"}],"replies":[{"embeddable":true,"href":"https:\/\/www.acsc.com.br\/santacatarina\/wp-json\/wp\/v2\/comments?post=930"}],"version-history":[{"count":1,"href":"https:\/\/www.acsc.com.br\/santacatarina\/wp-json\/wp\/v2\/posts\/930\/revisions"}],"predecessor-version":[{"id":936,"href":"https:\/\/www.acsc.com.br\/santacatarina\/wp-json\/wp\/v2\/posts\/930\/revisions\/936"}],"wp:featuredmedia":[{"embeddable":true,"href":"https:\/\/www.acsc.com.br\/santacatarina\/wp-json\/wp\/v2\/media\/933"}],"wp:attachment":[{"href":"https:\/\/www.acsc.com.br\/santacatarina\/wp-json\/wp\/v2\/media?parent=930"}],"wp:term":[{"taxonomy":"category","embeddable":true,"href":"https:\/\/www.acsc.com.br\/santacatarina\/wp-json\/wp\/v2\/categories?post=930"},{"taxonomy":"post_tag","embeddable":true,"href":"https:\/\/www.acsc.com.br\/santacatarina\/wp-json\/wp\/v2\/tags?post=930"}],"curies":[{"name":"wp","href":"https:\/\/api.w.org\/{rel}","templated":true}]}}