{"id":919,"date":"2024-11-04T15:02:41","date_gmt":"2024-11-04T18:02:41","guid":{"rendered":"https:\/\/www.acsc.com.br\/santacatarina\/?p=919"},"modified":"2024-11-04T15:02:41","modified_gmt":"2024-11-04T18:02:41","slug":"floresta-encantada","status":"publish","type":"post","link":"https:\/\/www.acsc.com.br\/santacatarina\/2024\/11\/04\/floresta-encantada\/","title":{"rendered":"Floresta Encantada"},"content":{"rendered":"<p><span style=\"font-weight: 400;\">No dia 10 de outubro, celebrando a Semana da Crian\u00e7a, a 3\u00aa s\u00e9rie do Ensino M\u00e9dio do Col\u00e9gio Santa Catarina preparou uma atividade especial para os alunos da Educa\u00e7\u00e3o Infantil e das S\u00e9ries Iniciais: a <\/span><i><span style=\"font-weight: 400;\">Floresta Encantada<\/span><\/i><span style=\"font-weight: 400;\">. Sob a coordena\u00e7\u00e3o das professoras Aline Daiane Nervo Vanner e Marla Cristine Madeira Pereira, os alunos do terceir\u00e3o assumiram pap\u00e9is de personagens infantis, como Homem-Aranha, Rapunzel, M\u00e1rio Bros, Bela e muitos outros, proporcionando uma experi\u00eancia m\u00e1gica e inesquec\u00edvel para os pequenos.<\/span><\/p>\n<p><span style=\"font-weight: 400;\">A ideia para a <\/span><i><span style=\"font-weight: 400;\">Floresta Encantada<\/span><\/i><span style=\"font-weight: 400;\"> surgiu na disciplina de Projeto de Vida e foi abra\u00e7ada com entusiasmo pelos alunos do Ensino M\u00e9dio, que se dedicaram ao m\u00e1ximo para criar um momento m\u00e1gico. Durante a atividade, as crian\u00e7as foram guiadas por uma trilha encantada em busca de um tesouro: sua lembrancinha especial de Dia das Crian\u00e7as. Ao receberem o p\u00f3 de <\/span><i><span style=\"font-weight: 400;\">pirlimpimpim<\/span><\/i><span style=\"font-weight: 400;\"> e entrarem no arm\u00e1rio encantado, as crian\u00e7as mergulhavam em um mundo de fantasia, onde cada detalhe foi pensado para tornar a experi\u00eancia ainda mais envolvente.<\/span><\/p>\n<p><span style=\"font-weight: 400;\">A professora Aline Daiane Nervo Vanner destacou a import\u00e2ncia do momento: \u201cFoi um momento maravilhoso de integra\u00e7\u00e3o entre as crian\u00e7as e os alunos da 3\u00aa s\u00e9rie. Desde o surgimento da ideia, os alunos se dedicaram com entusiasmo e carinho. No dia da atividade, a empolga\u00e7\u00e3o era contagiante. A magia tomava conta de todos quando as crian\u00e7as iniciavam a busca pelo tesouro na floresta encantada, criando mem\u00f3rias afetivas que ser\u00e3o lembradas com carinho.\u201d<\/span><\/p>\n<p><span style=\"font-weight: 400;\">A professora Marla Cristine Madeira Pereira tamb\u00e9m compartilhou sua satisfa\u00e7\u00e3o com o projeto: \u201cParticipar da organiza\u00e7\u00e3o foi gratificante. Montamos um roteiro detalhado para guiar as crian\u00e7as pela trilha da <\/span><i><span style=\"font-weight: 400;\">Floresta Encantada<\/span><\/i><span style=\"font-weight: 400;\"> do Santa Catarina. Os alunos escolheram seus personagens, demonstrando muita criatividade e comprometimento. A anima\u00e7\u00e3o e o empenho de todos resultaram em uma experi\u00eancia final excelente, onde cada detalhe encantou as crian\u00e7as.&#8221;<\/span><\/p>\n<p><span style=\"font-weight: 400;\">A <\/span><i><span style=\"font-weight: 400;\">Floresta Encantada<\/span><\/i><span style=\"font-weight: 400;\"> foi um momento de integra\u00e7\u00e3o e aprendizado, onde os alunos do Ensino M\u00e9dio, ao interagirem com as crian\u00e7as, desenvolveram habilidades de empatia e lideran\u00e7a. A atividade refor\u00e7a o compromisso do Col\u00e9gio Santa Catarina em promover viv\u00eancias educacionais significativas que valorizam o desenvolvimento social e emocional de seus alunos, em todas as fases da forma\u00e7\u00e3o escolar.<\/span><\/p>\n<p><span style=\"font-weight: 400;\">Veja mais fotos desse evento no nosso Flickr: <\/span><a href=\"https:\/\/www.flickr.com\/photos\/colegiosantanh\/albums\/72177720321699497\"><span style=\"font-weight: 400;\">https:\/\/www.flickr.com\/photos\/colegiosantanh\/albums\/72177720321699497<\/span><\/a><span style=\"font-weight: 400;\">.<\/span><\/p>\n<p>&nbsp;<\/p>\n<div class=\"w-gallery cols_3 link_file\"><div class=\"w-gallery-list\"><a class=\"w-gallery-item order_1\" href=\"https:\/\/www.acsc.com.br\/santacatarina\/wp-content\/uploads\/sites\/2\/2024\/11\/2.jpg\" title=\"2\"><div class=\"w-gallery-item-img\"><img loading=\"lazy\" decoding=\"async\" width=\"150\" height=\"150\" src=\"https:\/\/www.acsc.com.br\/santacatarina\/wp-content\/uploads\/sites\/2\/2024\/11\/2-150x150.jpg\" class=\"attachment-thumbnail size-thumbnail\" alt=\"\" \/><\/div><\/a><a class=\"w-gallery-item order_2\" href=\"https:\/\/www.acsc.com.br\/santacatarina\/wp-content\/uploads\/sites\/2\/2024\/11\/4.jpg\" title=\"4\"><div class=\"w-gallery-item-img\"><img loading=\"lazy\" decoding=\"async\" width=\"150\" height=\"150\" src=\"https:\/\/www.acsc.com.br\/santacatarina\/wp-content\/uploads\/sites\/2\/2024\/11\/4-150x150.jpg\" class=\"attachment-thumbnail size-thumbnail\" alt=\"\" \/><\/div><\/a><a class=\"w-gallery-item order_3\" href=\"https:\/\/www.acsc.com.br\/santacatarina\/wp-content\/uploads\/sites\/2\/2024\/11\/6.jpg\" title=\"6\"><div class=\"w-gallery-item-img\"><img loading=\"lazy\" decoding=\"async\" width=\"150\" height=\"150\" src=\"https:\/\/www.acsc.com.br\/santacatarina\/wp-content\/uploads\/sites\/2\/2024\/11\/6-150x150.jpg\" class=\"attachment-thumbnail size-thumbnail\" alt=\"\" \/><\/div><\/a><a class=\"w-gallery-item order_4\" href=\"https:\/\/www.acsc.com.br\/santacatarina\/wp-content\/uploads\/sites\/2\/2024\/11\/3.jpg\" title=\"3\"><div class=\"w-gallery-item-img\"><img loading=\"lazy\" decoding=\"async\" width=\"150\" height=\"150\" src=\"https:\/\/www.acsc.com.br\/santacatarina\/wp-content\/uploads\/sites\/2\/2024\/11\/3-150x150.jpg\" class=\"attachment-thumbnail size-thumbnail\" alt=\"\" \/><\/div><\/a><a class=\"w-gallery-item order_5\" href=\"https:\/\/www.acsc.com.br\/santacatarina\/wp-content\/uploads\/sites\/2\/2024\/11\/1-CAPA.jpg\" title=\"1 (CAPA)\"><div class=\"w-gallery-item-img\"><img loading=\"lazy\" decoding=\"async\" width=\"150\" height=\"150\" src=\"https:\/\/www.acsc.com.br\/santacatarina\/wp-content\/uploads\/sites\/2\/2024\/11\/1-CAPA-150x150.jpg\" class=\"attachment-thumbnail size-thumbnail\" alt=\"\" \/><\/div><\/a><a class=\"w-gallery-item order_6\" href=\"https:\/\/www.acsc.com.br\/santacatarina\/wp-content\/uploads\/sites\/2\/2024\/11\/9.jpeg\" title=\"9\"><div class=\"w-gallery-item-img\"><img loading=\"lazy\" decoding=\"async\" width=\"150\" height=\"150\" src=\"https:\/\/www.acsc.com.br\/santacatarina\/wp-content\/uploads\/sites\/2\/2024\/11\/9-150x150.jpeg\" class=\"attachment-thumbnail size-thumbnail\" alt=\"\" \/><\/div><\/a><a class=\"w-gallery-item order_7\" href=\"https:\/\/www.acsc.com.br\/santacatarina\/wp-content\/uploads\/sites\/2\/2024\/11\/7.jpeg\" title=\"7\"><div class=\"w-gallery-item-img\"><img loading=\"lazy\" decoding=\"async\" width=\"150\" height=\"150\" src=\"https:\/\/www.acsc.com.br\/santacatarina\/wp-content\/uploads\/sites\/2\/2024\/11\/7-150x150.jpeg\" class=\"attachment-thumbnail size-thumbnail\" alt=\"\" \/><\/div><\/a><a class=\"w-gallery-item order_8\" href=\"https:\/\/www.acsc.com.br\/santacatarina\/wp-content\/uploads\/sites\/2\/2024\/11\/5.jpg\" title=\"5\"><div class=\"w-gallery-item-img\"><img loading=\"lazy\" decoding=\"async\" width=\"150\" height=\"150\" src=\"https:\/\/www.acsc.com.br\/santacatarina\/wp-content\/uploads\/sites\/2\/2024\/11\/5-150x150.jpg\" class=\"attachment-thumbnail size-thumbnail\" alt=\"\" \/><\/div><\/a><a class=\"w-gallery-item order_9\" href=\"https:\/\/www.acsc.com.br\/santacatarina\/wp-content\/uploads\/sites\/2\/2024\/11\/8.jpeg\" title=\"8\"><div class=\"w-gallery-item-img\"><img loading=\"lazy\" decoding=\"async\" width=\"150\" height=\"150\" src=\"https:\/\/www.acsc.com.br\/santacatarina\/wp-content\/uploads\/sites\/2\/2024\/11\/8-150x150.jpeg\" class=\"attachment-thumbnail size-thumbnail\" alt=\"\" \/><\/div><\/a><\/div><\/div>\n","protected":false},"excerpt":{"rendered":"<p>No dia 10 de outubro, celebrando a Semana da Crian\u00e7a, a 3\u00aa s\u00e9rie do Ensino M\u00e9dio do Col\u00e9gio Santa Catarina preparou uma atividade especial para os alunos da Educa\u00e7\u00e3o Infantil e das S\u00e9ries Iniciais: a Floresta Encantada. Sob a coordena\u00e7\u00e3o das professoras Aline Daiane Nervo Vanner e Marla Cristine Madeira Pereira, os alunos do terceir\u00e3o&#8230;<\/p>\n","protected":false},"author":1,"featured_media":924,"comment_status":"closed","ping_status":"closed","sticky":false,"template":"","format":"standard","meta":{"_acf_changed":false,"footnotes":""},"categories":[1],"tags":[],"class_list":["post-919","post","type-post","status-publish","format-standard","has-post-thumbnail","hentry","category-noticias"],"acf":[],"_links":{"self":[{"href":"https:\/\/www.acsc.com.br\/santacatarina\/wp-json\/wp\/v2\/posts\/919","targetHints":{"allow":["GET"]}}],"collection":[{"href":"https:\/\/www.acsc.com.br\/santacatarina\/wp-json\/wp\/v2\/posts"}],"about":[{"href":"https:\/\/www.acsc.com.br\/santacatarina\/wp-json\/wp\/v2\/types\/post"}],"author":[{"embeddable":true,"href":"https:\/\/www.acsc.com.br\/santacatarina\/wp-json\/wp\/v2\/users\/1"}],"replies":[{"embeddable":true,"href":"https:\/\/www.acsc.com.br\/santacatarina\/wp-json\/wp\/v2\/comments?post=919"}],"version-history":[{"count":1,"href":"https:\/\/www.acsc.com.br\/santacatarina\/wp-json\/wp\/v2\/posts\/919\/revisions"}],"predecessor-version":[{"id":929,"href":"https:\/\/www.acsc.com.br\/santacatarina\/wp-json\/wp\/v2\/posts\/919\/revisions\/929"}],"wp:featuredmedia":[{"embeddable":true,"href":"https:\/\/www.acsc.com.br\/santacatarina\/wp-json\/wp\/v2\/media\/924"}],"wp:attachment":[{"href":"https:\/\/www.acsc.com.br\/santacatarina\/wp-json\/wp\/v2\/media?parent=919"}],"wp:term":[{"taxonomy":"category","embeddable":true,"href":"https:\/\/www.acsc.com.br\/santacatarina\/wp-json\/wp\/v2\/categories?post=919"},{"taxonomy":"post_tag","embeddable":true,"href":"https:\/\/www.acsc.com.br\/santacatarina\/wp-json\/wp\/v2\/tags?post=919"}],"curies":[{"name":"wp","href":"https:\/\/api.w.org\/{rel}","templated":true}]}}