{"id":890,"date":"2024-09-10T21:21:43","date_gmt":"2024-09-11T00:21:43","guid":{"rendered":"https:\/\/www.acsc.com.br\/santacatarina\/?p=890"},"modified":"2024-09-10T21:21:43","modified_gmt":"2024-09-11T00:21:43","slug":"xii-mostra-multidisciplinar","status":"publish","type":"post","link":"https:\/\/www.acsc.com.br\/santacatarina\/2024\/09\/10\/xii-mostra-multidisciplinar\/","title":{"rendered":"XII Mostra Multidisciplinar"},"content":{"rendered":"<p><span style=\"font-weight: 400;\">Nos dias 30 e 31 de agosto, o Col\u00e9gio Santa Catarina realizou a XII Mostra Multidisciplinar, um evento que reuniu alunos e a comunidade escolar para prestigiar a apresenta\u00e7\u00e3o de trabalhos cient\u00edficos dos estudantes. Na sexta-feira, 30\/08, os alunos do 5\u00ba ano ao Ensino M\u00e9dio apresentaram seus trabalhos para avaliadores durante a manh\u00e3. \u00c0 tarde, das 15h \u00e0s 17h, a Mostra foi aberta para a comunidade escolar, que teve a oportunidade de visitar e explorar o conte\u00fado dos projetos.<\/span><\/p>\n<p><span style=\"font-weight: 400;\">No s\u00e1bado letivo, 31\/08, os alunos, desde a Educa\u00e7\u00e3o Infantil at\u00e9 o Ensino M\u00e9dio, exibiram seus projetos para todos os interessados. Seguem alguns dos t\u00edtulos apresentados:<\/span><\/p>\n<p><b>Educa\u00e7\u00e3o Infantil:<\/b><\/p>\n<ul>\n<li style=\"font-weight: 400;\" aria-level=\"1\"><b>Turma 03T1:<\/b><span style=\"font-weight: 400;\"> Patrulheiros em a\u00e7\u00e3o;<\/span><\/li>\n<li style=\"font-weight: 400;\" aria-level=\"1\"><b>Turma 04T1:<\/b><span style=\"font-weight: 400;\"> Nuvens no ch\u00e3o, nuvens de algod\u00e3o;<\/span><\/li>\n<li style=\"font-weight: 400;\" aria-level=\"1\"><b>Turma 05T1:<\/b><span style=\"font-weight: 400;\"> Energia est\u00e1tica no escorregador da pracinha da Escola;<\/span><\/li>\n<\/ul>\n<p><b>S\u00e9ries Iniciais:<\/b><\/p>\n<ul>\n<li style=\"font-weight: 400;\" aria-level=\"1\"><b>Turma 11:<\/b><span style=\"font-weight: 400;\"> Minha Escola \u00e9 verde;<\/span><\/li>\n<li style=\"font-weight: 400;\" aria-level=\"1\"><b>Turma 12:<\/b><span style=\"font-weight: 400;\"> Preven\u00e7\u00e3o e cuidados em chamas: comportamento seguro na evacua\u00e7\u00e3o em inc\u00eandio no Col\u00e9gio Santa Catarina;<\/span><\/li>\n<li style=\"font-weight: 400;\" aria-level=\"1\"><b>Turma 13:<\/b><span style=\"font-weight: 400;\"> Meu cabelo \u00e9 assim porque moro em Novo Hamburgo?<\/span><\/li>\n<li style=\"font-weight: 400;\" aria-level=\"1\"><b>Turma 21:<\/b><span style=\"font-weight: 400;\"> Pedras preciosas: um dos tesouros da pracinha?<\/span><\/li>\n<li style=\"font-weight: 400;\" aria-level=\"1\"><b>Turma 22:<\/b><span style=\"font-weight: 400;\"> A tua mochila te ajuda ou te atrapalha?<\/span><\/li>\n<li style=\"font-weight: 400;\" aria-level=\"1\"><b>Turma 31:<\/b><span style=\"font-weight: 400;\"> Meu amigo pet: benef\u00edcios da conviv\u00eancia entre crian\u00e7as e animais;<\/span><\/li>\n<li style=\"font-weight: 400;\" aria-level=\"1\"><b>Turma 32:<\/b><span style=\"font-weight: 400;\"> Uma pir\u00e2mide em Novo Hamburgo: sonho ou possibilidade?<\/span><\/li>\n<li style=\"font-weight: 400;\" aria-level=\"1\"><b>Turma 41:<\/b><span style=\"font-weight: 400;\"> Tem um pi, pi, pi no meio da aula: um estudo de caso sobre a diabetes infantil;<\/span><\/li>\n<li style=\"font-weight: 400;\" aria-level=\"1\"><b>Turma 42:<\/b><span style=\"font-weight: 400;\"> Em qual \u00e1gua as larvas se proliferam mais?<\/span><\/li>\n<\/ul>\n<p><span style=\"font-weight: 400;\">Dentro do gin\u00e1sio, com alunos do 5\u00ba ao Ensino M\u00e9dio, foram 67 trabalhos expostos que abrangem diversas \u00e1reas de estudo da tecnologia e atualidades. Al\u00e9m das apresenta\u00e7\u00f5es internas, o Col\u00e9gio Santa Catarina recebeu visitas especiais na sexta-feira. A Escola S\u00e3o Jac\u00f3, de Novo Hamburgo, p\u00f4de realizar a visita\u00e7\u00e3o dos estandes no gin\u00e1sio, assim como a Escola L\u00e2mpada M\u00e1gica, de Campo Bom, com alunos dos 9\u00ba anos que tamb\u00e9m puderam conhecer um pouquinho do nosso Ensino M\u00e9dio, realizando experimentos no laborat\u00f3rio de f\u00edsica.<\/span><\/p>\n<p><span style=\"font-weight: 400;\">A Escola Luterana S\u00e3o Mateus, em parceria com o Col\u00e9gio, tamb\u00e9m apresentou o trabalho dos seus alunos do 5\u00ba ano no gin\u00e1sio, junto com os nossos estudantes, em ambos os dias.<\/span><\/p>\n<p><span style=\"font-weight: 400;\">Este evento destaca a import\u00e2ncia da inicia\u00e7\u00e3o cient\u00edfica, permitindo que os alunos desenvolvam habilidades cr\u00edticas e investigativas desde cedo, fomentando o pensamento cient\u00edfico e a curiosidade intelectual.<\/span><\/p>\n<div class=\"w-gallery cols_3 link_file\"><div class=\"w-gallery-list\"><a class=\"w-gallery-item order_1\" href=\"https:\/\/www.acsc.com.br\/santacatarina\/wp-content\/uploads\/sites\/2\/2024\/09\/3.jpg\" title=\"3\"><div class=\"w-gallery-item-img\"><img loading=\"lazy\" decoding=\"async\" width=\"150\" height=\"150\" src=\"https:\/\/www.acsc.com.br\/santacatarina\/wp-content\/uploads\/sites\/2\/2024\/09\/3-150x150.jpg\" class=\"attachment-thumbnail size-thumbnail\" alt=\"\" \/><\/div><\/a><a class=\"w-gallery-item order_2\" href=\"https:\/\/www.acsc.com.br\/santacatarina\/wp-content\/uploads\/sites\/2\/2024\/09\/4.jpg\" title=\"4\"><div class=\"w-gallery-item-img\"><img loading=\"lazy\" decoding=\"async\" width=\"150\" height=\"150\" src=\"https:\/\/www.acsc.com.br\/santacatarina\/wp-content\/uploads\/sites\/2\/2024\/09\/4-150x150.jpg\" class=\"attachment-thumbnail size-thumbnail\" alt=\"\" \/><\/div><\/a><a class=\"w-gallery-item order_3\" href=\"https:\/\/www.acsc.com.br\/santacatarina\/wp-content\/uploads\/sites\/2\/2024\/09\/5.jpg\" title=\"5\"><div class=\"w-gallery-item-img\"><img loading=\"lazy\" decoding=\"async\" width=\"150\" height=\"150\" src=\"https:\/\/www.acsc.com.br\/santacatarina\/wp-content\/uploads\/sites\/2\/2024\/09\/5-150x150.jpg\" class=\"attachment-thumbnail size-thumbnail\" alt=\"\" \/><\/div><\/a><a class=\"w-gallery-item order_4\" href=\"https:\/\/www.acsc.com.br\/santacatarina\/wp-content\/uploads\/sites\/2\/2024\/09\/9.jpg\" title=\"9\"><div class=\"w-gallery-item-img\"><img loading=\"lazy\" decoding=\"async\" width=\"150\" height=\"150\" src=\"https:\/\/www.acsc.com.br\/santacatarina\/wp-content\/uploads\/sites\/2\/2024\/09\/9-150x150.jpg\" class=\"attachment-thumbnail size-thumbnail\" alt=\"\" \/><\/div><\/a><a class=\"w-gallery-item order_5\" href=\"https:\/\/www.acsc.com.br\/santacatarina\/wp-content\/uploads\/sites\/2\/2024\/09\/6.jpg\" title=\"6\"><div class=\"w-gallery-item-img\"><img loading=\"lazy\" decoding=\"async\" width=\"150\" height=\"150\" src=\"https:\/\/www.acsc.com.br\/santacatarina\/wp-content\/uploads\/sites\/2\/2024\/09\/6-150x150.jpg\" class=\"attachment-thumbnail size-thumbnail\" alt=\"\" \/><\/div><\/a><a class=\"w-gallery-item order_6\" href=\"https:\/\/www.acsc.com.br\/santacatarina\/wp-content\/uploads\/sites\/2\/2024\/09\/2.jpg\" title=\"2\"><div class=\"w-gallery-item-img\"><img loading=\"lazy\" decoding=\"async\" width=\"150\" height=\"150\" src=\"https:\/\/www.acsc.com.br\/santacatarina\/wp-content\/uploads\/sites\/2\/2024\/09\/2-150x150.jpg\" class=\"attachment-thumbnail size-thumbnail\" alt=\"\" \/><\/div><\/a><a class=\"w-gallery-item order_7\" href=\"https:\/\/www.acsc.com.br\/santacatarina\/wp-content\/uploads\/sites\/2\/2024\/09\/1-CAPA.jpg\" title=\"1 - CAPA\"><div class=\"w-gallery-item-img\"><img loading=\"lazy\" decoding=\"async\" width=\"150\" height=\"150\" src=\"https:\/\/www.acsc.com.br\/santacatarina\/wp-content\/uploads\/sites\/2\/2024\/09\/1-CAPA-150x150.jpg\" class=\"attachment-thumbnail size-thumbnail\" alt=\"\" \/><\/div><\/a><a class=\"w-gallery-item order_8\" href=\"https:\/\/www.acsc.com.br\/santacatarina\/wp-content\/uploads\/sites\/2\/2024\/09\/8.jpg\" title=\"8\"><div class=\"w-gallery-item-img\"><img loading=\"lazy\" decoding=\"async\" width=\"150\" height=\"150\" src=\"https:\/\/www.acsc.com.br\/santacatarina\/wp-content\/uploads\/sites\/2\/2024\/09\/8-150x150.jpg\" class=\"attachment-thumbnail size-thumbnail\" alt=\"\" \/><\/div><\/a><a class=\"w-gallery-item order_9\" href=\"https:\/\/www.acsc.com.br\/santacatarina\/wp-content\/uploads\/sites\/2\/2024\/09\/7.jpg\" title=\"7\"><div class=\"w-gallery-item-img\"><img loading=\"lazy\" decoding=\"async\" width=\"150\" height=\"150\" src=\"https:\/\/www.acsc.com.br\/santacatarina\/wp-content\/uploads\/sites\/2\/2024\/09\/7-150x150.jpg\" class=\"attachment-thumbnail size-thumbnail\" alt=\"\" \/><\/div><\/a><\/div><\/div>\n<p>&nbsp;<\/p>\n<p><span style=\"font-weight: 400;\">Veja mais fotos em: <a href=\"https:\/\/flic.kr\/s\/aHBqjBFUMR\">https:\/\/flic.kr\/s\/aHBqjBFUMR<\/a><\/span><\/p>\n","protected":false},"excerpt":{"rendered":"<p>Nos dias 30 e 31 de agosto, o Col\u00e9gio Santa Catarina realizou a XII Mostra Multidisciplinar, um evento que reuniu alunos e a comunidade escolar para prestigiar a apresenta\u00e7\u00e3o de trabalhos cient\u00edficos dos estudantes. Na sexta-feira, 30\/08, os alunos do 5\u00ba ano ao Ensino M\u00e9dio apresentaram seus trabalhos para avaliadores durante a manh\u00e3. \u00c0 tarde,&#8230;<\/p>\n","protected":false},"author":1,"featured_media":897,"comment_status":"closed","ping_status":"closed","sticky":false,"template":"","format":"standard","meta":{"_acf_changed":false,"footnotes":""},"categories":[1],"tags":[],"class_list":["post-890","post","type-post","status-publish","format-standard","has-post-thumbnail","hentry","category-noticias"],"acf":[],"_links":{"self":[{"href":"https:\/\/www.acsc.com.br\/santacatarina\/wp-json\/wp\/v2\/posts\/890","targetHints":{"allow":["GET"]}}],"collection":[{"href":"https:\/\/www.acsc.com.br\/santacatarina\/wp-json\/wp\/v2\/posts"}],"about":[{"href":"https:\/\/www.acsc.com.br\/santacatarina\/wp-json\/wp\/v2\/types\/post"}],"author":[{"embeddable":true,"href":"https:\/\/www.acsc.com.br\/santacatarina\/wp-json\/wp\/v2\/users\/1"}],"replies":[{"embeddable":true,"href":"https:\/\/www.acsc.com.br\/santacatarina\/wp-json\/wp\/v2\/comments?post=890"}],"version-history":[{"count":1,"href":"https:\/\/www.acsc.com.br\/santacatarina\/wp-json\/wp\/v2\/posts\/890\/revisions"}],"predecessor-version":[{"id":900,"href":"https:\/\/www.acsc.com.br\/santacatarina\/wp-json\/wp\/v2\/posts\/890\/revisions\/900"}],"wp:featuredmedia":[{"embeddable":true,"href":"https:\/\/www.acsc.com.br\/santacatarina\/wp-json\/wp\/v2\/media\/897"}],"wp:attachment":[{"href":"https:\/\/www.acsc.com.br\/santacatarina\/wp-json\/wp\/v2\/media?parent=890"}],"wp:term":[{"taxonomy":"category","embeddable":true,"href":"https:\/\/www.acsc.com.br\/santacatarina\/wp-json\/wp\/v2\/categories?post=890"},{"taxonomy":"post_tag","embeddable":true,"href":"https:\/\/www.acsc.com.br\/santacatarina\/wp-json\/wp\/v2\/tags?post=890"}],"curies":[{"name":"wp","href":"https:\/\/api.w.org\/{rel}","templated":true}]}}