{"id":848,"date":"2024-08-16T14:15:18","date_gmt":"2024-08-16T17:15:18","guid":{"rendered":"https:\/\/www.acsc.com.br\/santacatarina\/?p=848"},"modified":"2024-08-16T14:15:18","modified_gmt":"2024-08-16T17:15:18","slug":"olimpiadas-do-santa","status":"publish","type":"post","link":"https:\/\/www.acsc.com.br\/santacatarina\/2024\/08\/16\/olimpiadas-do-santa\/","title":{"rendered":"Olimp\u00edadas do Santa"},"content":{"rendered":"<p><strong>Semana Ol\u00edmpica do Santa na Volta \u00e0s Aulas<\/strong><\/p>\n<p>Encerramos com sucesso a primeira semana de volta \u00e0s aulas, que foi marcada por um emocionante evento com o tema: OLIMP\u00cdADAS.<\/p>\n<p>Nossa programa\u00e7\u00e3o contou com a participa\u00e7\u00e3o ativa dos alunos e a colabora\u00e7\u00e3o de todos foi fundamental para que o evento fosse um verdadeiro sucesso.<\/p>\n<p><strong>TER\u00c7A-FEIRA, 30 de julho<\/strong><\/p>\n<p><strong>Feira dos Anos Ol\u00edmpicos<\/strong><\/p>\n<p>Os alunos das turmas 51, 52 e 61, na parte da manh\u00e3, e das turmas 53 e 62, \u00e0 tarde, apresentaram seus trabalhos com muita dedica\u00e7\u00e3o. A feira foi uma excelente oportunidade para os alunos mostrarem seus conhecimentos e criatividade ao explicarem os Anos Ol\u00edmpicos.<\/p>\n<p><strong>QUINTA-FEIRA, 01 de agosto<\/strong><\/p>\n<p><strong>Abertura das Olimp\u00edadas<\/strong><\/p>\n<p>A cerim\u00f4nia de abertura das Olimp\u00edadas recebeu destaque no Jornal NH. O evento, realizado no Sal\u00e3o Nobre, reuniu todo o entusiasmo das turmas. As apresenta\u00e7\u00f5es das bandeiras dos pa\u00edses participantes das Olimp\u00edadas de Paris 2024 pelos 9\u00ba anos foram um espet\u00e1culo, encantando todos os presentes. Os anos iniciais vieram representar o Brasil, atrav\u00e9s de camisetas da sele\u00e7\u00e3o e acess\u00f3rios da cor de nossa bandeira.<\/p>\n<p><strong>SEXTA-FEIRA, 02 de agosto<\/strong><\/p>\n<p><strong>Feira das Modalidades Ol\u00edmpicas<\/strong><\/p>\n<p>Os alunos das turmas 71, 81 e 82, na parte da manh\u00e3, e da turma 72, \u00e0 tarde, exibiram seus trabalhos com excel\u00eancia. A feira foi um momento de aprendizado e divers\u00e3o, onde os alunos puderam explorar e apresentar aos interessados diversas modalidades ol\u00edmpicas.<\/p>\n<p><strong>QUARTA-FEIRA, 07 de agosto<\/strong><\/p>\n<p>As turmas de Educa\u00e7\u00e3o Infantil e Anos Iniciais se juntaram para realizar uma foto representativa dos an\u00e9is ol\u00edmpicos com suas respectivas cores.<\/p>\n<p>Foi uma semana de muita integra\u00e7\u00e3o, conhecimento e celebra\u00e7\u00e3o dos valores ol\u00edmpicos!<\/p>\n<p>Confira mais imagens no Flickr: https:\/\/www.flickr.com\/photos\/colegiosantanh\/albums\/72177720319336952.<\/p>\n<p>&nbsp;<\/p>\n<div class=\"w-gallery cols_3 link_file\"><div class=\"w-gallery-list\"><a class=\"w-gallery-item order_1\" href=\"https:\/\/www.acsc.com.br\/santacatarina\/wp-content\/uploads\/sites\/2\/2024\/08\/CAPA-1.jpg\" title=\"CAPA\"><div class=\"w-gallery-item-img\"><img loading=\"lazy\" decoding=\"async\" width=\"150\" height=\"150\" src=\"https:\/\/www.acsc.com.br\/santacatarina\/wp-content\/uploads\/sites\/2\/2024\/08\/CAPA-1-150x150.jpg\" class=\"attachment-thumbnail size-thumbnail\" alt=\"\" \/><\/div><\/a><a class=\"w-gallery-item order_2\" href=\"https:\/\/www.acsc.com.br\/santacatarina\/wp-content\/uploads\/sites\/2\/2024\/08\/IMG_1365.jpg\" title=\"IMG_1365\"><div class=\"w-gallery-item-img\"><img loading=\"lazy\" decoding=\"async\" width=\"150\" height=\"150\" src=\"https:\/\/www.acsc.com.br\/santacatarina\/wp-content\/uploads\/sites\/2\/2024\/08\/IMG_1365-150x150.jpg\" class=\"attachment-thumbnail size-thumbnail\" alt=\"\" \/><\/div><\/a><a class=\"w-gallery-item order_3\" href=\"https:\/\/www.acsc.com.br\/santacatarina\/wp-content\/uploads\/sites\/2\/2024\/08\/IMG_0892.jpg\" title=\"IMG_0892\"><div class=\"w-gallery-item-img\"><img loading=\"lazy\" decoding=\"async\" width=\"150\" height=\"150\" src=\"https:\/\/www.acsc.com.br\/santacatarina\/wp-content\/uploads\/sites\/2\/2024\/08\/IMG_0892-150x150.jpg\" class=\"attachment-thumbnail size-thumbnail\" alt=\"\" \/><\/div><\/a><\/div><\/div>\n","protected":false},"excerpt":{"rendered":"<p>Semana Ol\u00edmpica do Santa na Volta \u00e0s Aulas Encerramos com sucesso a primeira semana de volta \u00e0s aulas, que foi marcada por um emocionante evento com o tema: OLIMP\u00cdADAS. Nossa programa\u00e7\u00e3o contou com a participa\u00e7\u00e3o ativa dos alunos e a colabora\u00e7\u00e3o de todos foi fundamental para que o evento fosse um verdadeiro sucesso. TER\u00c7A-FEIRA, 30&#8230;<\/p>\n","protected":false},"author":1,"featured_media":849,"comment_status":"closed","ping_status":"closed","sticky":false,"template":"","format":"standard","meta":{"_acf_changed":false,"footnotes":""},"categories":[1],"tags":[],"class_list":["post-848","post","type-post","status-publish","format-standard","has-post-thumbnail","hentry","category-noticias"],"acf":[],"_links":{"self":[{"href":"https:\/\/www.acsc.com.br\/santacatarina\/wp-json\/wp\/v2\/posts\/848","targetHints":{"allow":["GET"]}}],"collection":[{"href":"https:\/\/www.acsc.com.br\/santacatarina\/wp-json\/wp\/v2\/posts"}],"about":[{"href":"https:\/\/www.acsc.com.br\/santacatarina\/wp-json\/wp\/v2\/types\/post"}],"author":[{"embeddable":true,"href":"https:\/\/www.acsc.com.br\/santacatarina\/wp-json\/wp\/v2\/users\/1"}],"replies":[{"embeddable":true,"href":"https:\/\/www.acsc.com.br\/santacatarina\/wp-json\/wp\/v2\/comments?post=848"}],"version-history":[{"count":1,"href":"https:\/\/www.acsc.com.br\/santacatarina\/wp-json\/wp\/v2\/posts\/848\/revisions"}],"predecessor-version":[{"id":853,"href":"https:\/\/www.acsc.com.br\/santacatarina\/wp-json\/wp\/v2\/posts\/848\/revisions\/853"}],"wp:featuredmedia":[{"embeddable":true,"href":"https:\/\/www.acsc.com.br\/santacatarina\/wp-json\/wp\/v2\/media\/849"}],"wp:attachment":[{"href":"https:\/\/www.acsc.com.br\/santacatarina\/wp-json\/wp\/v2\/media?parent=848"}],"wp:term":[{"taxonomy":"category","embeddable":true,"href":"https:\/\/www.acsc.com.br\/santacatarina\/wp-json\/wp\/v2\/categories?post=848"},{"taxonomy":"post_tag","embeddable":true,"href":"https:\/\/www.acsc.com.br\/santacatarina\/wp-json\/wp\/v2\/tags?post=848"}],"curies":[{"name":"wp","href":"https:\/\/api.w.org\/{rel}","templated":true}]}}