{"id":776,"date":"2024-05-23T12:11:09","date_gmt":"2024-05-23T15:11:09","guid":{"rendered":"https:\/\/www.acsc.com.br\/santacatarina\/?p=776"},"modified":"2024-05-23T12:11:09","modified_gmt":"2024-05-23T15:11:09","slug":"dia-das-maes","status":"publish","type":"post","link":"https:\/\/www.acsc.com.br\/santacatarina\/2024\/05\/23\/dia-das-maes\/","title":{"rendered":"Dia das M\u00e3es"},"content":{"rendered":"<p>No s\u00e1bado, 18 de maio, o Santa celebrou uma emocionante homenagem ao Dia das M\u00e3es. As turmas de Educa\u00e7\u00e3o Infantil at\u00e9 o 4\u00ba ano se reuniram na capela para expressar todo o amor e gratid\u00e3o que sentem. As crian\u00e7as encantaram a todos com suas apresenta\u00e7\u00f5es musicais, que tocaram profundamente os cora\u00e7\u00f5es presentes.<\/p>\n<p>Durante a cerim\u00f4nia, tivemos discursos das professoras e da equipe da pastoral, que ressaltaram a import\u00e2ncia das m\u00e3es em nossas vidas. Houve tamb\u00e9m um momento especial de ora\u00e7\u00e3o e un\u00e7\u00e3o aos envolvidos, fortalecendo ainda mais os la\u00e7os familiares e espirituais.<\/p>\n<p>Ap\u00f3s a cerim\u00f4nia, todos se dirigiram \u00e0s suas respectivas salas, onde as crian\u00e7as, com muito carinho, entregaram as lembrancinhas preparadas especialmente para suas m\u00e3es. Foi uma manh\u00e3 repleta de emo\u00e7\u00e3o, afeto e gratid\u00e3o, deixando uma marca inesquec\u00edvel no cora\u00e7\u00e3o de todos que participaram.<\/p>\n<p>Que essa homenagem sirva como um lembrete do valor inestim\u00e1vel das m\u00e3es e do amor incondicional que elas dedicam diariamente. Feliz Dia das M\u00e3es!<\/p>\n<div class=\"w-gallery cols_3 link_file\"><div class=\"w-gallery-list\"><a class=\"w-gallery-item order_1\" href=\"https:\/\/www.acsc.com.br\/santacatarina\/wp-content\/uploads\/sites\/2\/2024\/05\/CAPA-2.jpg\" title=\"CAPA\"><div class=\"w-gallery-item-img\"><img loading=\"lazy\" decoding=\"async\" width=\"150\" height=\"150\" src=\"https:\/\/www.acsc.com.br\/santacatarina\/wp-content\/uploads\/sites\/2\/2024\/05\/CAPA-2-150x150.jpg\" class=\"attachment-thumbnail size-thumbnail\" alt=\"\" \/><\/div><\/a><a class=\"w-gallery-item order_2\" href=\"https:\/\/www.acsc.com.br\/santacatarina\/wp-content\/uploads\/sites\/2\/2024\/05\/IMG_0125.jpg\" title=\"IMG_0125\"><div class=\"w-gallery-item-img\"><img loading=\"lazy\" decoding=\"async\" width=\"150\" height=\"150\" src=\"https:\/\/www.acsc.com.br\/santacatarina\/wp-content\/uploads\/sites\/2\/2024\/05\/IMG_0125-150x150.jpg\" class=\"attachment-thumbnail size-thumbnail\" alt=\"\" \/><\/div><\/a><a class=\"w-gallery-item order_3\" href=\"https:\/\/www.acsc.com.br\/santacatarina\/wp-content\/uploads\/sites\/2\/2024\/05\/IMG_0184.jpg\" title=\"IMG_0184\"><div class=\"w-gallery-item-img\"><img loading=\"lazy\" decoding=\"async\" width=\"150\" height=\"150\" src=\"https:\/\/www.acsc.com.br\/santacatarina\/wp-content\/uploads\/sites\/2\/2024\/05\/IMG_0184-150x150.jpg\" class=\"attachment-thumbnail size-thumbnail\" alt=\"\" \/><\/div><\/a><a class=\"w-gallery-item order_4\" href=\"https:\/\/www.acsc.com.br\/santacatarina\/wp-content\/uploads\/sites\/2\/2024\/05\/IMG_0173.jpg\" title=\"IMG_0173\"><div class=\"w-gallery-item-img\"><img loading=\"lazy\" decoding=\"async\" width=\"150\" height=\"150\" src=\"https:\/\/www.acsc.com.br\/santacatarina\/wp-content\/uploads\/sites\/2\/2024\/05\/IMG_0173-150x150.jpg\" class=\"attachment-thumbnail size-thumbnail\" alt=\"\" \/><\/div><\/a><a class=\"w-gallery-item order_5\" href=\"https:\/\/www.acsc.com.br\/santacatarina\/wp-content\/uploads\/sites\/2\/2024\/05\/IMG_0171.jpg\" title=\"IMG_0171\"><div class=\"w-gallery-item-img\"><img loading=\"lazy\" decoding=\"async\" width=\"150\" height=\"150\" src=\"https:\/\/www.acsc.com.br\/santacatarina\/wp-content\/uploads\/sites\/2\/2024\/05\/IMG_0171-150x150.jpg\" class=\"attachment-thumbnail size-thumbnail\" alt=\"\" \/><\/div><\/a><a class=\"w-gallery-item order_6\" href=\"https:\/\/www.acsc.com.br\/santacatarina\/wp-content\/uploads\/sites\/2\/2024\/05\/IMG_0099.jpg\" title=\"IMG_0099\"><div class=\"w-gallery-item-img\"><img loading=\"lazy\" decoding=\"async\" width=\"150\" height=\"150\" src=\"https:\/\/www.acsc.com.br\/santacatarina\/wp-content\/uploads\/sites\/2\/2024\/05\/IMG_0099-150x150.jpg\" class=\"attachment-thumbnail size-thumbnail\" alt=\"\" \/><\/div><\/a><a class=\"w-gallery-item order_7\" href=\"https:\/\/www.acsc.com.br\/santacatarina\/wp-content\/uploads\/sites\/2\/2024\/05\/IMG_0175.jpg\" title=\"IMG_0175\"><div class=\"w-gallery-item-img\"><img loading=\"lazy\" decoding=\"async\" width=\"150\" height=\"150\" src=\"https:\/\/www.acsc.com.br\/santacatarina\/wp-content\/uploads\/sites\/2\/2024\/05\/IMG_0175-150x150.jpg\" class=\"attachment-thumbnail size-thumbnail\" alt=\"\" \/><\/div><\/a><a class=\"w-gallery-item order_8\" href=\"https:\/\/www.acsc.com.br\/santacatarina\/wp-content\/uploads\/sites\/2\/2024\/05\/IMG_0196.jpg\" title=\"IMG_0196\"><div class=\"w-gallery-item-img\"><img loading=\"lazy\" decoding=\"async\" width=\"150\" height=\"150\" src=\"https:\/\/www.acsc.com.br\/santacatarina\/wp-content\/uploads\/sites\/2\/2024\/05\/IMG_0196-150x150.jpg\" class=\"attachment-thumbnail size-thumbnail\" alt=\"\" \/><\/div><\/a><a class=\"w-gallery-item order_9\" href=\"https:\/\/www.acsc.com.br\/santacatarina\/wp-content\/uploads\/sites\/2\/2024\/05\/IMG_0043.jpg\" title=\"IMG_0043\"><div class=\"w-gallery-item-img\"><img loading=\"lazy\" decoding=\"async\" width=\"150\" height=\"150\" src=\"https:\/\/www.acsc.com.br\/santacatarina\/wp-content\/uploads\/sites\/2\/2024\/05\/IMG_0043-150x150.jpg\" class=\"attachment-thumbnail size-thumbnail\" alt=\"\" \/><\/div><\/a><a class=\"w-gallery-item order_10\" href=\"https:\/\/www.acsc.com.br\/santacatarina\/wp-content\/uploads\/sites\/2\/2024\/05\/IMG_0174.jpg\" title=\"IMG_0174\"><div class=\"w-gallery-item-img\"><img loading=\"lazy\" decoding=\"async\" width=\"150\" height=\"150\" src=\"https:\/\/www.acsc.com.br\/santacatarina\/wp-content\/uploads\/sites\/2\/2024\/05\/IMG_0174-150x150.jpg\" class=\"attachment-thumbnail size-thumbnail\" alt=\"\" \/><\/div><\/a><\/div><\/div>\n<p>&nbsp;<\/p>\n<p>Gostaria de ver as fotos deste momento? Acesse o link: https:\/\/flic.kr\/s\/aHBqjBrm7w.<\/p>\n","protected":false},"excerpt":{"rendered":"<p>No s\u00e1bado, 18 de maio, o Santa celebrou uma emocionante homenagem ao Dia das M\u00e3es. As turmas de Educa\u00e7\u00e3o Infantil at\u00e9 o 4\u00ba ano se reuniram na capela para expressar todo o amor e gratid\u00e3o que sentem. As crian\u00e7as encantaram a todos com suas apresenta\u00e7\u00f5es musicais, que tocaram profundamente os cora\u00e7\u00f5es presentes. Durante a cerim\u00f4nia,&#8230;<\/p>\n","protected":false},"author":1,"featured_media":777,"comment_status":"closed","ping_status":"closed","sticky":false,"template":"","format":"standard","meta":{"_acf_changed":false,"footnotes":""},"categories":[1],"tags":[],"class_list":["post-776","post","type-post","status-publish","format-standard","has-post-thumbnail","hentry","category-noticias"],"acf":[],"_links":{"self":[{"href":"https:\/\/www.acsc.com.br\/santacatarina\/wp-json\/wp\/v2\/posts\/776","targetHints":{"allow":["GET"]}}],"collection":[{"href":"https:\/\/www.acsc.com.br\/santacatarina\/wp-json\/wp\/v2\/posts"}],"about":[{"href":"https:\/\/www.acsc.com.br\/santacatarina\/wp-json\/wp\/v2\/types\/post"}],"author":[{"embeddable":true,"href":"https:\/\/www.acsc.com.br\/santacatarina\/wp-json\/wp\/v2\/users\/1"}],"replies":[{"embeddable":true,"href":"https:\/\/www.acsc.com.br\/santacatarina\/wp-json\/wp\/v2\/comments?post=776"}],"version-history":[{"count":1,"href":"https:\/\/www.acsc.com.br\/santacatarina\/wp-json\/wp\/v2\/posts\/776\/revisions"}],"predecessor-version":[{"id":787,"href":"https:\/\/www.acsc.com.br\/santacatarina\/wp-json\/wp\/v2\/posts\/776\/revisions\/787"}],"wp:featuredmedia":[{"embeddable":true,"href":"https:\/\/www.acsc.com.br\/santacatarina\/wp-json\/wp\/v2\/media\/777"}],"wp:attachment":[{"href":"https:\/\/www.acsc.com.br\/santacatarina\/wp-json\/wp\/v2\/media?parent=776"}],"wp:term":[{"taxonomy":"category","embeddable":true,"href":"https:\/\/www.acsc.com.br\/santacatarina\/wp-json\/wp\/v2\/categories?post=776"},{"taxonomy":"post_tag","embeddable":true,"href":"https:\/\/www.acsc.com.br\/santacatarina\/wp-json\/wp\/v2\/tags?post=776"}],"curies":[{"name":"wp","href":"https:\/\/api.w.org\/{rel}","templated":true}]}}