{"id":763,"date":"2024-05-23T12:08:21","date_gmt":"2024-05-23T15:08:21","guid":{"rendered":"https:\/\/www.acsc.com.br\/santacatarina\/?p=763"},"modified":"2024-05-23T12:08:21","modified_gmt":"2024-05-23T15:08:21","slug":"mostra-literaria-o-poder-das-palavras","status":"publish","type":"post","link":"https:\/\/www.acsc.com.br\/santacatarina\/2024\/05\/23\/mostra-literaria-o-poder-das-palavras\/","title":{"rendered":"Mostra Liter\u00e1ria: O poder das palavras!"},"content":{"rendered":"<p>A \u00faltima semana foi marcada por uma vibrante celebra\u00e7\u00e3o da literatura no Col\u00e9gio, com a realiza\u00e7\u00e3o da nossa Mostra Liter\u00e1ria anual, um evento que abriu as portas para a explora\u00e7\u00e3o da cultura, hist\u00f3ria e arte atrav\u00e9s dos livros e da intera\u00e7\u00e3o entre autores e alunos.<\/p>\n<p><strong>Abertura e conta\u00e7\u00e3o de hist\u00f3rias<\/strong><\/p>\n<p>A Mostra teve in\u00edcio na segunda-feira, 22 de abril, com a cerim\u00f4nia de abertura seguida por uma sess\u00e3o de conta\u00e7\u00e3o de hist\u00f3rias conduzida pela talentosa Tatiane Braga dos Reis. Direcionada aos alunos da Educa\u00e7\u00e3o Infantil e Anos Iniciais, a atividade foi uma jornada pela imagina\u00e7\u00e3o e o pensar, exercitando a criatividade e o encantamento pelo universo das narrativas.<\/p>\n<p><strong>Celebra\u00e7\u00e3o da hist\u00f3ria e cultura germ\u00e2nica<\/strong><\/p>\n<p>Na ter\u00e7a-feira, 23 de abril, voltamos nossos olhares para a rica hist\u00f3ria da imigra\u00e7\u00e3o alem\u00e3 em nosso estado, em comemora\u00e7\u00e3o aos 200 anos deste significativo evento. Felipe Kuhn e Sandro Blume capturaram a aten\u00e7\u00e3o do Ensino M\u00e9dio com uma apresenta\u00e7\u00e3o cultural que delineou a trajet\u00f3ria dos imigrantes alem\u00e3es. Ainda neste dia, realizamos um Caf\u00e9 Liter\u00e1rio para colaboradores e convidados, que tamb\u00e9m explorou essa tem\u00e1tica envolvente. Al\u00e9m disso, contamos com a presen\u00e7a do grupo folcl\u00f3rico Reviver, nos demonstrando tradi\u00e7\u00e3o alem\u00e3 atrav\u00e9s da dan\u00e7a e canto.<\/p>\n<p><strong>Sarau Germ\u00e2nico e intera\u00e7\u00f5es culturais<\/strong><\/p>\n<p>A quarta-feira, 24 de abril, foi um dia de express\u00e3o art\u00edstica no Sarau Germ\u00e2nico, onde alunos do 5\u00ba ao 8\u00ba ano demonstraram suas habilidades na l\u00edngua alem\u00e3 e nas artes c\u00eanicas, complementados por performances musicais que honraram a cultura germ\u00e2nica. Durante a quarta e a quinta-feira, tivemos a presen\u00e7a de livreiros no Col\u00e9gio, proporcionando aos alunos a oportunidade de enriquecer suas estantes pessoais com novas leituras.<\/p>\n<p><strong>Di\u00e1logos sobre trajet\u00f3rias e encontro com L\u00e9ia Cassol<\/strong><\/p>\n<p>Na quinta-feira, 25 de abril, o dia foi repleto de reflex\u00f5es e di\u00e1logos inspiradores. Tatiane Kaspari, Izandra Alves e Vanessa Petr\u00f3 lideraram um bate-papo com o Ensino M\u00e9dio sobre o tema &#8220;(Des)costurar das trajet\u00f3rias&#8221;, incentivando os alunos a refletir sobre suas pr\u00f3prias narrativas de vida. Ainda neste dia, tivemos a honra de receber L\u00e9ia Cassol, nossa patrona da mostra, que dialogou com os alunos da Educa\u00e7\u00e3o Infantil ao 5\u00ba ano do Fundamental sobre suas obras, esclarecendo d\u00favidas e autografando livros.<\/p>\n<p><strong>Palestra sobre carreiras e sess\u00e3o com L\u00e9ia Cassol<\/strong><\/p>\n<p>A sexta-feira, 26 de abril, concluiu a nossa semana liter\u00e1ria com ainda mais aprendizados e intera\u00e7\u00f5es significativas. Pela manh\u00e3, tivemos o prazer de receber novamente L\u00e9ia Cassol, que se apresentou aos alunos do 1\u00ba ao 5\u00ba ano que estudam no turno da manh\u00e3. Com seu conhecimento, L\u00e9ia compartilhou detalhes sobre o processo criativo por tr\u00e1s de suas obras, al\u00e9m de autografar os livros dos jovens leitores.<\/p>\n<p>No decorrer do dia, o Ensino Fundamental II e o Ensino M\u00e9dio tiveram a oportunidade de participar de uma palestra com Jane Tutikian. A palestrante trouxe um panorama sobre o caminho para se tornar uma escritora, discutindo os desafios da carreira e aspectos pr\u00e1ticos da escrita. Sua experi\u00eancia proporcionou uma vis\u00e3o realista e motivadora para nossos alunos, incentivando-os a explorar suas pr\u00f3prias capacidades narrativas e, quem sabe, a se aventurarem pelos caminhos da escrita.<\/p>\n<p>A Mostra Liter\u00e1ria \u00e9 uma jornada de descobertas e aprendizado, refor\u00e7ando o papel da literatura na forma\u00e7\u00e3o de cidad\u00e3os conscientes e reflexivos.<\/p>\n<p>&nbsp;<\/p>\n<div class=\"w-gallery cols_3 link_file\"><div class=\"w-gallery-list\"><a class=\"w-gallery-item order_1\" href=\"https:\/\/www.acsc.com.br\/santacatarina\/wp-content\/uploads\/sites\/2\/2024\/05\/IMG_5836.jpg\" title=\"IMG_5836\"><div class=\"w-gallery-item-img\"><img loading=\"lazy\" decoding=\"async\" width=\"150\" height=\"150\" src=\"https:\/\/www.acsc.com.br\/santacatarina\/wp-content\/uploads\/sites\/2\/2024\/05\/IMG_5836-150x150.jpg\" class=\"attachment-thumbnail size-thumbnail\" alt=\"\" \/><\/div><\/a><a class=\"w-gallery-item order_2\" href=\"https:\/\/www.acsc.com.br\/santacatarina\/wp-content\/uploads\/sites\/2\/2024\/05\/IMG_5931.jpg\" title=\"IMG_5931\"><div class=\"w-gallery-item-img\"><img loading=\"lazy\" decoding=\"async\" width=\"150\" height=\"150\" src=\"https:\/\/www.acsc.com.br\/santacatarina\/wp-content\/uploads\/sites\/2\/2024\/05\/IMG_5931-150x150.jpg\" class=\"attachment-thumbnail size-thumbnail\" alt=\"\" \/><\/div><\/a><a class=\"w-gallery-item order_3\" href=\"https:\/\/www.acsc.com.br\/santacatarina\/wp-content\/uploads\/sites\/2\/2024\/05\/IMG_5723.jpg\" title=\"IMG_5723\"><div class=\"w-gallery-item-img\"><img loading=\"lazy\" decoding=\"async\" width=\"150\" height=\"150\" src=\"https:\/\/www.acsc.com.br\/santacatarina\/wp-content\/uploads\/sites\/2\/2024\/05\/IMG_5723-150x150.jpg\" class=\"attachment-thumbnail size-thumbnail\" alt=\"\" \/><\/div><\/a><a class=\"w-gallery-item order_4\" href=\"https:\/\/www.acsc.com.br\/santacatarina\/wp-content\/uploads\/sites\/2\/2024\/05\/IMG_6160.jpg\" title=\"IMG_6160\"><div class=\"w-gallery-item-img\"><img loading=\"lazy\" decoding=\"async\" width=\"150\" height=\"150\" src=\"https:\/\/www.acsc.com.br\/santacatarina\/wp-content\/uploads\/sites\/2\/2024\/05\/IMG_6160-150x150.jpg\" class=\"attachment-thumbnail size-thumbnail\" alt=\"\" \/><\/div><\/a><a class=\"w-gallery-item order_5\" href=\"https:\/\/www.acsc.com.br\/santacatarina\/wp-content\/uploads\/sites\/2\/2024\/05\/IMG_6201.jpg\" title=\"IMG_6201\"><div class=\"w-gallery-item-img\"><img loading=\"lazy\" decoding=\"async\" width=\"150\" height=\"150\" src=\"https:\/\/www.acsc.com.br\/santacatarina\/wp-content\/uploads\/sites\/2\/2024\/05\/IMG_6201-150x150.jpg\" class=\"attachment-thumbnail size-thumbnail\" alt=\"\" \/><\/div><\/a><a class=\"w-gallery-item order_6\" href=\"https:\/\/www.acsc.com.br\/santacatarina\/wp-content\/uploads\/sites\/2\/2024\/05\/IMG_6743.jpg\" title=\"IMG_6743\"><div class=\"w-gallery-item-img\"><img loading=\"lazy\" decoding=\"async\" width=\"150\" height=\"150\" src=\"https:\/\/www.acsc.com.br\/santacatarina\/wp-content\/uploads\/sites\/2\/2024\/05\/IMG_6743-150x150.jpg\" class=\"attachment-thumbnail size-thumbnail\" alt=\"\" \/><\/div><\/a><a class=\"w-gallery-item order_7\" href=\"https:\/\/www.acsc.com.br\/santacatarina\/wp-content\/uploads\/sites\/2\/2024\/05\/IMG_6389.jpg\" title=\"IMG_6389\"><div class=\"w-gallery-item-img\"><img loading=\"lazy\" decoding=\"async\" width=\"150\" height=\"150\" src=\"https:\/\/www.acsc.com.br\/santacatarina\/wp-content\/uploads\/sites\/2\/2024\/05\/IMG_6389-150x150.jpg\" class=\"attachment-thumbnail size-thumbnail\" alt=\"\" \/><\/div><\/a><a class=\"w-gallery-item order_8\" href=\"https:\/\/www.acsc.com.br\/santacatarina\/wp-content\/uploads\/sites\/2\/2024\/05\/IMG_6360.jpg\" title=\"IMG_6360\"><div class=\"w-gallery-item-img\"><img loading=\"lazy\" decoding=\"async\" width=\"150\" height=\"150\" src=\"https:\/\/www.acsc.com.br\/santacatarina\/wp-content\/uploads\/sites\/2\/2024\/05\/IMG_6360-150x150.jpg\" class=\"attachment-thumbnail size-thumbnail\" alt=\"\" \/><\/div><\/a><a class=\"w-gallery-item order_9\" href=\"https:\/\/www.acsc.com.br\/santacatarina\/wp-content\/uploads\/sites\/2\/2024\/05\/IMG_6346.jpg\" title=\"IMG_6346\"><div class=\"w-gallery-item-img\"><img loading=\"lazy\" decoding=\"async\" width=\"150\" height=\"150\" src=\"https:\/\/www.acsc.com.br\/santacatarina\/wp-content\/uploads\/sites\/2\/2024\/05\/IMG_6346-150x150.jpg\" class=\"attachment-thumbnail size-thumbnail\" alt=\"\" \/><\/div><\/a><a class=\"w-gallery-item order_10\" href=\"https:\/\/www.acsc.com.br\/santacatarina\/wp-content\/uploads\/sites\/2\/2024\/05\/CAPA-1.jpg\" title=\"CAPA\"><div class=\"w-gallery-item-img\"><img loading=\"lazy\" decoding=\"async\" width=\"150\" height=\"150\" src=\"https:\/\/www.acsc.com.br\/santacatarina\/wp-content\/uploads\/sites\/2\/2024\/05\/CAPA-1-150x150.jpg\" class=\"attachment-thumbnail size-thumbnail\" alt=\"\" \/><\/div><\/a><\/div><\/div>\n<p>&nbsp;<\/p>\n<p>Gostaria de ver as fotos deste momento? Acesse o link:https:\/\/flic.kr\/s\/aHBqjBrm3U.<\/p>\n","protected":false},"excerpt":{"rendered":"<p>A \u00faltima semana foi marcada por uma vibrante celebra\u00e7\u00e3o da literatura no Col\u00e9gio, com a realiza\u00e7\u00e3o da nossa Mostra Liter\u00e1ria anual, um evento que abriu as portas para a explora\u00e7\u00e3o da cultura, hist\u00f3ria e arte atrav\u00e9s dos livros e da intera\u00e7\u00e3o entre autores e alunos. Abertura e conta\u00e7\u00e3o de hist\u00f3rias A Mostra teve in\u00edcio na&#8230;<\/p>\n","protected":false},"author":1,"featured_media":764,"comment_status":"closed","ping_status":"closed","sticky":false,"template":"","format":"standard","meta":{"_acf_changed":false,"footnotes":""},"categories":[1],"tags":[],"class_list":["post-763","post","type-post","status-publish","format-standard","has-post-thumbnail","hentry","category-noticias"],"acf":[],"_links":{"self":[{"href":"https:\/\/www.acsc.com.br\/santacatarina\/wp-json\/wp\/v2\/posts\/763","targetHints":{"allow":["GET"]}}],"collection":[{"href":"https:\/\/www.acsc.com.br\/santacatarina\/wp-json\/wp\/v2\/posts"}],"about":[{"href":"https:\/\/www.acsc.com.br\/santacatarina\/wp-json\/wp\/v2\/types\/post"}],"author":[{"embeddable":true,"href":"https:\/\/www.acsc.com.br\/santacatarina\/wp-json\/wp\/v2\/users\/1"}],"replies":[{"embeddable":true,"href":"https:\/\/www.acsc.com.br\/santacatarina\/wp-json\/wp\/v2\/comments?post=763"}],"version-history":[{"count":1,"href":"https:\/\/www.acsc.com.br\/santacatarina\/wp-json\/wp\/v2\/posts\/763\/revisions"}],"predecessor-version":[{"id":775,"href":"https:\/\/www.acsc.com.br\/santacatarina\/wp-json\/wp\/v2\/posts\/763\/revisions\/775"}],"wp:featuredmedia":[{"embeddable":true,"href":"https:\/\/www.acsc.com.br\/santacatarina\/wp-json\/wp\/v2\/media\/764"}],"wp:attachment":[{"href":"https:\/\/www.acsc.com.br\/santacatarina\/wp-json\/wp\/v2\/media?parent=763"}],"wp:term":[{"taxonomy":"category","embeddable":true,"href":"https:\/\/www.acsc.com.br\/santacatarina\/wp-json\/wp\/v2\/categories?post=763"},{"taxonomy":"post_tag","embeddable":true,"href":"https:\/\/www.acsc.com.br\/santacatarina\/wp-json\/wp\/v2\/tags?post=763"}],"curies":[{"name":"wp","href":"https:\/\/api.w.org\/{rel}","templated":true}]}}