{"id":732,"date":"2024-04-08T09:40:32","date_gmt":"2024-04-08T12:40:32","guid":{"rendered":"https:\/\/www.acsc.com.br\/santacatarina\/?p=732"},"modified":"2024-04-08T16:49:23","modified_gmt":"2024-04-08T19:49:23","slug":"procissao-de-via-sacra","status":"publish","type":"post","link":"https:\/\/www.acsc.com.br\/santacatarina\/2024\/04\/08\/procissao-de-via-sacra\/","title":{"rendered":"Prociss\u00e3o de Via-Sacra"},"content":{"rendered":"<p><span style=\"font-weight: 400;\">No dia 26 de mar\u00e7o, uma ter\u00e7a-feira \u00e0 noite, a comunidade escolar se reuniu em uma emocionante prociss\u00e3o de Via-Sacra, uma jornada de devo\u00e7\u00e3o que percorreu os cora\u00e7\u00f5es e as ruas de nosso bairro. Este evento especial foi realizado em parceria com a Par\u00f3quia Nossa Senhora da Piedade e contou com a participa\u00e7\u00e3o ativa dos jovens tanto da Par\u00f3quia quanto do Col\u00e9gio Santa Catarina.\u00a0<\/span><\/p>\n<p><span style=\"font-weight: 400;\">Com c\u00e2nticos e ora\u00e7\u00f5es, os jovens deram vida \u00e0s esta\u00e7\u00f5es do caminho de Jesus do Col\u00e9gio Santa Catarina (local inicial), at\u00e9 a Igreja Nossa Senhora da Piedade de Hamburgo Velho (local final), onde a jornada culminou em um momento de profunda espiritualidade e reflex\u00e3o.\u00a0<\/span><\/p>\n<p><span style=\"font-weight: 400;\">Durante a prociss\u00e3o, os participantes fizeram paradas nas esta\u00e7\u00f5es, cada uma representando momentos cruciais da paix\u00e3o e morte de Cristo, sendo elas:\u00a0<\/span><\/p>\n<p><span style=\"font-weight: 400;\">I ESTA\u00c7\u00c3O: JESUS \u00c9 CONDENADO \u00c0 MORTE \u2013 Encenada no P\u00e1tio do Col\u00e9gio, Jesus aparece pela primeira vez e \u00e9 entregue por Pilatos para que seja crucificado;\u00a0<\/span><\/p>\n<p><span style=\"font-weight: 400;\">II ESTA\u00c7\u00c3O: JESUS CARREGA A CRUZ \u2013 Come\u00e7o da prociss\u00e3o pelas ruas, Jesus Cristo \u00e9 levado por 6 soldados;<\/span><\/p>\n<p><span style=\"font-weight: 400;\">III ESTA\u00c7\u00c3O: JESUS CAI PELA PRIMEIRA VEZ &#8211; Ele cai sob o peso da cruz, representando o que significa ser derrubado por nossos pecados e fraquezas;\u00a0<\/span><\/p>\n<p><span style=\"font-weight: 400;\">IV ESTA\u00c7\u00c3O: JESUS ENCONTRA SUA M\u00c3E \u2013 Maria encontra seu filho no caminho do calv\u00e1rio, sofre e fica desolada com a situa\u00e7\u00e3o. Neste momento, a prociss\u00e3o segue para o final da rua General Os\u00f3rio;\u00a0<\/span><\/p>\n<p><span style=\"font-weight: 400;\">V ESTA\u00c7\u00c3O: SIM\u00c3O DE CIRENE AJUDA JESUS A LEVAR A CRUZ \u2013 Ao encontrarem um homem chamado Sim\u00e3o, que era de Cirene, os soldados o obrigaram a carregar a cruz de Jesus;\u00a0<\/span><\/p>\n<p><span style=\"font-weight: 400;\">VI ESTA\u00c7\u00c3O: VER\u00d4NICA ENXUGA O ROSTO DE JESUS &#8211; Ver\u00f4nica surge no caminho de Jesus e enxuga seu rosto que escorria suor e sangue. Nesta etapa, a prociss\u00e3o se encontra pela metade, em subida na rua Borges Canto;\u00a0<\/span><\/p>\n<p><span style=\"font-weight: 400;\">VII ESTA\u00c7\u00c3O: JESUS CAI PELA SEGUNDA VEZ &#8211; A segunda queda de Jesus \u00e9 pior que a primeira, pois seu corpo est\u00e1 mais cansado e mais machucado;\u00a0<\/span><\/p>\n<p><span style=\"font-weight: 400;\">VIII ESTA\u00c7\u00c3O: JESUS ENCONTRA AS MULHERES DE JERUSAL\u00c9M \u2013 durante sua prociss\u00e3o, uma grande multid\u00e3o do povo seguia Jesus, entre elas mulheres que batiam no peito e choravam por ele;\u00a0<\/span><\/p>\n<p><span style=\"font-weight: 400;\">IX ESTA\u00c7\u00c3O: JESUS CAI PELA TERCEIRA VEZ &#8211; Perto do destino final, Jesus cai pela terceira vez. Seu corpo j\u00e1 est\u00e1 no limite das for\u00e7as e ele se sente cada vez mais humilhado. Neste momento, a prociss\u00e3o j\u00e1 se encontra na rua Le\u00e3o XIII, a rua de destino da Igreja Nossa Senhora da Piedade;\u00a0<\/span><\/p>\n<p><span style=\"font-weight: 400;\">X ESTA\u00c7\u00c3O: JESUS \u00c9 DESPOJADO DE SUAS VESTES &#8211; Eis o auge da humilha\u00e7\u00e3o p\u00fablica: ser despido diante de todos. Os soldados pegaram suas vestes e as dividiram em quatro partes, uma para cada soldado. A t\u00fanica era feita sem costura, uma pe\u00e7a s\u00f3 de cima a baixo; Encena\u00e7\u00e3o feita na Pra\u00e7a da Matriz de Hamburgo Velho;\u00a0<\/span><\/p>\n<p><span style=\"font-weight: 400;\">XI ESTA\u00c7\u00c3O: JESUS \u00c9 PREGADO NA CRUZ \u2013 Quando chegaram ao lugar chamado Calv\u00e1rio, ali crucificaram Jesus. O Mesmo dizia: Pai, perdoa-lhes! Eles n\u00e3o sabem o que fazem, e tamb\u00e9m: Tenho sede! Ent\u00e3o amarraram uma esponja ensopada de vinagre em uma vara e deram a Jesus. Pregado na cruz, Jesus mostra o que significa amar at\u00e9 as \u00faltimas consequ\u00eancias;\u00a0<\/span><\/p>\n<p><span style=\"font-weight: 400;\">XII ESTA\u00c7\u00c3O: JESUS MORRE NA CRUZ &#8211; Jesus: \u201cPai, em tuas m\u00e3os entrego meu esp\u00edrito!\u201d Jesus morre por n\u00f3s, sendo esta a sua maior prova de amor. Nesta esta\u00e7\u00e3o, a encena\u00e7\u00e3o acontece em frente \u00e0 igreja;\u00a0<\/span><\/p>\n<p><span style=\"font-weight: 400;\">XIII ESTA\u00c7\u00c3O: JESUS \u00c9 DESCIDO DA CRUZ &#8211; O corpo de Jesus \u00e9 descido da cruz e entregue nos bra\u00e7os de Maria;\u00a0<\/span><\/p>\n<p><span style=\"font-weight: 400;\">XIV ESTA\u00c7\u00c3O: JESUS \u00c9 SEPULTADO &#8211; Jos\u00e9 comprou um len\u00e7ol de linho, desceu Jesus da cruz, envolveu-o no len\u00e7ol e colocou-o num t\u00famulo escavado na rocha; depois, rolou uma pedra na entrada do t\u00famulo. Por fim, \u00e9 encenada a leva do corpo de Jesus Cristo acolhido at\u00e9 a Igreja Nossa Senhora da Piedade.\u00a0<\/span><\/p>\n<p>&nbsp;<\/p>\n<p><span style=\"font-weight: 400;\">Agradecemos a todos os envolvidos, especialmente aos jovens que dedicaram seu tempo e energia para tornar esta celebra\u00e7\u00e3o t\u00e3o significativa. Que este caminho realizado da Via-Sacra nos inspire a vivermos com mais compaix\u00e3o, amor e f\u00e9 em nossas vidas.<\/span><\/p>\n<p>&nbsp;<\/p>\n<div class=\"w-gallery cols_3 link_file\"><div class=\"w-gallery-list\"><a class=\"w-gallery-item order_1\" href=\"https:\/\/www.acsc.com.br\/santacatarina\/wp-content\/uploads\/sites\/2\/2024\/04\/8.jpg\" title=\"8\"><div class=\"w-gallery-item-img\"><img loading=\"lazy\" decoding=\"async\" width=\"150\" height=\"150\" src=\"https:\/\/www.acsc.com.br\/santacatarina\/wp-content\/uploads\/sites\/2\/2024\/04\/8-150x150.jpg\" class=\"attachment-thumbnail size-thumbnail\" alt=\"\" \/><\/div><\/a><a class=\"w-gallery-item order_2\" href=\"https:\/\/www.acsc.com.br\/santacatarina\/wp-content\/uploads\/sites\/2\/2024\/04\/9.jpg\" title=\"9\"><div class=\"w-gallery-item-img\"><img loading=\"lazy\" decoding=\"async\" width=\"150\" height=\"150\" src=\"https:\/\/www.acsc.com.br\/santacatarina\/wp-content\/uploads\/sites\/2\/2024\/04\/9-150x150.jpg\" class=\"attachment-thumbnail size-thumbnail\" alt=\"\" \/><\/div><\/a><a class=\"w-gallery-item order_3\" href=\"https:\/\/www.acsc.com.br\/santacatarina\/wp-content\/uploads\/sites\/2\/2024\/04\/6.jpg\" title=\"6\"><div class=\"w-gallery-item-img\"><img loading=\"lazy\" decoding=\"async\" width=\"150\" height=\"150\" src=\"https:\/\/www.acsc.com.br\/santacatarina\/wp-content\/uploads\/sites\/2\/2024\/04\/6-150x150.jpg\" class=\"attachment-thumbnail size-thumbnail\" alt=\"\" \/><\/div><\/a><a class=\"w-gallery-item order_4\" href=\"https:\/\/www.acsc.com.br\/santacatarina\/wp-content\/uploads\/sites\/2\/2024\/04\/7.jpg\" title=\"7\"><div class=\"w-gallery-item-img\"><img loading=\"lazy\" decoding=\"async\" width=\"150\" height=\"150\" src=\"https:\/\/www.acsc.com.br\/santacatarina\/wp-content\/uploads\/sites\/2\/2024\/04\/7-150x150.jpg\" class=\"attachment-thumbnail size-thumbnail\" alt=\"\" \/><\/div><\/a><a class=\"w-gallery-item order_5\" href=\"https:\/\/www.acsc.com.br\/santacatarina\/wp-content\/uploads\/sites\/2\/2024\/04\/10.jpg\" title=\"10\"><div class=\"w-gallery-item-img\"><img loading=\"lazy\" decoding=\"async\" width=\"150\" height=\"150\" src=\"https:\/\/www.acsc.com.br\/santacatarina\/wp-content\/uploads\/sites\/2\/2024\/04\/10-150x150.jpg\" class=\"attachment-thumbnail size-thumbnail\" alt=\"\" \/><\/div><\/a><a class=\"w-gallery-item order_6\" href=\"https:\/\/www.acsc.com.br\/santacatarina\/wp-content\/uploads\/sites\/2\/2024\/04\/3.jpg\" title=\"3\"><div class=\"w-gallery-item-img\"><img loading=\"lazy\" decoding=\"async\" width=\"150\" height=\"150\" src=\"https:\/\/www.acsc.com.br\/santacatarina\/wp-content\/uploads\/sites\/2\/2024\/04\/3-150x150.jpg\" class=\"attachment-thumbnail size-thumbnail\" alt=\"\" \/><\/div><\/a><a class=\"w-gallery-item order_7\" href=\"https:\/\/www.acsc.com.br\/santacatarina\/wp-content\/uploads\/sites\/2\/2024\/04\/5.jpg\" title=\"5\"><div class=\"w-gallery-item-img\"><img loading=\"lazy\" decoding=\"async\" width=\"150\" height=\"150\" src=\"https:\/\/www.acsc.com.br\/santacatarina\/wp-content\/uploads\/sites\/2\/2024\/04\/5-150x150.jpg\" class=\"attachment-thumbnail size-thumbnail\" alt=\"\" \/><\/div><\/a><a class=\"w-gallery-item order_8\" href=\"https:\/\/www.acsc.com.br\/santacatarina\/wp-content\/uploads\/sites\/2\/2024\/04\/2.jpg\" title=\"2\"><div class=\"w-gallery-item-img\"><img loading=\"lazy\" decoding=\"async\" width=\"150\" height=\"150\" src=\"https:\/\/www.acsc.com.br\/santacatarina\/wp-content\/uploads\/sites\/2\/2024\/04\/2-150x150.jpg\" class=\"attachment-thumbnail size-thumbnail\" alt=\"\" \/><\/div><\/a><a class=\"w-gallery-item order_9\" href=\"https:\/\/www.acsc.com.br\/santacatarina\/wp-content\/uploads\/sites\/2\/2024\/04\/4.jpg\" title=\"4\"><div class=\"w-gallery-item-img\"><img loading=\"lazy\" decoding=\"async\" width=\"150\" height=\"150\" src=\"https:\/\/www.acsc.com.br\/santacatarina\/wp-content\/uploads\/sites\/2\/2024\/04\/4-150x150.jpg\" class=\"attachment-thumbnail size-thumbnail\" alt=\"\" \/><\/div><\/a><a class=\"w-gallery-item order_10\" href=\"https:\/\/www.acsc.com.br\/santacatarina\/wp-content\/uploads\/sites\/2\/2024\/04\/1.jpg\" title=\"1\"><div class=\"w-gallery-item-img\"><img loading=\"lazy\" decoding=\"async\" width=\"150\" height=\"150\" src=\"https:\/\/www.acsc.com.br\/santacatarina\/wp-content\/uploads\/sites\/2\/2024\/04\/1-150x150.jpg\" class=\"attachment-thumbnail size-thumbnail\" alt=\"\" \/><\/div><\/a><\/div><\/div>\n<p><span style=\"font-weight: 400;\">\u00a0<\/span><\/p>\n<p>&nbsp;<\/p>\n<p><span style=\"font-weight: 400;\">Confira mais fotos deste momento em: <\/span><a href=\"https:\/\/www.flickr.com\/photos\/colegiosantanh\/albums\/72177720316074431\"><span style=\"font-weight: 400;\">https:\/\/www.flickr.com\/photos\/colegiosantanh\/albums\/72177720316074431.<\/span><\/a><\/p>\n","protected":false},"excerpt":{"rendered":"<p>No dia 26 de mar\u00e7o, uma ter\u00e7a-feira \u00e0 noite, a comunidade escolar se reuniu em uma emocionante prociss\u00e3o de Via-Sacra, uma jornada de devo\u00e7\u00e3o que percorreu os cora\u00e7\u00f5es e as ruas de nosso bairro. Este evento especial foi realizado em parceria com a Par\u00f3quia Nossa Senhora da Piedade e contou com a participa\u00e7\u00e3o ativa dos&#8230;<\/p>\n","protected":false},"author":1,"featured_media":742,"comment_status":"closed","ping_status":"closed","sticky":false,"template":"","format":"standard","meta":{"_acf_changed":false,"footnotes":""},"categories":[1],"tags":[],"class_list":["post-732","post","type-post","status-publish","format-standard","has-post-thumbnail","hentry","category-noticias"],"acf":[],"_links":{"self":[{"href":"https:\/\/www.acsc.com.br\/santacatarina\/wp-json\/wp\/v2\/posts\/732","targetHints":{"allow":["GET"]}}],"collection":[{"href":"https:\/\/www.acsc.com.br\/santacatarina\/wp-json\/wp\/v2\/posts"}],"about":[{"href":"https:\/\/www.acsc.com.br\/santacatarina\/wp-json\/wp\/v2\/types\/post"}],"author":[{"embeddable":true,"href":"https:\/\/www.acsc.com.br\/santacatarina\/wp-json\/wp\/v2\/users\/1"}],"replies":[{"embeddable":true,"href":"https:\/\/www.acsc.com.br\/santacatarina\/wp-json\/wp\/v2\/comments?post=732"}],"version-history":[{"count":2,"href":"https:\/\/www.acsc.com.br\/santacatarina\/wp-json\/wp\/v2\/posts\/732\/revisions"}],"predecessor-version":[{"id":756,"href":"https:\/\/www.acsc.com.br\/santacatarina\/wp-json\/wp\/v2\/posts\/732\/revisions\/756"}],"wp:featuredmedia":[{"embeddable":true,"href":"https:\/\/www.acsc.com.br\/santacatarina\/wp-json\/wp\/v2\/media\/742"}],"wp:attachment":[{"href":"https:\/\/www.acsc.com.br\/santacatarina\/wp-json\/wp\/v2\/media?parent=732"}],"wp:term":[{"taxonomy":"category","embeddable":true,"href":"https:\/\/www.acsc.com.br\/santacatarina\/wp-json\/wp\/v2\/categories?post=732"},{"taxonomy":"post_tag","embeddable":true,"href":"https:\/\/www.acsc.com.br\/santacatarina\/wp-json\/wp\/v2\/tags?post=732"}],"curies":[{"name":"wp","href":"https:\/\/api.w.org\/{rel}","templated":true}]}}