{"id":720,"date":"2024-04-08T09:37:15","date_gmt":"2024-04-08T12:37:15","guid":{"rendered":"https:\/\/www.acsc.com.br\/santacatarina\/?p=720"},"modified":"2024-04-08T09:40:50","modified_gmt":"2024-04-08T12:40:50","slug":"missa-com-bencao-de-ramos","status":"publish","type":"post","link":"https:\/\/www.acsc.com.br\/santacatarina\/2024\/04\/08\/missa-com-bencao-de-ramos\/","title":{"rendered":"Missa com B\u00ean\u00e7\u00e3o de Ramos"},"content":{"rendered":"<p><span style=\"font-weight: 400;\">No s\u00e1bado, dia 23 de mar\u00e7o de 2024, a comunidade escolar se reuniu para a Missa com B\u00ean\u00e7\u00e3o de Ramos. O evento, realizado no Col\u00e9gio, na Capela Sagrado Cora\u00e7\u00e3o de Jesus, teve a honra de contar com a presen\u00e7a do Padre Everson Lino Rodrigues, p\u00e1roco da Par\u00f3quia Nossa Senhora da Piedade.\u00a0<\/span><\/p>\n<p>&nbsp;<\/p>\n<p><span style=\"font-weight: 400;\">No in\u00edcio da manh\u00e3 as crian\u00e7as prepararam a prociss\u00e3o, recebendo a comunidade com os ramos aben\u00e7oados, simbolizando a entrada triunfal de Jesus em Jerusal\u00e9m. Enquanto avan\u00e7\u00e1vamos, cada passo era marcado pelas vozes unidas em ora\u00e7\u00e3o. A atmosfera era de devo\u00e7\u00e3o e alegria, \u00e0 medida que os ramos eram suavemente balan\u00e7ados, espalhando b\u00ean\u00e7\u00e3os pelo caminho.\u00a0<\/span><\/p>\n<p>&nbsp;<\/p>\n<p><span style=\"font-weight: 400;\">Durante a missa, presenciamos belas can\u00e7\u00f5es, testemunhos e poderosas ora\u00e7\u00f5es. No entanto, foi a presen\u00e7a das crian\u00e7as no presbit\u00e9rio que verdadeiramente encantou a todos. Seus olhares atentos, absorvendo cada palavra de sabedoria proferida pelo padre, foi um testemunho vivo da import\u00e2ncia desse momento.\u00a0<\/span><\/p>\n<p>&nbsp;<\/p>\n<p><span style=\"font-weight: 400;\">No decorrer, o ambiente e as palavras trouxeram conforto e renova\u00e7\u00e3o espiritual \u00e0 comunidade presente. Que possamos todos seguir os ensinamentos de amor e compaix\u00e3o transmitidos neste dia t\u00e3o especial.\u00a0<\/span><\/p>\n<p>&nbsp;<\/p>\n<div class=\"w-gallery cols_3 link_file\"><div class=\"w-gallery-list\"><a class=\"w-gallery-item order_1\" href=\"https:\/\/www.acsc.com.br\/santacatarina\/wp-content\/uploads\/sites\/2\/2024\/04\/Missa-6.jpg\" title=\"Missa 6\"><div class=\"w-gallery-item-img\"><img loading=\"lazy\" decoding=\"async\" width=\"150\" height=\"150\" src=\"https:\/\/www.acsc.com.br\/santacatarina\/wp-content\/uploads\/sites\/2\/2024\/04\/Missa-6-150x150.jpg\" class=\"attachment-thumbnail size-thumbnail\" alt=\"\" \/><\/div><\/a><a class=\"w-gallery-item order_2\" href=\"https:\/\/www.acsc.com.br\/santacatarina\/wp-content\/uploads\/sites\/2\/2024\/04\/Missa-2.jpg\" title=\"Missa 2\"><div class=\"w-gallery-item-img\"><img loading=\"lazy\" decoding=\"async\" width=\"150\" height=\"150\" src=\"https:\/\/www.acsc.com.br\/santacatarina\/wp-content\/uploads\/sites\/2\/2024\/04\/Missa-2-150x150.jpg\" class=\"attachment-thumbnail size-thumbnail\" alt=\"\" \/><\/div><\/a><a class=\"w-gallery-item order_3\" href=\"https:\/\/www.acsc.com.br\/santacatarina\/wp-content\/uploads\/sites\/2\/2024\/04\/Missa-4.jpg\" title=\"Missa 4\"><div class=\"w-gallery-item-img\"><img loading=\"lazy\" decoding=\"async\" width=\"150\" height=\"150\" src=\"https:\/\/www.acsc.com.br\/santacatarina\/wp-content\/uploads\/sites\/2\/2024\/04\/Missa-4-150x150.jpg\" class=\"attachment-thumbnail size-thumbnail\" alt=\"\" \/><\/div><\/a><a class=\"w-gallery-item order_4\" href=\"https:\/\/www.acsc.com.br\/santacatarina\/wp-content\/uploads\/sites\/2\/2024\/04\/Missa-9.jpg\" title=\"Missa 9\"><div class=\"w-gallery-item-img\"><img loading=\"lazy\" decoding=\"async\" width=\"150\" height=\"150\" src=\"https:\/\/www.acsc.com.br\/santacatarina\/wp-content\/uploads\/sites\/2\/2024\/04\/Missa-9-150x150.jpg\" class=\"attachment-thumbnail size-thumbnail\" alt=\"\" \/><\/div><\/a><a class=\"w-gallery-item order_5\" href=\"https:\/\/www.acsc.com.br\/santacatarina\/wp-content\/uploads\/sites\/2\/2024\/04\/Missa-5.jpg\" title=\"Missa 5\"><div class=\"w-gallery-item-img\"><img loading=\"lazy\" decoding=\"async\" width=\"150\" height=\"150\" src=\"https:\/\/www.acsc.com.br\/santacatarina\/wp-content\/uploads\/sites\/2\/2024\/04\/Missa-5-150x150.jpg\" class=\"attachment-thumbnail size-thumbnail\" alt=\"\" \/><\/div><\/a><a class=\"w-gallery-item order_6\" href=\"https:\/\/www.acsc.com.br\/santacatarina\/wp-content\/uploads\/sites\/2\/2024\/04\/Missa-3.jpg\" title=\"Missa 3\"><div class=\"w-gallery-item-img\"><img loading=\"lazy\" decoding=\"async\" width=\"150\" height=\"150\" src=\"https:\/\/www.acsc.com.br\/santacatarina\/wp-content\/uploads\/sites\/2\/2024\/04\/Missa-3-150x150.jpg\" class=\"attachment-thumbnail size-thumbnail\" alt=\"\" \/><\/div><\/a><a class=\"w-gallery-item order_7\" href=\"https:\/\/www.acsc.com.br\/santacatarina\/wp-content\/uploads\/sites\/2\/2024\/04\/Missa-8.jpg\" title=\"Missa 8\"><div class=\"w-gallery-item-img\"><img loading=\"lazy\" decoding=\"async\" width=\"150\" height=\"150\" src=\"https:\/\/www.acsc.com.br\/santacatarina\/wp-content\/uploads\/sites\/2\/2024\/04\/Missa-8-150x150.jpg\" class=\"attachment-thumbnail size-thumbnail\" alt=\"\" \/><\/div><\/a><a class=\"w-gallery-item order_8\" href=\"https:\/\/www.acsc.com.br\/santacatarina\/wp-content\/uploads\/sites\/2\/2024\/04\/Missa-7.jpg\" title=\"Missa 7\"><div class=\"w-gallery-item-img\"><img loading=\"lazy\" decoding=\"async\" width=\"150\" height=\"150\" src=\"https:\/\/www.acsc.com.br\/santacatarina\/wp-content\/uploads\/sites\/2\/2024\/04\/Missa-7-150x150.jpg\" class=\"attachment-thumbnail size-thumbnail\" alt=\"\" \/><\/div><\/a><a class=\"w-gallery-item order_9\" href=\"https:\/\/www.acsc.com.br\/santacatarina\/wp-content\/uploads\/sites\/2\/2024\/04\/Missa-10.jpg\" title=\"Missa 10\"><div class=\"w-gallery-item-img\"><img loading=\"lazy\" decoding=\"async\" width=\"150\" height=\"150\" src=\"https:\/\/www.acsc.com.br\/santacatarina\/wp-content\/uploads\/sites\/2\/2024\/04\/Missa-10-150x150.jpg\" class=\"attachment-thumbnail size-thumbnail\" alt=\"\" \/><\/div><\/a><a class=\"w-gallery-item order_10\" href=\"https:\/\/www.acsc.com.br\/santacatarina\/wp-content\/uploads\/sites\/2\/2024\/04\/Missa-1.jpg\" title=\"Missa 1\"><div class=\"w-gallery-item-img\"><img loading=\"lazy\" decoding=\"async\" width=\"150\" height=\"150\" src=\"https:\/\/www.acsc.com.br\/santacatarina\/wp-content\/uploads\/sites\/2\/2024\/04\/Missa-1-150x150.jpg\" class=\"attachment-thumbnail size-thumbnail\" alt=\"\" \/><\/div><\/a><\/div><\/div>\n<p>&nbsp;<\/p>\n<p><span style=\"font-weight: 400;\">Confira mais fotos deste momento em: <\/span><a href=\"https:\/\/www.flickr.com\/photos\/colegiosantanh\/albums\/72177720316070805\"><span style=\"font-weight: 400;\">https:\/\/www.flickr.com\/photos\/colegiosantanh\/albums\/72177720316070805<\/span><\/a><span style=\"font-weight: 400;\">.<\/span><\/p>\n","protected":false},"excerpt":{"rendered":"<p>No s\u00e1bado, dia 23 de mar\u00e7o de 2024, a comunidade escolar se reuniu para a Missa com B\u00ean\u00e7\u00e3o de Ramos. O evento, realizado no Col\u00e9gio, na Capela Sagrado Cora\u00e7\u00e3o de Jesus, teve a honra de contar com a presen\u00e7a do Padre Everson Lino Rodrigues, p\u00e1roco da Par\u00f3quia Nossa Senhora da Piedade.\u00a0 &nbsp; No in\u00edcio da&#8230;<\/p>\n","protected":false},"author":1,"featured_media":730,"comment_status":"closed","ping_status":"closed","sticky":false,"template":"","format":"standard","meta":{"_acf_changed":false,"footnotes":""},"categories":[1],"tags":[],"class_list":["post-720","post","type-post","status-publish","format-standard","has-post-thumbnail","hentry","category-noticias"],"acf":[],"_links":{"self":[{"href":"https:\/\/www.acsc.com.br\/santacatarina\/wp-json\/wp\/v2\/posts\/720","targetHints":{"allow":["GET"]}}],"collection":[{"href":"https:\/\/www.acsc.com.br\/santacatarina\/wp-json\/wp\/v2\/posts"}],"about":[{"href":"https:\/\/www.acsc.com.br\/santacatarina\/wp-json\/wp\/v2\/types\/post"}],"author":[{"embeddable":true,"href":"https:\/\/www.acsc.com.br\/santacatarina\/wp-json\/wp\/v2\/users\/1"}],"replies":[{"embeddable":true,"href":"https:\/\/www.acsc.com.br\/santacatarina\/wp-json\/wp\/v2\/comments?post=720"}],"version-history":[{"count":1,"href":"https:\/\/www.acsc.com.br\/santacatarina\/wp-json\/wp\/v2\/posts\/720\/revisions"}],"predecessor-version":[{"id":731,"href":"https:\/\/www.acsc.com.br\/santacatarina\/wp-json\/wp\/v2\/posts\/720\/revisions\/731"}],"wp:featuredmedia":[{"embeddable":true,"href":"https:\/\/www.acsc.com.br\/santacatarina\/wp-json\/wp\/v2\/media\/730"}],"wp:attachment":[{"href":"https:\/\/www.acsc.com.br\/santacatarina\/wp-json\/wp\/v2\/media?parent=720"}],"wp:term":[{"taxonomy":"category","embeddable":true,"href":"https:\/\/www.acsc.com.br\/santacatarina\/wp-json\/wp\/v2\/categories?post=720"},{"taxonomy":"post_tag","embeddable":true,"href":"https:\/\/www.acsc.com.br\/santacatarina\/wp-json\/wp\/v2\/tags?post=720"}],"curies":[{"name":"wp","href":"https:\/\/api.w.org\/{rel}","templated":true}]}}