{"id":684,"date":"2024-02-22T15:08:50","date_gmt":"2024-02-22T18:08:50","guid":{"rendered":"https:\/\/www.acsc.com.br\/santacatarina\/?p=684"},"modified":"2024-02-22T15:08:50","modified_gmt":"2024-02-22T18:08:50","slug":"volta-as-aulas-2024-no-colegio-santa-catarina","status":"publish","type":"post","link":"https:\/\/www.acsc.com.br\/santacatarina\/2024\/02\/22\/volta-as-aulas-2024-no-colegio-santa-catarina\/","title":{"rendered":"Volta \u00e0s aulas 2024 no Col\u00e9gio Santa Catarina"},"content":{"rendered":"<p>No dia 14\/02, as portas se abriram para os estudantes do Ensino Fundamental I (2\u00ba ao 9\u00ba ano) e Ensino M\u00e9dio, enquanto no dia 15\/02, foi a vez da Educa\u00e7\u00e3o Infantil, 1\u00ba ano do Ensino Fundamental e do animado Espa\u00e7o Adventure.<\/p>\n<p>A equipe pedag\u00f3gica e os professores recepcionaram calorosamente os alunos, proporcionando um ambiente acolhedor e familiar desde os primeiros passos dentro da escola. A presen\u00e7a da mascote Catarina, sorridente e carism\u00e1tica, animou os dias e garantiu momentos inesquec\u00edveis registrados em fotos que capturam a energia contagiante desse retorno.<\/p>\n<p>Em uma parceria especial com o GESC (Gr\u00eamio Estudantil do Col\u00e9gio Santa Catarina), os alunos foram surpreendidos com a distribui\u00e7\u00e3o de sacol\u00e9s, trazendo um refresco delicioso para os dias ensolarados de volta \u00e0s aulas. Al\u00e9m disso, o perna de pau trouxe divers\u00e3o aos intervalos, proporcionando risadas entre os estudantes.<\/p>\n<p>Que este seja um cap\u00edtulo memor\u00e1vel na jornada educacional de cada aluno, impulsionando-os a alcan\u00e7ar novos patamares e construir um futuro promissor.<\/p>\n<p>&nbsp;<\/p>\n<div class=\"w-gallery cols_3 link_file\"><div class=\"w-gallery-list\"><a class=\"w-gallery-item order_1\" href=\"https:\/\/www.acsc.com.br\/santacatarina\/wp-content\/uploads\/sites\/2\/2024\/02\/GESC-sacole.jpeg\" title=\"GESC sacole\u0301\"><div class=\"w-gallery-item-img\"><img loading=\"lazy\" decoding=\"async\" width=\"150\" height=\"150\" src=\"https:\/\/www.acsc.com.br\/santacatarina\/wp-content\/uploads\/sites\/2\/2024\/02\/GESC-sacole-150x150.jpeg\" class=\"attachment-thumbnail size-thumbnail\" alt=\"\" \/><\/div><\/a><a class=\"w-gallery-item order_2\" href=\"https:\/\/www.acsc.com.br\/santacatarina\/wp-content\/uploads\/sites\/2\/2024\/02\/Alunos-chegada.jpeg\" title=\"Alunos chegada\"><div class=\"w-gallery-item-img\"><img loading=\"lazy\" decoding=\"async\" width=\"150\" height=\"150\" src=\"https:\/\/www.acsc.com.br\/santacatarina\/wp-content\/uploads\/sites\/2\/2024\/02\/Alunos-chegada-150x150.jpeg\" class=\"attachment-thumbnail size-thumbnail\" alt=\"\" \/><\/div><\/a><a class=\"w-gallery-item order_3\" href=\"https:\/\/www.acsc.com.br\/santacatarina\/wp-content\/uploads\/sites\/2\/2024\/02\/Alunos-reunidos.jpeg\" title=\"Alunos reunidos\"><div class=\"w-gallery-item-img\"><img loading=\"lazy\" decoding=\"async\" width=\"150\" height=\"150\" src=\"https:\/\/www.acsc.com.br\/santacatarina\/wp-content\/uploads\/sites\/2\/2024\/02\/Alunos-reunidos-150x150.jpeg\" class=\"attachment-thumbnail size-thumbnail\" alt=\"\" \/><\/div><\/a><a class=\"w-gallery-item order_4\" href=\"https:\/\/www.acsc.com.br\/santacatarina\/wp-content\/uploads\/sites\/2\/2024\/02\/Criancas-perna-de-pau.jpeg\" title=\"Crianc\u0327as + perna de pau\"><div class=\"w-gallery-item-img\"><img loading=\"lazy\" decoding=\"async\" width=\"150\" height=\"150\" src=\"https:\/\/www.acsc.com.br\/santacatarina\/wp-content\/uploads\/sites\/2\/2024\/02\/Criancas-perna-de-pau-150x150.jpeg\" class=\"attachment-thumbnail size-thumbnail\" alt=\"\" \/><\/div><\/a><a class=\"w-gallery-item order_5\" href=\"https:\/\/www.acsc.com.br\/santacatarina\/wp-content\/uploads\/sites\/2\/2024\/02\/GESC-sacole-2.jpeg\" title=\"GESC sacole\u0301 2\"><div class=\"w-gallery-item-img\"><img loading=\"lazy\" decoding=\"async\" width=\"150\" height=\"150\" src=\"https:\/\/www.acsc.com.br\/santacatarina\/wp-content\/uploads\/sites\/2\/2024\/02\/GESC-sacole-2-150x150.jpeg\" class=\"attachment-thumbnail size-thumbnail\" alt=\"\" \/><\/div><\/a><a class=\"w-gallery-item order_6\" href=\"https:\/\/www.acsc.com.br\/santacatarina\/wp-content\/uploads\/sites\/2\/2024\/02\/Fotos-com-Catarina.jpeg\" title=\"Fotos com Catarina\"><div class=\"w-gallery-item-img\"><img loading=\"lazy\" decoding=\"async\" width=\"150\" height=\"150\" src=\"https:\/\/www.acsc.com.br\/santacatarina\/wp-content\/uploads\/sites\/2\/2024\/02\/Fotos-com-Catarina-150x150.jpeg\" class=\"attachment-thumbnail size-thumbnail\" alt=\"\" \/><\/div><\/a><\/div><\/div>\n","protected":false},"excerpt":{"rendered":"<p>No dia 14\/02, as portas se abriram para os estudantes do Ensino Fundamental I (2\u00ba ao 9\u00ba ano) e Ensino M\u00e9dio, enquanto no dia 15\/02, foi a vez da Educa\u00e7\u00e3o Infantil, 1\u00ba ano do Ensino Fundamental e do animado Espa\u00e7o Adventure. A equipe pedag\u00f3gica e os professores recepcionaram calorosamente os alunos, proporcionando um ambiente acolhedor&#8230;<\/p>\n","protected":false},"author":1,"featured_media":687,"comment_status":"closed","ping_status":"closed","sticky":false,"template":"","format":"standard","meta":{"_acf_changed":false,"footnotes":""},"categories":[1],"tags":[],"class_list":["post-684","post","type-post","status-publish","format-standard","has-post-thumbnail","hentry","category-noticias"],"acf":[],"_links":{"self":[{"href":"https:\/\/www.acsc.com.br\/santacatarina\/wp-json\/wp\/v2\/posts\/684","targetHints":{"allow":["GET"]}}],"collection":[{"href":"https:\/\/www.acsc.com.br\/santacatarina\/wp-json\/wp\/v2\/posts"}],"about":[{"href":"https:\/\/www.acsc.com.br\/santacatarina\/wp-json\/wp\/v2\/types\/post"}],"author":[{"embeddable":true,"href":"https:\/\/www.acsc.com.br\/santacatarina\/wp-json\/wp\/v2\/users\/1"}],"replies":[{"embeddable":true,"href":"https:\/\/www.acsc.com.br\/santacatarina\/wp-json\/wp\/v2\/comments?post=684"}],"version-history":[{"count":1,"href":"https:\/\/www.acsc.com.br\/santacatarina\/wp-json\/wp\/v2\/posts\/684\/revisions"}],"predecessor-version":[{"id":691,"href":"https:\/\/www.acsc.com.br\/santacatarina\/wp-json\/wp\/v2\/posts\/684\/revisions\/691"}],"wp:featuredmedia":[{"embeddable":true,"href":"https:\/\/www.acsc.com.br\/santacatarina\/wp-json\/wp\/v2\/media\/687"}],"wp:attachment":[{"href":"https:\/\/www.acsc.com.br\/santacatarina\/wp-json\/wp\/v2\/media?parent=684"}],"wp:term":[{"taxonomy":"category","embeddable":true,"href":"https:\/\/www.acsc.com.br\/santacatarina\/wp-json\/wp\/v2\/categories?post=684"},{"taxonomy":"post_tag","embeddable":true,"href":"https:\/\/www.acsc.com.br\/santacatarina\/wp-json\/wp\/v2\/tags?post=684"}],"curies":[{"name":"wp","href":"https:\/\/api.w.org\/{rel}","templated":true}]}}