{"id":663,"date":"2024-01-05T16:54:31","date_gmt":"2024-01-05T19:54:31","guid":{"rendered":"https:\/\/www.acsc.com.br\/santacatarina\/?p=663"},"modified":"2024-01-05T16:56:30","modified_gmt":"2024-01-05T19:56:30","slug":"celebracao-da-formatura-dos-3o-anos-do-ensino-medio","status":"publish","type":"post","link":"https:\/\/www.acsc.com.br\/santacatarina\/2024\/01\/05\/celebracao-da-formatura-dos-3o-anos-do-ensino-medio\/","title":{"rendered":"Celebra\u00e7\u00e3o da Formatura dos 3\u00ba Anos do Ensino M\u00e9dio"},"content":{"rendered":"<p>Na noite de 15 de dezembro de 2023, o brilho da expectativa pairava no ar enquanto as turmas 310 e 320 do Ensino M\u00e9dio se preparavam para celebrar um marco importante em suas vidas acad\u00eamicas &#8211; a t\u00e3o esperada formatura. O palco estava montado, o Sal\u00e3o Nobre decorado e a atmosfera repleta de emo\u00e7\u00e3o, ansiedade e alegria.<\/p>\n<p>A cerim\u00f4nia teve in\u00edcio com a diretora Ir.Janete e o paraninfo das turmas, professor Marcelo, conduzindo os alunos a se destinarem ao palco. O Sal\u00e3o estava repleto de eleg\u00e2ncia, com os formandos vestindo trajes festivos que refletiam n\u00e3o apenas a celebra\u00e7\u00e3o da ocasi\u00e3o, mas tamb\u00e9m o respeito pela import\u00e2ncia do momento. As cores vibrantes e os sorrisos radiantes eram testemunhas vis\u00edveis do orgulho e da realiza\u00e7\u00e3o que permeavam o ambiente.<\/p>\n<p>Na cerim\u00f4nia houveram discursos emocionantes que capturaram a jornada acad\u00eamica, os desafios superados e as amizades cultivadas ao longo dos anos. Cada palavra ressoava com a gratid\u00e3o pelos professores, a determina\u00e7\u00e3o diante dos desafios e a expectativa ansiosa pelo futuro que se desenhava diante deles.<\/p>\n<p>Al\u00e9m da entrega dos diplomas, a noite reservou um momento especial para homenagear os funcion\u00e1rios. Os alunos escolheram reconhecer aqueles pelos quais nutriam carinho e admira\u00e7\u00e3o, tornando a cerim\u00f4nia n\u00e3o apenas um marco acad\u00eamico, mas tamb\u00e9m um tributo afetuoso aos que contribu\u00edram para o enriquecimento de seus caminhos educacionais.<\/p>\n<p>Tivemos tamb\u00e9m a entrega de certificados para alunos que participaram do GESC e PJESC, e medalhas para alunos que desde pequenos fazem parte da trajet\u00f3ria escolar no Col\u00e9gio Santa Catarina.<\/p>\n<p>Ao final, os formandos celebraram juntos, refletindo sobre os momentos compartilhados e as experi\u00eancias vividas ao longo de suas jornadas no Ensino M\u00e9dio. O encerramento da formatura n\u00e3o marcou apenas o fim de uma etapa acad\u00eamica, mas tamb\u00e9m o in\u00edcio de um novo cap\u00edtulo cheio de promessas e oportunidades.<\/p>\n<p>&nbsp;<\/p>\n<div class=\"w-gallery cols_3 link_file\"><div class=\"w-gallery-list\"><a class=\"w-gallery-item order_1\" href=\"https:\/\/www.acsc.com.br\/santacatarina\/wp-content\/uploads\/sites\/2\/2024\/01\/IMG_9669.jpeg\" title=\"IMG_9669\"><div class=\"w-gallery-item-img\"><img loading=\"lazy\" decoding=\"async\" width=\"150\" height=\"150\" src=\"https:\/\/www.acsc.com.br\/santacatarina\/wp-content\/uploads\/sites\/2\/2024\/01\/IMG_9669-150x150.jpeg\" class=\"attachment-thumbnail size-thumbnail\" alt=\"\" \/><\/div><\/a><a class=\"w-gallery-item order_2\" href=\"https:\/\/www.acsc.com.br\/santacatarina\/wp-content\/uploads\/sites\/2\/2024\/01\/IMG_9700.jpeg\" title=\"IMG_9700\"><div class=\"w-gallery-item-img\"><img loading=\"lazy\" decoding=\"async\" width=\"150\" height=\"150\" src=\"https:\/\/www.acsc.com.br\/santacatarina\/wp-content\/uploads\/sites\/2\/2024\/01\/IMG_9700-150x150.jpeg\" class=\"attachment-thumbnail size-thumbnail\" alt=\"\" \/><\/div><\/a><a class=\"w-gallery-item order_3\" href=\"https:\/\/www.acsc.com.br\/santacatarina\/wp-content\/uploads\/sites\/2\/2024\/01\/IMG_9674.jpeg\" title=\"IMG_9674\"><div class=\"w-gallery-item-img\"><img loading=\"lazy\" decoding=\"async\" width=\"150\" height=\"150\" src=\"https:\/\/www.acsc.com.br\/santacatarina\/wp-content\/uploads\/sites\/2\/2024\/01\/IMG_9674-150x150.jpeg\" class=\"attachment-thumbnail size-thumbnail\" alt=\"\" \/><\/div><\/a><a class=\"w-gallery-item order_4\" href=\"https:\/\/www.acsc.com.br\/santacatarina\/wp-content\/uploads\/sites\/2\/2024\/01\/IMG_9730.jpeg\" title=\"IMG_9730\"><div class=\"w-gallery-item-img\"><img loading=\"lazy\" decoding=\"async\" width=\"150\" height=\"150\" src=\"https:\/\/www.acsc.com.br\/santacatarina\/wp-content\/uploads\/sites\/2\/2024\/01\/IMG_9730-150x150.jpeg\" class=\"attachment-thumbnail size-thumbnail\" alt=\"\" \/><\/div><\/a><a class=\"w-gallery-item order_5\" href=\"https:\/\/www.acsc.com.br\/santacatarina\/wp-content\/uploads\/sites\/2\/2024\/01\/IMG_9728.jpeg\" title=\"IMG_9728\"><div class=\"w-gallery-item-img\"><img loading=\"lazy\" decoding=\"async\" width=\"150\" height=\"150\" src=\"https:\/\/www.acsc.com.br\/santacatarina\/wp-content\/uploads\/sites\/2\/2024\/01\/IMG_9728-150x150.jpeg\" class=\"attachment-thumbnail size-thumbnail\" alt=\"\" \/><\/div><\/a><\/div><\/div>\n","protected":false},"excerpt":{"rendered":"<p>Na noite de 15 de dezembro de 2023, o brilho da expectativa pairava no ar enquanto as turmas 310 e 320 do Ensino M\u00e9dio se preparavam para celebrar um marco importante em suas vidas acad\u00eamicas &#8211; a t\u00e3o esperada formatura. O palco estava montado, o Sal\u00e3o Nobre decorado e a atmosfera repleta de emo\u00e7\u00e3o, ansiedade&#8230;<\/p>\n","protected":false},"author":1,"featured_media":668,"comment_status":"closed","ping_status":"closed","sticky":false,"template":"","format":"standard","meta":{"_acf_changed":false,"footnotes":""},"categories":[1],"tags":[],"class_list":["post-663","post","type-post","status-publish","format-standard","has-post-thumbnail","hentry","category-noticias"],"acf":[],"_links":{"self":[{"href":"https:\/\/www.acsc.com.br\/santacatarina\/wp-json\/wp\/v2\/posts\/663","targetHints":{"allow":["GET"]}}],"collection":[{"href":"https:\/\/www.acsc.com.br\/santacatarina\/wp-json\/wp\/v2\/posts"}],"about":[{"href":"https:\/\/www.acsc.com.br\/santacatarina\/wp-json\/wp\/v2\/types\/post"}],"author":[{"embeddable":true,"href":"https:\/\/www.acsc.com.br\/santacatarina\/wp-json\/wp\/v2\/users\/1"}],"replies":[{"embeddable":true,"href":"https:\/\/www.acsc.com.br\/santacatarina\/wp-json\/wp\/v2\/comments?post=663"}],"version-history":[{"count":1,"href":"https:\/\/www.acsc.com.br\/santacatarina\/wp-json\/wp\/v2\/posts\/663\/revisions"}],"predecessor-version":[{"id":669,"href":"https:\/\/www.acsc.com.br\/santacatarina\/wp-json\/wp\/v2\/posts\/663\/revisions\/669"}],"wp:featuredmedia":[{"embeddable":true,"href":"https:\/\/www.acsc.com.br\/santacatarina\/wp-json\/wp\/v2\/media\/668"}],"wp:attachment":[{"href":"https:\/\/www.acsc.com.br\/santacatarina\/wp-json\/wp\/v2\/media?parent=663"}],"wp:term":[{"taxonomy":"category","embeddable":true,"href":"https:\/\/www.acsc.com.br\/santacatarina\/wp-json\/wp\/v2\/categories?post=663"},{"taxonomy":"post_tag","embeddable":true,"href":"https:\/\/www.acsc.com.br\/santacatarina\/wp-json\/wp\/v2\/tags?post=663"}],"curies":[{"name":"wp","href":"https:\/\/api.w.org\/{rel}","templated":true}]}}