{"id":656,"date":"2024-01-05T16:50:33","date_gmt":"2024-01-05T19:50:33","guid":{"rendered":"https:\/\/www.acsc.com.br\/santacatarina\/?p=656"},"modified":"2024-01-05T16:50:33","modified_gmt":"2024-01-05T19:50:33","slug":"celebracao-da-formatura-da-educacao-infantil-uma-passagem-para-o-mundo-letrado","status":"publish","type":"post","link":"https:\/\/www.acsc.com.br\/santacatarina\/2024\/01\/05\/celebracao-da-formatura-da-educacao-infantil-uma-passagem-para-o-mundo-letrado\/","title":{"rendered":"Celebra\u00e7\u00e3o da Formatura da Educa\u00e7\u00e3o Infantil: Uma passagem para o Mundo Letrado"},"content":{"rendered":"<p>No dia 7 de dezembro de 2023, o Col\u00e9gio Santa Catarina foi palco de uma emocionante e inesquec\u00edvel cerim\u00f4nia de formatura das turmas 05M1 e 05T1. Familiares, amigos e educadores se reuniram para celebrar o marco significativo na jornada educacional dos pequenos formandos.<\/p>\n<p>O tema mencionado para a formatura dos alunos, &#8220;Uma Passagem para o Mundo Letrado&#8221;, reflete a import\u00e2ncia n\u00e3o apenas da conclus\u00e3o de uma etapa, mas tamb\u00e9m da abertura de um novo cap\u00edtulo na jornada educacional. Cada detalhe da cerim\u00f4nia foi meticulosamente planejado para enfatizar a passagem simb\u00f3lica das crian\u00e7as para o mundo da leitura e da escrita.<\/p>\n<p>A surpresa mais encantadora da noite foi a confec\u00e7\u00e3o de uma porta, representando simbolicamente o portal que se abrir\u00e1 para o mundo letrado. Durante a cerim\u00f4nia, as crian\u00e7as foram convidadas a atravessar essa porta simb\u00f3lica, marcando n\u00e3o apenas a transi\u00e7\u00e3o f\u00edsica, mas tamb\u00e9m a emocional. Os olhares cheios de curiosidade e entusiasmo das crian\u00e7as refletem a empolga\u00e7\u00e3o pela jornada educacional que se desenvolver\u00e1 diante delas.<\/p>\n<p>Que essa conquista seja apenas o pr\u00f3logo de uma hist\u00f3ria educacional extraordin\u00e1ria que est\u00e1 apenas come\u00e7ando. Estamos ansiosos para acompanhar cada passo do caminho e celebrar muitos mais triunfos ao longo dessa jornada educacional!<\/p>\n<div class=\"w-gallery cols_3 link_file\"><div class=\"w-gallery-list\"><a class=\"w-gallery-item order_1\" href=\"https:\/\/www.acsc.com.br\/santacatarina\/wp-content\/uploads\/sites\/2\/2024\/01\/IMG_0633.jpg\" title=\"IMG_0633\"><div class=\"w-gallery-item-img\"><img loading=\"lazy\" decoding=\"async\" width=\"150\" height=\"150\" src=\"https:\/\/www.acsc.com.br\/santacatarina\/wp-content\/uploads\/sites\/2\/2024\/01\/IMG_0633-150x150.jpg\" class=\"attachment-thumbnail size-thumbnail\" alt=\"\" \/><\/div><\/a><a class=\"w-gallery-item order_2\" href=\"https:\/\/www.acsc.com.br\/santacatarina\/wp-content\/uploads\/sites\/2\/2024\/01\/IMG_0634.jpg\" title=\"IMG_0634\"><div class=\"w-gallery-item-img\"><img loading=\"lazy\" decoding=\"async\" width=\"150\" height=\"150\" src=\"https:\/\/www.acsc.com.br\/santacatarina\/wp-content\/uploads\/sites\/2\/2024\/01\/IMG_0634-150x150.jpg\" class=\"attachment-thumbnail size-thumbnail\" alt=\"\" \/><\/div><\/a><a class=\"w-gallery-item order_3\" href=\"https:\/\/www.acsc.com.br\/santacatarina\/wp-content\/uploads\/sites\/2\/2024\/01\/IMG_8864.jpeg\" title=\"IMG_8864\"><div class=\"w-gallery-item-img\"><img loading=\"lazy\" decoding=\"async\" width=\"150\" height=\"150\" src=\"https:\/\/www.acsc.com.br\/santacatarina\/wp-content\/uploads\/sites\/2\/2024\/01\/IMG_8864-150x150.jpeg\" class=\"attachment-thumbnail size-thumbnail\" alt=\"\" \/><\/div><\/a><a class=\"w-gallery-item order_4\" href=\"https:\/\/www.acsc.com.br\/santacatarina\/wp-content\/uploads\/sites\/2\/2024\/01\/IMG_8801.jpeg\" title=\"IMG_8801\"><div class=\"w-gallery-item-img\"><img loading=\"lazy\" decoding=\"async\" width=\"150\" height=\"150\" src=\"https:\/\/www.acsc.com.br\/santacatarina\/wp-content\/uploads\/sites\/2\/2024\/01\/IMG_8801-150x150.jpeg\" class=\"attachment-thumbnail size-thumbnail\" alt=\"\" \/><\/div><\/a><a class=\"w-gallery-item order_5\" href=\"https:\/\/www.acsc.com.br\/santacatarina\/wp-content\/uploads\/sites\/2\/2024\/01\/IMG_8769.jpeg\" title=\"IMG_8769\"><div class=\"w-gallery-item-img\"><img loading=\"lazy\" decoding=\"async\" width=\"150\" height=\"150\" src=\"https:\/\/www.acsc.com.br\/santacatarina\/wp-content\/uploads\/sites\/2\/2024\/01\/IMG_8769-150x150.jpeg\" class=\"attachment-thumbnail size-thumbnail\" alt=\"\" \/><\/div><\/a><\/div><\/div>\n","protected":false},"excerpt":{"rendered":"<p>No dia 7 de dezembro de 2023, o Col\u00e9gio Santa Catarina foi palco de uma emocionante e inesquec\u00edvel cerim\u00f4nia de formatura das turmas 05M1 e 05T1. Familiares, amigos e educadores se reuniram para celebrar o marco significativo na jornada educacional dos pequenos formandos. O tema mencionado para a formatura dos alunos, &#8220;Uma Passagem para o&#8230;<\/p>\n","protected":false},"author":1,"featured_media":658,"comment_status":"closed","ping_status":"closed","sticky":false,"template":"","format":"standard","meta":{"_acf_changed":false,"footnotes":""},"categories":[1],"tags":[],"class_list":["post-656","post","type-post","status-publish","format-standard","has-post-thumbnail","hentry","category-noticias"],"acf":[],"_links":{"self":[{"href":"https:\/\/www.acsc.com.br\/santacatarina\/wp-json\/wp\/v2\/posts\/656","targetHints":{"allow":["GET"]}}],"collection":[{"href":"https:\/\/www.acsc.com.br\/santacatarina\/wp-json\/wp\/v2\/posts"}],"about":[{"href":"https:\/\/www.acsc.com.br\/santacatarina\/wp-json\/wp\/v2\/types\/post"}],"author":[{"embeddable":true,"href":"https:\/\/www.acsc.com.br\/santacatarina\/wp-json\/wp\/v2\/users\/1"}],"replies":[{"embeddable":true,"href":"https:\/\/www.acsc.com.br\/santacatarina\/wp-json\/wp\/v2\/comments?post=656"}],"version-history":[{"count":1,"href":"https:\/\/www.acsc.com.br\/santacatarina\/wp-json\/wp\/v2\/posts\/656\/revisions"}],"predecessor-version":[{"id":662,"href":"https:\/\/www.acsc.com.br\/santacatarina\/wp-json\/wp\/v2\/posts\/656\/revisions\/662"}],"wp:featuredmedia":[{"embeddable":true,"href":"https:\/\/www.acsc.com.br\/santacatarina\/wp-json\/wp\/v2\/media\/658"}],"wp:attachment":[{"href":"https:\/\/www.acsc.com.br\/santacatarina\/wp-json\/wp\/v2\/media?parent=656"}],"wp:term":[{"taxonomy":"category","embeddable":true,"href":"https:\/\/www.acsc.com.br\/santacatarina\/wp-json\/wp\/v2\/categories?post=656"},{"taxonomy":"post_tag","embeddable":true,"href":"https:\/\/www.acsc.com.br\/santacatarina\/wp-json\/wp\/v2\/tags?post=656"}],"curies":[{"name":"wp","href":"https:\/\/api.w.org\/{rel}","templated":true}]}}