{"id":649,"date":"2024-01-05T16:47:39","date_gmt":"2024-01-05T19:47:39","guid":{"rendered":"https:\/\/www.acsc.com.br\/santacatarina\/?p=649"},"modified":"2024-01-05T16:47:39","modified_gmt":"2024-01-05T19:47:39","slug":"formatura-dos-9o-anos-do-ensino-fundamental","status":"publish","type":"post","link":"https:\/\/www.acsc.com.br\/santacatarina\/2024\/01\/05\/formatura-dos-9o-anos-do-ensino-fundamental\/","title":{"rendered":"Formatura dos 9\u00ba anos do Ensino Fundamental"},"content":{"rendered":"<p>No dia 14 de dezembro de 2023, foi celebrada com grande entusiasmo a formatura dos 9\u00ba anos, das turmas 91 e 92. O evento, marcado por emo\u00e7\u00e3o e alegria, marcou o encerramento de uma importante etapa na vida dos estudantes que agora se preparam para al\u00e7ar voos mais altos no Ensino M\u00e9dio.<\/p>\n<p>A atmosfera festiva come\u00e7ou com a entrada dos formandos, vestindo suas camisetas personalizadas, que n\u00e3o apenas simbolizavam a identidade das turmas, mas tamb\u00e9m refletiam a jornada compartilhada ao longo dos anos.<\/p>\n<p>A passagem para o Ensino M\u00e9dio foi celebrada como um marco significativo. As expectativas para os pr\u00f3ximos anos foram delineadas, e os formandos foram incentivados a abra\u00e7ar as oportunidades de aprendizado, explorar suas paix\u00f5es e enfrentar os desafios com resili\u00eancia. A transi\u00e7\u00e3o para o Ensino M\u00e9dio n\u00e3o apenas representa um avan\u00e7o acad\u00eamico, mas tamb\u00e9m uma oportunidade para o desenvolvimento pessoal e a descoberta de novas aspira\u00e7\u00f5es.<\/p>\n<p>Enquanto a noite culminava com a entrega dos diplomas, os formandos expressaram uma mistura de sentimentos: gratid\u00e3o pelo apoio recebido, nostalgia pela jornada que se encerrava e empolga\u00e7\u00e3o pelo futuro que se desenhava diante deles. Assim, a formatura dos 9\u00ba anos das turmas 91 e 92 n\u00e3o apenas celebrou o fim de uma etapa, mas tamb\u00e9m marcou o in\u00edcio de uma nova e emocionante jornada rumo ao Ensino M\u00e9dio e al\u00e9m.<\/p>\n<p>&nbsp;<\/p>\n<div class=\"w-gallery cols_3 link_file\"><div class=\"w-gallery-list\"><a class=\"w-gallery-item order_1\" href=\"https:\/\/www.acsc.com.br\/santacatarina\/wp-content\/uploads\/sites\/2\/2024\/01\/IMG_9496.jpeg\" title=\"IMG_9496\"><div class=\"w-gallery-item-img\"><img loading=\"lazy\" decoding=\"async\" width=\"150\" height=\"150\" src=\"https:\/\/www.acsc.com.br\/santacatarina\/wp-content\/uploads\/sites\/2\/2024\/01\/IMG_9496-150x150.jpeg\" class=\"attachment-thumbnail size-thumbnail\" alt=\"\" \/><\/div><\/a><a class=\"w-gallery-item order_2\" href=\"https:\/\/www.acsc.com.br\/santacatarina\/wp-content\/uploads\/sites\/2\/2024\/01\/IMG_9458.jpeg\" title=\"IMG_9458\"><div class=\"w-gallery-item-img\"><img loading=\"lazy\" decoding=\"async\" width=\"150\" height=\"150\" src=\"https:\/\/www.acsc.com.br\/santacatarina\/wp-content\/uploads\/sites\/2\/2024\/01\/IMG_9458-150x150.jpeg\" class=\"attachment-thumbnail size-thumbnail\" alt=\"\" \/><\/div><\/a><a class=\"w-gallery-item order_3\" href=\"https:\/\/www.acsc.com.br\/santacatarina\/wp-content\/uploads\/sites\/2\/2024\/01\/IMG_0942.jpeg\" title=\"IMG_0942\"><div class=\"w-gallery-item-img\"><img loading=\"lazy\" decoding=\"async\" width=\"150\" height=\"150\" src=\"https:\/\/www.acsc.com.br\/santacatarina\/wp-content\/uploads\/sites\/2\/2024\/01\/IMG_0942-150x150.jpeg\" class=\"attachment-thumbnail size-thumbnail\" alt=\"\" \/><\/div><\/a><a class=\"w-gallery-item order_4\" href=\"https:\/\/www.acsc.com.br\/santacatarina\/wp-content\/uploads\/sites\/2\/2024\/01\/IMG_0937.jpeg\" title=\"IMG_0937\"><div class=\"w-gallery-item-img\"><img loading=\"lazy\" decoding=\"async\" width=\"150\" height=\"150\" src=\"https:\/\/www.acsc.com.br\/santacatarina\/wp-content\/uploads\/sites\/2\/2024\/01\/IMG_0937-150x150.jpeg\" class=\"attachment-thumbnail size-thumbnail\" alt=\"\" \/><\/div><\/a><a class=\"w-gallery-item order_5\" href=\"https:\/\/www.acsc.com.br\/santacatarina\/wp-content\/uploads\/sites\/2\/2024\/01\/IMG_9512.jpeg\" title=\"IMG_9512\"><div class=\"w-gallery-item-img\"><img loading=\"lazy\" decoding=\"async\" width=\"150\" height=\"150\" src=\"https:\/\/www.acsc.com.br\/santacatarina\/wp-content\/uploads\/sites\/2\/2024\/01\/IMG_9512-150x150.jpeg\" class=\"attachment-thumbnail size-thumbnail\" alt=\"\" \/><\/div><\/a><\/div><\/div>\n","protected":false},"excerpt":{"rendered":"<p>No dia 14 de dezembro de 2023, foi celebrada com grande entusiasmo a formatura dos 9\u00ba anos, das turmas 91 e 92. O evento, marcado por emo\u00e7\u00e3o e alegria, marcou o encerramento de uma importante etapa na vida dos estudantes que agora se preparam para al\u00e7ar voos mais altos no Ensino M\u00e9dio. A atmosfera festiva&#8230;<\/p>\n","protected":false},"author":1,"featured_media":653,"comment_status":"closed","ping_status":"closed","sticky":false,"template":"","format":"standard","meta":{"_acf_changed":false,"footnotes":""},"categories":[1],"tags":[],"class_list":["post-649","post","type-post","status-publish","format-standard","has-post-thumbnail","hentry","category-noticias"],"acf":[],"_links":{"self":[{"href":"https:\/\/www.acsc.com.br\/santacatarina\/wp-json\/wp\/v2\/posts\/649","targetHints":{"allow":["GET"]}}],"collection":[{"href":"https:\/\/www.acsc.com.br\/santacatarina\/wp-json\/wp\/v2\/posts"}],"about":[{"href":"https:\/\/www.acsc.com.br\/santacatarina\/wp-json\/wp\/v2\/types\/post"}],"author":[{"embeddable":true,"href":"https:\/\/www.acsc.com.br\/santacatarina\/wp-json\/wp\/v2\/users\/1"}],"replies":[{"embeddable":true,"href":"https:\/\/www.acsc.com.br\/santacatarina\/wp-json\/wp\/v2\/comments?post=649"}],"version-history":[{"count":1,"href":"https:\/\/www.acsc.com.br\/santacatarina\/wp-json\/wp\/v2\/posts\/649\/revisions"}],"predecessor-version":[{"id":655,"href":"https:\/\/www.acsc.com.br\/santacatarina\/wp-json\/wp\/v2\/posts\/649\/revisions\/655"}],"wp:featuredmedia":[{"embeddable":true,"href":"https:\/\/www.acsc.com.br\/santacatarina\/wp-json\/wp\/v2\/media\/653"}],"wp:attachment":[{"href":"https:\/\/www.acsc.com.br\/santacatarina\/wp-json\/wp\/v2\/media?parent=649"}],"wp:term":[{"taxonomy":"category","embeddable":true,"href":"https:\/\/www.acsc.com.br\/santacatarina\/wp-json\/wp\/v2\/categories?post=649"},{"taxonomy":"post_tag","embeddable":true,"href":"https:\/\/www.acsc.com.br\/santacatarina\/wp-json\/wp\/v2\/tags?post=649"}],"curies":[{"name":"wp","href":"https:\/\/api.w.org\/{rel}","templated":true}]}}