{"id":642,"date":"2024-01-05T16:44:33","date_gmt":"2024-01-05T19:44:33","guid":{"rendered":"https:\/\/www.acsc.com.br\/santacatarina\/?p=642"},"modified":"2024-01-05T16:44:33","modified_gmt":"2024-01-05T19:44:33","slug":"encantadoras-apresentacoes-de-natal-do-ensino-fundamental-i","status":"publish","type":"post","link":"https:\/\/www.acsc.com.br\/santacatarina\/2024\/01\/05\/encantadoras-apresentacoes-de-natal-do-ensino-fundamental-i\/","title":{"rendered":"Encantadoras Apresenta\u00e7\u00f5es de Natal do Ensino Fundamental I"},"content":{"rendered":"<p>Nos dias 04, 05 e 06 de dezembro, o Sal\u00e3o Nobre do Col\u00e9gio Santa Catarina foi palco das emocionantes apresenta\u00e7\u00f5es de Natal do Ensino Fundamental I, marcando o encerramento do ano letivo com muita alegria e esp\u00edrito festivo.<\/p>\n<p>As crian\u00e7as, verdadeiros protagonistas desses eventos, encantaram a plateia com suas apresenta\u00e7\u00f5es repletas de energia e entusiasmo. A atmosfera foi preenchida com a magia das m\u00fasicas natalinas, interpretadas pelas vozes dos pequenos artistas. Tamb\u00e9m tivemos apresenta\u00e7\u00f5es de dan\u00e7a, coral e interpreta\u00e7\u00e3o teatral.<\/p>\n<p>A comunidade escolar foi brindada com a alegria contagiante desses momentos especiais, refor\u00e7ando o compromisso do Col\u00e9gio Santa Catarina em promover eventos que n\u00e3o apenas celebram a temporada festiva, mas tamb\u00e9m valorizam o crescimento e desenvolvimento integral de seus alunos.<\/p>\n<p>Agradecemos a todos os envolvidos, desde os funcion\u00e1rios que orientaram as apresenta\u00e7\u00f5es at\u00e9 os familiares que prestigiaram esses espet\u00e1culos. Que esses dias de celebra\u00e7\u00e3o deixem em todos n\u00f3s o esp\u00edrito natalino, renovando a esperan\u00e7a e a uni\u00e3o para o pr\u00f3ximo ano letivo!<\/p>\n<div class=\"w-gallery cols_3 link_file\"><div class=\"w-gallery-list\"><a class=\"w-gallery-item order_1\" href=\"https:\/\/www.acsc.com.br\/santacatarina\/wp-content\/uploads\/sites\/2\/2024\/01\/IMG_0387.jpg\" title=\"IMG_0387\"><div class=\"w-gallery-item-img\"><img loading=\"lazy\" decoding=\"async\" width=\"150\" height=\"150\" src=\"https:\/\/www.acsc.com.br\/santacatarina\/wp-content\/uploads\/sites\/2\/2024\/01\/IMG_0387-150x150.jpg\" class=\"attachment-thumbnail size-thumbnail\" alt=\"\" \/><\/div><\/a><a class=\"w-gallery-item order_2\" href=\"https:\/\/www.acsc.com.br\/santacatarina\/wp-content\/uploads\/sites\/2\/2024\/01\/IMG_0620.jpg\" title=\"IMG_0620\"><div class=\"w-gallery-item-img\"><img loading=\"lazy\" decoding=\"async\" width=\"150\" height=\"150\" src=\"https:\/\/www.acsc.com.br\/santacatarina\/wp-content\/uploads\/sites\/2\/2024\/01\/IMG_0620-150x150.jpg\" class=\"attachment-thumbnail size-thumbnail\" alt=\"\" \/><\/div><\/a><a class=\"w-gallery-item order_3\" href=\"https:\/\/www.acsc.com.br\/santacatarina\/wp-content\/uploads\/sites\/2\/2024\/01\/IMG_0621.jpg\" title=\"IMG_0621\"><div class=\"w-gallery-item-img\"><img loading=\"lazy\" decoding=\"async\" width=\"150\" height=\"150\" src=\"https:\/\/www.acsc.com.br\/santacatarina\/wp-content\/uploads\/sites\/2\/2024\/01\/IMG_0621-150x150.jpg\" class=\"attachment-thumbnail size-thumbnail\" alt=\"\" \/><\/div><\/a><a class=\"w-gallery-item order_4\" href=\"https:\/\/www.acsc.com.br\/santacatarina\/wp-content\/uploads\/sites\/2\/2024\/01\/IMG_8673.jpeg\" title=\"IMG_8673\"><div class=\"w-gallery-item-img\"><img loading=\"lazy\" decoding=\"async\" width=\"150\" height=\"150\" src=\"https:\/\/www.acsc.com.br\/santacatarina\/wp-content\/uploads\/sites\/2\/2024\/01\/IMG_8673-150x150.jpeg\" class=\"attachment-thumbnail size-thumbnail\" alt=\"\" \/><\/div><\/a><a class=\"w-gallery-item order_5\" href=\"https:\/\/www.acsc.com.br\/santacatarina\/wp-content\/uploads\/sites\/2\/2024\/01\/IMG_8464.jpeg\" title=\"IMG_8464\"><div class=\"w-gallery-item-img\"><img loading=\"lazy\" decoding=\"async\" width=\"150\" height=\"150\" src=\"https:\/\/www.acsc.com.br\/santacatarina\/wp-content\/uploads\/sites\/2\/2024\/01\/IMG_8464-150x150.jpeg\" class=\"attachment-thumbnail size-thumbnail\" alt=\"\" \/><\/div><\/a><\/div><\/div>\n","protected":false},"excerpt":{"rendered":"<p>Nos dias 04, 05 e 06 de dezembro, o Sal\u00e3o Nobre do Col\u00e9gio Santa Catarina foi palco das emocionantes apresenta\u00e7\u00f5es de Natal do Ensino Fundamental I, marcando o encerramento do ano letivo com muita alegria e esp\u00edrito festivo. As crian\u00e7as, verdadeiros protagonistas desses eventos, encantaram a plateia com suas apresenta\u00e7\u00f5es repletas de energia e entusiasmo&#8230;.<\/p>\n","protected":false},"author":1,"featured_media":646,"comment_status":"closed","ping_status":"closed","sticky":false,"template":"","format":"standard","meta":{"_acf_changed":false,"footnotes":""},"categories":[1],"tags":[],"class_list":["post-642","post","type-post","status-publish","format-standard","has-post-thumbnail","hentry","category-noticias"],"acf":[],"_links":{"self":[{"href":"https:\/\/www.acsc.com.br\/santacatarina\/wp-json\/wp\/v2\/posts\/642","targetHints":{"allow":["GET"]}}],"collection":[{"href":"https:\/\/www.acsc.com.br\/santacatarina\/wp-json\/wp\/v2\/posts"}],"about":[{"href":"https:\/\/www.acsc.com.br\/santacatarina\/wp-json\/wp\/v2\/types\/post"}],"author":[{"embeddable":true,"href":"https:\/\/www.acsc.com.br\/santacatarina\/wp-json\/wp\/v2\/users\/1"}],"replies":[{"embeddable":true,"href":"https:\/\/www.acsc.com.br\/santacatarina\/wp-json\/wp\/v2\/comments?post=642"}],"version-history":[{"count":1,"href":"https:\/\/www.acsc.com.br\/santacatarina\/wp-json\/wp\/v2\/posts\/642\/revisions"}],"predecessor-version":[{"id":648,"href":"https:\/\/www.acsc.com.br\/santacatarina\/wp-json\/wp\/v2\/posts\/642\/revisions\/648"}],"wp:featuredmedia":[{"embeddable":true,"href":"https:\/\/www.acsc.com.br\/santacatarina\/wp-json\/wp\/v2\/media\/646"}],"wp:attachment":[{"href":"https:\/\/www.acsc.com.br\/santacatarina\/wp-json\/wp\/v2\/media?parent=642"}],"wp:term":[{"taxonomy":"category","embeddable":true,"href":"https:\/\/www.acsc.com.br\/santacatarina\/wp-json\/wp\/v2\/categories?post=642"},{"taxonomy":"post_tag","embeddable":true,"href":"https:\/\/www.acsc.com.br\/santacatarina\/wp-json\/wp\/v2\/tags?post=642"}],"curies":[{"name":"wp","href":"https:\/\/api.w.org\/{rel}","templated":true}]}}