{"id":588,"date":"2023-11-08T10:31:14","date_gmt":"2023-11-08T13:31:14","guid":{"rendered":"https:\/\/www.acsc.com.br\/santacatarina\/?p=588"},"modified":"2023-11-08T10:31:14","modified_gmt":"2023-11-08T13:31:14","slug":"festa-da-familia-do-colegio-santa-catarina","status":"publish","type":"post","link":"https:\/\/www.acsc.com.br\/santacatarina\/2023\/11\/08\/festa-da-familia-do-colegio-santa-catarina\/","title":{"rendered":"Festa da Fam\u00edlia do Col\u00e9gio Santa Catarina"},"content":{"rendered":"<p><span style=\"font-weight: 400;\">No dia 21\/10\/2023, um belo dia de sol, tivemos a nossa Festa da Fam\u00edlia!<\/span><\/p>\n<p><span style=\"font-weight: 400;\">O evento come\u00e7ou com a Celebra\u00e7\u00e3o Eucar\u00edstica, na capela do Col\u00e9gio, na qual tivemos a participa\u00e7\u00e3o do coral Uni\u00e3o de Est\u00e2ncia Velha que deixou ainda mais harm\u00f4nico e especial este momento. A Comunidade Escolar, que participou da missa, foi prestigiada com can\u00e7\u00f5es e palavras de comunh\u00e3o para dar in\u00edcio ao grande dia.<\/span><\/p>\n<p><span style=\"font-weight: 400;\">Em seguida, tivemos o Desfile das Bandeiras da Gincana das Cores! Cada aluno, juntamente com a sua fam\u00edlia, veio com vestimentas da cor que a turma estava representando na Gincana. Para dar in\u00edcio \u00e0s comemora\u00e7\u00f5es da Festa da Fam\u00edlia, foi feito o<\/span><\/p>\n<p><span style=\"font-weight: 400;\">desfile das turmas para exibi\u00e7\u00e3o das bandeiras confeccionadas pelas turmas.<\/span><\/p>\n<p><span style=\"font-weight: 400;\">Durante a festa, foi poss\u00edvel registrar e assistir a v\u00e1rias apresenta\u00e7\u00f5es das turmas, desde a Educa\u00e7\u00e3o Infantil at\u00e9 o Ensino Fundamental.<\/span><\/p>\n<p><span style=\"font-weight: 400;\">Contamos com a presen\u00e7a de Food Trucks, brinquedos infl\u00e1veis para a divers\u00e3o de cada crian\u00e7a, espa\u00e7o de ca\u00e7a \u00e0s borboletas, a SantaBags com a venda de Ecobags confeccionadas, artesanalmente, pelos alunos da 2\u00aa s\u00e9rie do novo Ensino M\u00e9dio, e muito mais!<\/span><\/p>\n<p><span style=\"font-weight: 400;\">Agradecemos o apoio da APAMA para realizar este evento t\u00e3o importante para a Comunidade Escolar!<\/span><\/p>\n<p><span style=\"font-weight: 400;\">Os registros deste dia podem ser encontrados no Flickr do Col\u00e9gio.<\/span><\/p>\n<div class=\"w-gallery cols_3 link_file\"><div class=\"w-gallery-list\"><a class=\"w-gallery-item order_1\" href=\"https:\/\/www.acsc.com.br\/santacatarina\/wp-content\/uploads\/sites\/2\/2023\/11\/Festa-da-Familia-3.jpg\" title=\"Festa da Fami\u0301lia 3\"><div class=\"w-gallery-item-img\"><img loading=\"lazy\" decoding=\"async\" width=\"150\" height=\"150\" src=\"https:\/\/www.acsc.com.br\/santacatarina\/wp-content\/uploads\/sites\/2\/2023\/11\/Festa-da-Familia-3-150x150.jpg\" class=\"attachment-thumbnail size-thumbnail\" alt=\"\" \/><\/div><\/a><a class=\"w-gallery-item order_2\" href=\"https:\/\/www.acsc.com.br\/santacatarina\/wp-content\/uploads\/sites\/2\/2023\/11\/Festa-da-Familia-5.jpg\" title=\"Festa da Fami\u0301lia 5\"><div class=\"w-gallery-item-img\"><img loading=\"lazy\" decoding=\"async\" width=\"150\" height=\"150\" src=\"https:\/\/www.acsc.com.br\/santacatarina\/wp-content\/uploads\/sites\/2\/2023\/11\/Festa-da-Familia-5-150x150.jpg\" class=\"attachment-thumbnail size-thumbnail\" alt=\"\" \/><\/div><\/a><a class=\"w-gallery-item order_3\" href=\"https:\/\/www.acsc.com.br\/santacatarina\/wp-content\/uploads\/sites\/2\/2023\/11\/Festa-da-Familia-4.jpg\" title=\"Festa da Fami\u0301lia 4\"><div class=\"w-gallery-item-img\"><img loading=\"lazy\" decoding=\"async\" width=\"150\" height=\"150\" src=\"https:\/\/www.acsc.com.br\/santacatarina\/wp-content\/uploads\/sites\/2\/2023\/11\/Festa-da-Familia-4-150x150.jpg\" class=\"attachment-thumbnail size-thumbnail\" alt=\"\" \/><\/div><\/a><a class=\"w-gallery-item order_4\" href=\"https:\/\/www.acsc.com.br\/santacatarina\/wp-content\/uploads\/sites\/2\/2023\/11\/Festa-da-Familia-6.jpg\" title=\"Festa da Fami\u0301lia 6\"><div class=\"w-gallery-item-img\"><img loading=\"lazy\" decoding=\"async\" width=\"150\" height=\"150\" src=\"https:\/\/www.acsc.com.br\/santacatarina\/wp-content\/uploads\/sites\/2\/2023\/11\/Festa-da-Familia-6-150x150.jpg\" class=\"attachment-thumbnail size-thumbnail\" alt=\"\" \/><\/div><\/a><a class=\"w-gallery-item order_5\" href=\"https:\/\/www.acsc.com.br\/santacatarina\/wp-content\/uploads\/sites\/2\/2023\/11\/Festa-da-Familia-1.jpg\" title=\"Festa da Fami\u0301lia 1\"><div class=\"w-gallery-item-img\"><img loading=\"lazy\" decoding=\"async\" width=\"150\" height=\"150\" src=\"https:\/\/www.acsc.com.br\/santacatarina\/wp-content\/uploads\/sites\/2\/2023\/11\/Festa-da-Familia-1-150x150.jpg\" class=\"attachment-thumbnail size-thumbnail\" alt=\"\" \/><\/div><\/a><a class=\"w-gallery-item order_6\" href=\"https:\/\/www.acsc.com.br\/santacatarina\/wp-content\/uploads\/sites\/2\/2023\/11\/Festa-da-Familia-2.jpg\" title=\"Festa da Fami\u0301lia 2\"><div class=\"w-gallery-item-img\"><img loading=\"lazy\" decoding=\"async\" width=\"150\" height=\"150\" src=\"https:\/\/www.acsc.com.br\/santacatarina\/wp-content\/uploads\/sites\/2\/2023\/11\/Festa-da-Familia-2-150x150.jpg\" class=\"attachment-thumbnail size-thumbnail\" alt=\"\" \/><\/div><\/a><a class=\"w-gallery-item order_7\" href=\"https:\/\/www.acsc.com.br\/santacatarina\/wp-content\/uploads\/sites\/2\/2023\/11\/Festa-da-Familia-7.jpg\" title=\"Festa da Fami\u0301lia 7\"><div class=\"w-gallery-item-img\"><img loading=\"lazy\" decoding=\"async\" width=\"150\" height=\"150\" src=\"https:\/\/www.acsc.com.br\/santacatarina\/wp-content\/uploads\/sites\/2\/2023\/11\/Festa-da-Familia-7-150x150.jpg\" class=\"attachment-thumbnail size-thumbnail\" alt=\"\" \/><\/div><\/a><\/div><\/div>\n","protected":false},"excerpt":{"rendered":"<p>No dia 21\/10\/2023, um belo dia de sol, tivemos a nossa Festa da Fam\u00edlia! O evento come\u00e7ou com a Celebra\u00e7\u00e3o Eucar\u00edstica, na capela do Col\u00e9gio, na qual tivemos a participa\u00e7\u00e3o do coral Uni\u00e3o de Est\u00e2ncia Velha que deixou ainda mais harm\u00f4nico e especial este momento. A Comunidade Escolar, que participou da missa, foi prestigiada com&#8230;<\/p>\n","protected":false},"author":1,"featured_media":589,"comment_status":"closed","ping_status":"closed","sticky":false,"template":"","format":"standard","meta":{"_acf_changed":false,"footnotes":""},"categories":[1],"tags":[],"class_list":["post-588","post","type-post","status-publish","format-standard","has-post-thumbnail","hentry","category-noticias"],"acf":[],"_links":{"self":[{"href":"https:\/\/www.acsc.com.br\/santacatarina\/wp-json\/wp\/v2\/posts\/588","targetHints":{"allow":["GET"]}}],"collection":[{"href":"https:\/\/www.acsc.com.br\/santacatarina\/wp-json\/wp\/v2\/posts"}],"about":[{"href":"https:\/\/www.acsc.com.br\/santacatarina\/wp-json\/wp\/v2\/types\/post"}],"author":[{"embeddable":true,"href":"https:\/\/www.acsc.com.br\/santacatarina\/wp-json\/wp\/v2\/users\/1"}],"replies":[{"embeddable":true,"href":"https:\/\/www.acsc.com.br\/santacatarina\/wp-json\/wp\/v2\/comments?post=588"}],"version-history":[{"count":1,"href":"https:\/\/www.acsc.com.br\/santacatarina\/wp-json\/wp\/v2\/posts\/588\/revisions"}],"predecessor-version":[{"id":596,"href":"https:\/\/www.acsc.com.br\/santacatarina\/wp-json\/wp\/v2\/posts\/588\/revisions\/596"}],"wp:featuredmedia":[{"embeddable":true,"href":"https:\/\/www.acsc.com.br\/santacatarina\/wp-json\/wp\/v2\/media\/589"}],"wp:attachment":[{"href":"https:\/\/www.acsc.com.br\/santacatarina\/wp-json\/wp\/v2\/media?parent=588"}],"wp:term":[{"taxonomy":"category","embeddable":true,"href":"https:\/\/www.acsc.com.br\/santacatarina\/wp-json\/wp\/v2\/categories?post=588"},{"taxonomy":"post_tag","embeddable":true,"href":"https:\/\/www.acsc.com.br\/santacatarina\/wp-json\/wp\/v2\/tags?post=588"}],"curies":[{"name":"wp","href":"https:\/\/api.w.org\/{rel}","templated":true}]}}