{"id":579,"date":"2023-11-08T10:21:51","date_gmt":"2023-11-08T13:21:51","guid":{"rendered":"https:\/\/www.acsc.com.br\/santacatarina\/?p=579"},"modified":"2023-11-08T10:21:51","modified_gmt":"2023-11-08T13:21:51","slug":"36o-mostra-literaria-do-santa","status":"publish","type":"post","link":"https:\/\/www.acsc.com.br\/santacatarina\/2023\/11\/08\/36o-mostra-literaria-do-santa\/","title":{"rendered":"36\u00ba Mostra Liter\u00e1ria do Santa!"},"content":{"rendered":"<p><span style=\"font-weight: 400;\">Ocorreu na semana do dia 16\/10 \u00e0 20\/10 a Mostra Liter\u00e1ria! Nesses dias, tivemos a honra de receber diversas p\u00e9rolas do Col\u00e9gio Santa Catarina para um bate-papo com os alunos, tais como: Eduardo Schmitz (DuduNews), Professora Edilaine, autor Eliandro Rocha, Duda Fagundes e Ant\u00f4nio Dutra Jr.<\/span><\/p>\n<p><span style=\"font-weight: 400;\">Eduardo Schmitz comentou sobre a sua jornada de descoberta profissional desde os tempos como aluno do Santa, e o que o motivou a seguir a sua trajet\u00f3ria no \u00e2mbito jornal\u00edstico. Como incentivo, o mesmo menciona aos alunos para n\u00e3o desistirem dos seus sonhos, fornecendo dicas de como alcan\u00e7ar o sucesso profissional.\u00a0<\/span><\/p>\n<p><span style=\"font-weight: 400;\">A professora Edilaine realizou uma oficina de Escrita Criativa, estimulando a reflex\u00e3o do pensamento e levando os alunos a refletirem novas formas de aprendizado e treino com a produ\u00e7\u00e3o textual.<\/span><\/p>\n<p><span style=\"font-weight: 400;\">O autor Eliandro Rocha realizou a leitura das suas obras com os alunos da Educa\u00e7\u00e3o Infantil ao Ensino Fundamental. Ele embarca em uma divers\u00e3o do imagin\u00e1rio infantil, respondendo a todas as perguntas vindas dos alunos com muita fantasia e disposi\u00e7\u00e3o.<\/span><\/p>\n<p><span style=\"font-weight: 400;\">Duda Fagundes, ex-aluna do Santa, realizou uma palestra sobre Escrita Criativa, Inspira\u00e7\u00e3o e Poesia. Comentou sobre os seus livros autorais e a jornada que a levou a seguir pelo caminho da escrita. Junto com os alunos, realizou uma atividade interativa, sobre que tipo de arte cada um ama fazer.<\/span><\/p>\n<p><span style=\"font-weight: 400;\">Ant\u00f4nio Dutra Jr. faz um depoimento sobre a sua viv\u00eancia no Col\u00e9gio Santa Catarina desde a \u00e9poca em que participava da PJESC (<\/span><span style=\"font-weight: 400;\">Pastoral da Juventude Estudantil)<\/span><span style=\"font-weight: 400;\">. Realizou parte da leitura do seu livro \u201cQue Momento!\u201d com os alunos, sobre cenas descritas que aconteceram no Col\u00e9gio.<\/span><\/p>\n<p><span style=\"font-weight: 400;\">A nossa Mostra engloba momentos de pesquisa, escuta e reflex\u00e3o sobre <\/span><span style=\"font-weight: 400;\">t\u00edtulos de autores com atividades interativas, exposi\u00e7\u00f5es e oficinas desde a Educa\u00e7\u00e3o Infantil ao Ensino M\u00e9dio. Ocorreu tamb\u00e9m na semana citada, a presen\u00e7a de livreiros no Col\u00e9gio, para deixar o ambiente do aprendizado sobre a leitura ainda mais agrad\u00e1vel.<\/span><\/p>\n<p>&nbsp;<\/p>\n<div class=\"w-gallery cols_3 link_file\"><div class=\"w-gallery-list\"><a class=\"w-gallery-item order_1\" href=\"https:\/\/www.acsc.com.br\/santacatarina\/wp-content\/uploads\/sites\/2\/2023\/11\/Mostra-Literaria-6.jpg\" title=\"Mostra Litera\u0301ria 6\"><div class=\"w-gallery-item-img\"><img loading=\"lazy\" decoding=\"async\" width=\"150\" height=\"150\" src=\"https:\/\/www.acsc.com.br\/santacatarina\/wp-content\/uploads\/sites\/2\/2023\/11\/Mostra-Literaria-6-150x150.jpg\" class=\"attachment-thumbnail size-thumbnail\" alt=\"\" \/><\/div><\/a><a class=\"w-gallery-item order_2\" href=\"https:\/\/www.acsc.com.br\/santacatarina\/wp-content\/uploads\/sites\/2\/2023\/11\/Mostra-Literaria-7.jpg\" title=\"Mostra Litera\u0301ria 7\"><div class=\"w-gallery-item-img\"><img loading=\"lazy\" decoding=\"async\" width=\"150\" height=\"150\" src=\"https:\/\/www.acsc.com.br\/santacatarina\/wp-content\/uploads\/sites\/2\/2023\/11\/Mostra-Literaria-7-150x150.jpg\" class=\"attachment-thumbnail size-thumbnail\" alt=\"\" \/><\/div><\/a><a class=\"w-gallery-item order_3\" href=\"https:\/\/www.acsc.com.br\/santacatarina\/wp-content\/uploads\/sites\/2\/2023\/11\/Mostra-Literaria-4.jpg\" title=\"Mostra Litera\u0301ria 4\"><div class=\"w-gallery-item-img\"><img loading=\"lazy\" decoding=\"async\" width=\"150\" height=\"150\" src=\"https:\/\/www.acsc.com.br\/santacatarina\/wp-content\/uploads\/sites\/2\/2023\/11\/Mostra-Literaria-4-150x150.jpg\" class=\"attachment-thumbnail size-thumbnail\" alt=\"\" \/><\/div><\/a><a class=\"w-gallery-item order_4\" href=\"https:\/\/www.acsc.com.br\/santacatarina\/wp-content\/uploads\/sites\/2\/2023\/11\/Mostra-Literaria-5.jpg\" title=\"Mostra Litera\u0301ria 5\"><div class=\"w-gallery-item-img\"><img loading=\"lazy\" decoding=\"async\" width=\"150\" height=\"150\" src=\"https:\/\/www.acsc.com.br\/santacatarina\/wp-content\/uploads\/sites\/2\/2023\/11\/Mostra-Literaria-5-150x150.jpg\" class=\"attachment-thumbnail size-thumbnail\" alt=\"\" \/><\/div><\/a><a class=\"w-gallery-item order_5\" href=\"https:\/\/www.acsc.com.br\/santacatarina\/wp-content\/uploads\/sites\/2\/2023\/11\/Mostra-Literaria-3.jpg\" title=\"Mostra Litera\u0301ria 3\"><div class=\"w-gallery-item-img\"><img loading=\"lazy\" decoding=\"async\" width=\"150\" height=\"150\" src=\"https:\/\/www.acsc.com.br\/santacatarina\/wp-content\/uploads\/sites\/2\/2023\/11\/Mostra-Literaria-3-150x150.jpg\" class=\"attachment-thumbnail size-thumbnail\" alt=\"\" \/><\/div><\/a><a class=\"w-gallery-item order_6\" href=\"https:\/\/www.acsc.com.br\/santacatarina\/wp-content\/uploads\/sites\/2\/2023\/11\/Mostra-Literaria-1.jpeg\" title=\"Mostra Litera\u0301ria 1\"><div class=\"w-gallery-item-img\"><img loading=\"lazy\" decoding=\"async\" width=\"150\" height=\"150\" src=\"https:\/\/www.acsc.com.br\/santacatarina\/wp-content\/uploads\/sites\/2\/2023\/11\/Mostra-Literaria-1-150x150.jpeg\" class=\"attachment-thumbnail size-thumbnail\" alt=\"\" \/><\/div><\/a><a class=\"w-gallery-item order_7\" href=\"https:\/\/www.acsc.com.br\/santacatarina\/wp-content\/uploads\/sites\/2\/2023\/11\/Mostra-Literaria-2.jpeg\" title=\"Mostra Litera\u0301ria 2\"><div class=\"w-gallery-item-img\"><img loading=\"lazy\" decoding=\"async\" width=\"150\" height=\"150\" src=\"https:\/\/www.acsc.com.br\/santacatarina\/wp-content\/uploads\/sites\/2\/2023\/11\/Mostra-Literaria-2-150x150.jpeg\" class=\"attachment-thumbnail size-thumbnail\" alt=\"\" \/><\/div><\/a><\/div><\/div>\n","protected":false},"excerpt":{"rendered":"<p>Ocorreu na semana do dia 16\/10 \u00e0 20\/10 a Mostra Liter\u00e1ria! Nesses dias, tivemos a honra de receber diversas p\u00e9rolas do Col\u00e9gio Santa Catarina para um bate-papo com os alunos, tais como: Eduardo Schmitz (DuduNews), Professora Edilaine, autor Eliandro Rocha, Duda Fagundes e Ant\u00f4nio Dutra Jr. Eduardo Schmitz comentou sobre a sua jornada de descoberta&#8230;<\/p>\n","protected":false},"author":1,"featured_media":582,"comment_status":"closed","ping_status":"closed","sticky":false,"template":"","format":"standard","meta":{"_acf_changed":false,"footnotes":""},"categories":[1],"tags":[],"class_list":["post-579","post","type-post","status-publish","format-standard","has-post-thumbnail","hentry","category-noticias"],"acf":[],"_links":{"self":[{"href":"https:\/\/www.acsc.com.br\/santacatarina\/wp-json\/wp\/v2\/posts\/579","targetHints":{"allow":["GET"]}}],"collection":[{"href":"https:\/\/www.acsc.com.br\/santacatarina\/wp-json\/wp\/v2\/posts"}],"about":[{"href":"https:\/\/www.acsc.com.br\/santacatarina\/wp-json\/wp\/v2\/types\/post"}],"author":[{"embeddable":true,"href":"https:\/\/www.acsc.com.br\/santacatarina\/wp-json\/wp\/v2\/users\/1"}],"replies":[{"embeddable":true,"href":"https:\/\/www.acsc.com.br\/santacatarina\/wp-json\/wp\/v2\/comments?post=579"}],"version-history":[{"count":1,"href":"https:\/\/www.acsc.com.br\/santacatarina\/wp-json\/wp\/v2\/posts\/579\/revisions"}],"predecessor-version":[{"id":587,"href":"https:\/\/www.acsc.com.br\/santacatarina\/wp-json\/wp\/v2\/posts\/579\/revisions\/587"}],"wp:featuredmedia":[{"embeddable":true,"href":"https:\/\/www.acsc.com.br\/santacatarina\/wp-json\/wp\/v2\/media\/582"}],"wp:attachment":[{"href":"https:\/\/www.acsc.com.br\/santacatarina\/wp-json\/wp\/v2\/media?parent=579"}],"wp:term":[{"taxonomy":"category","embeddable":true,"href":"https:\/\/www.acsc.com.br\/santacatarina\/wp-json\/wp\/v2\/categories?post=579"},{"taxonomy":"post_tag","embeddable":true,"href":"https:\/\/www.acsc.com.br\/santacatarina\/wp-json\/wp\/v2\/tags?post=579"}],"curies":[{"name":"wp","href":"https:\/\/api.w.org\/{rel}","templated":true}]}}