{"id":540,"date":"2023-09-26T18:54:42","date_gmt":"2023-09-26T21:54:42","guid":{"rendered":"https:\/\/www.acsc.com.br\/santacatarina\/?p=540"},"modified":"2023-09-26T18:55:01","modified_gmt":"2023-09-26T21:55:01","slug":"i-encontro-de-convivencia-do-ensino-medio","status":"publish","type":"post","link":"https:\/\/www.acsc.com.br\/santacatarina\/2023\/09\/26\/i-encontro-de-convivencia-do-ensino-medio\/","title":{"rendered":"I Encontro de Conviv\u00eancia do Ensino M\u00e9dio"},"content":{"rendered":"<p><b><i>\u201cTodos nascem como originais, mas muitos morrem como fotoc\u00f3pias\u201d (Beato <\/i><\/b><b><i>Carlo Acutis)<\/i><\/b><\/p>\n<p><b>I Encontro de Conviv\u00eancia do Ensino M\u00e9dio<\/b><\/p>\n<p><span style=\"font-weight: 400;\">Aconteceu no dia 23 de setembro o I Encontro de Conviv\u00eancia do Ensino M\u00e9dio, promovido pela PJESC \u2013 Pastoral da Juventude Estudantil do Col\u00e9gio Santa Catarina. Com o tema: Cora\u00e7\u00f5es ardentes, p\u00e9s a caminho.\u00a0<\/span><\/p>\n<p><span style=\"font-weight: 400;\">Sob a lideran\u00e7a, criatividade e protagonismo da Coordena\u00e7\u00e3o da PJESC, que a meses organizou ansiosamente este momento, o encontro se deu com muita anima\u00e7\u00e3o, alegria e entusiasmo. A chuva que vinha do c\u00e9u foi motivo de muitas b\u00ean\u00e7\u00e3os. Foram momentos de conviv\u00eancia, estudo, reflex\u00e3o, partilha, troca de experi\u00eancias, brincadeiras e ajuda m\u00fatua. E que fez nossos jovens a refletirem:\u00a0 Pelo que meu cora\u00e7\u00e3o arde?\u00a0<\/span><\/p>\n<p><span style=\"font-weight: 400;\">Gratid\u00e3o ao grupo do Ensino M\u00e9dio que aceitou o desafio de participar deste primeiro encontro.\u00a0<\/span><\/p>\n<p><span style=\"font-weight: 400;\">Gratid\u00e3o a todos os que colaboraram conosco com seus dons, nos ajudando nas refei\u00e7\u00f5es, no ambiente, na anima\u00e7\u00e3o deste encontro.<\/span><\/p>\n<p><span style=\"font-weight: 400;\">Gratid\u00e3o em especial \u00e0 coordena\u00e7\u00e3o da PJESC que abra\u00e7ou e dinamizou este momento. Papa Francisco na Jornada Mundial da Juventude 2023 nos diz: <\/span><i><span style=\"font-weight: 400;\">\u201cQueridos jovens, precisamos de voc\u00eas! Precisamos de sua criatividade, de seus sonhos e de sua coragem, de sua simpatia e de seus sorrisos, de sua alegria contagiante e tamb\u00e9m daquela pitada de loucura que voc\u00eas sabem trazer para cada situa\u00e7\u00e3o e que ajuda a sair do torpor da rotina e dos esquemas repetitivos, em que \u00e0s vezes classificamos a vida\u201d.(Papa Francisco)<\/span><\/i><\/p>\n<p><span style=\"font-weight: 400;\">Querida Juventude PJESqueira! N\u00e3o tenham medo! <\/span><span style=\"font-weight: 400;\">&#8220;Substitu\u00ed os medos pelos sonhos, n\u00e3o sejais administradores de medos, mas empreendedores de sonhos!\u201d (Papa Francisco)<\/span><\/p>\n<p><span style=\"font-weight: 400;\">Que venha o Segundo encontro de Conviv\u00eancia sob a intercess\u00e3o de Madre Regina e Santa Catarina e com a prote\u00e7\u00e3o de Deus.\u00a0<\/span><\/p>\n<p>&nbsp;<\/p>\n<div class=\"w-gallery cols_6 link_file\"><div class=\"w-gallery-list\"><a class=\"w-gallery-item order_1\" href=\"https:\/\/www.acsc.com.br\/santacatarina\/wp-content\/uploads\/sites\/2\/2023\/09\/IMG-6907.jpg\" title=\"IMG-6907\"><div class=\"w-gallery-item-img\"><img loading=\"lazy\" decoding=\"async\" width=\"150\" height=\"150\" src=\"https:\/\/www.acsc.com.br\/santacatarina\/wp-content\/uploads\/sites\/2\/2023\/09\/IMG-6907-150x150.jpg\" class=\"attachment-thumbnail size-thumbnail\" alt=\"\" \/><\/div><\/a><a class=\"w-gallery-item order_2\" href=\"https:\/\/www.acsc.com.br\/santacatarina\/wp-content\/uploads\/sites\/2\/2023\/09\/IMG-6844.jpg\" title=\"IMG-6844\"><div class=\"w-gallery-item-img\"><img loading=\"lazy\" decoding=\"async\" width=\"150\" height=\"150\" src=\"https:\/\/www.acsc.com.br\/santacatarina\/wp-content\/uploads\/sites\/2\/2023\/09\/IMG-6844-150x150.jpg\" class=\"attachment-thumbnail size-thumbnail\" alt=\"\" \/><\/div><\/a><a class=\"w-gallery-item order_3\" href=\"https:\/\/www.acsc.com.br\/santacatarina\/wp-content\/uploads\/sites\/2\/2023\/09\/IMG-6918.jpg\" title=\"IMG-6918\"><div class=\"w-gallery-item-img\"><img loading=\"lazy\" decoding=\"async\" width=\"150\" height=\"150\" src=\"https:\/\/www.acsc.com.br\/santacatarina\/wp-content\/uploads\/sites\/2\/2023\/09\/IMG-6918-150x150.jpg\" class=\"attachment-thumbnail size-thumbnail\" alt=\"\" \/><\/div><\/a><a class=\"w-gallery-item order_4\" href=\"https:\/\/www.acsc.com.br\/santacatarina\/wp-content\/uploads\/sites\/2\/2023\/09\/IMG-6896.jpg\" title=\"IMG-6896\"><div class=\"w-gallery-item-img\"><img loading=\"lazy\" decoding=\"async\" width=\"150\" height=\"150\" src=\"https:\/\/www.acsc.com.br\/santacatarina\/wp-content\/uploads\/sites\/2\/2023\/09\/IMG-6896-150x150.jpg\" class=\"attachment-thumbnail size-thumbnail\" alt=\"\" \/><\/div><\/a><a class=\"w-gallery-item order_5\" href=\"https:\/\/www.acsc.com.br\/santacatarina\/wp-content\/uploads\/sites\/2\/2023\/09\/IMG-6874.jpg\" title=\"IMG-6874\"><div class=\"w-gallery-item-img\"><img loading=\"lazy\" decoding=\"async\" width=\"150\" height=\"150\" src=\"https:\/\/www.acsc.com.br\/santacatarina\/wp-content\/uploads\/sites\/2\/2023\/09\/IMG-6874-150x150.jpg\" class=\"attachment-thumbnail size-thumbnail\" alt=\"\" \/><\/div><\/a><a class=\"w-gallery-item order_6\" href=\"https:\/\/www.acsc.com.br\/santacatarina\/wp-content\/uploads\/sites\/2\/2023\/09\/IMG-6821.jpg\" title=\"IMG-6821\"><div class=\"w-gallery-item-img\"><img loading=\"lazy\" decoding=\"async\" width=\"150\" height=\"150\" src=\"https:\/\/www.acsc.com.br\/santacatarina\/wp-content\/uploads\/sites\/2\/2023\/09\/IMG-6821-150x150.jpg\" class=\"attachment-thumbnail size-thumbnail\" alt=\"\" \/><\/div><\/a><\/div><\/div>\n","protected":false},"excerpt":{"rendered":"<p>\u201cTodos nascem como originais, mas muitos morrem como fotoc\u00f3pias\u201d (Beato Carlo Acutis) I Encontro de Conviv\u00eancia do Ensino M\u00e9dio Aconteceu no dia 23 de setembro o I Encontro de Conviv\u00eancia do Ensino M\u00e9dio, promovido pela PJESC \u2013 Pastoral da Juventude Estudantil do Col\u00e9gio Santa Catarina. Com o tema: Cora\u00e7\u00f5es ardentes, p\u00e9s a caminho.\u00a0 Sob a&#8230;<\/p>\n","protected":false},"author":1,"featured_media":546,"comment_status":"closed","ping_status":"closed","sticky":false,"template":"","format":"standard","meta":{"_acf_changed":false,"footnotes":""},"categories":[1],"tags":[],"class_list":["post-540","post","type-post","status-publish","format-standard","has-post-thumbnail","hentry","category-noticias"],"acf":[],"_links":{"self":[{"href":"https:\/\/www.acsc.com.br\/santacatarina\/wp-json\/wp\/v2\/posts\/540","targetHints":{"allow":["GET"]}}],"collection":[{"href":"https:\/\/www.acsc.com.br\/santacatarina\/wp-json\/wp\/v2\/posts"}],"about":[{"href":"https:\/\/www.acsc.com.br\/santacatarina\/wp-json\/wp\/v2\/types\/post"}],"author":[{"embeddable":true,"href":"https:\/\/www.acsc.com.br\/santacatarina\/wp-json\/wp\/v2\/users\/1"}],"replies":[{"embeddable":true,"href":"https:\/\/www.acsc.com.br\/santacatarina\/wp-json\/wp\/v2\/comments?post=540"}],"version-history":[{"count":1,"href":"https:\/\/www.acsc.com.br\/santacatarina\/wp-json\/wp\/v2\/posts\/540\/revisions"}],"predecessor-version":[{"id":547,"href":"https:\/\/www.acsc.com.br\/santacatarina\/wp-json\/wp\/v2\/posts\/540\/revisions\/547"}],"wp:featuredmedia":[{"embeddable":true,"href":"https:\/\/www.acsc.com.br\/santacatarina\/wp-json\/wp\/v2\/media\/546"}],"wp:attachment":[{"href":"https:\/\/www.acsc.com.br\/santacatarina\/wp-json\/wp\/v2\/media?parent=540"}],"wp:term":[{"taxonomy":"category","embeddable":true,"href":"https:\/\/www.acsc.com.br\/santacatarina\/wp-json\/wp\/v2\/categories?post=540"},{"taxonomy":"post_tag","embeddable":true,"href":"https:\/\/www.acsc.com.br\/santacatarina\/wp-json\/wp\/v2\/tags?post=540"}],"curies":[{"name":"wp","href":"https:\/\/api.w.org\/{rel}","templated":true}]}}