{"id":452,"date":"2023-08-10T18:44:09","date_gmt":"2023-08-10T21:44:09","guid":{"rendered":"https:\/\/www.acsc.com.br\/santacatarina\/?p=452"},"modified":"2023-08-10T18:44:09","modified_gmt":"2023-08-10T21:44:09","slug":"primeiro-lugar-mostratec","status":"publish","type":"post","link":"https:\/\/www.acsc.com.br\/santacatarina\/2023\/08\/10\/primeiro-lugar-mostratec\/","title":{"rendered":"Primeiro lugar Mostratec"},"content":{"rendered":"<p><span style=\"font-weight: 400;\">O Col\u00e9gio Santa Catarina, com muito orgulho, homenageou os alunos Lucas Bernardes de Lima, Gabriel Ferreira, Melissa Oliveira Westhauser e o professor orientador Marcelo Ara\u00fajo Machado pelo 1\u00ba lugar na Mostratec &#8211; 2022, na \u00e1rea de Ci\u00eancias da Sa\u00fade, com o trabalho &#8220;Adapta\u00e7\u00e3o de Cal\u00e7ados para pessoas com dismetria: um estudo de caso e desenvolvimento de prot\u00f3tipo&#8221;.<\/span><\/p>\n<p><span style=\"font-weight: 400;\">Parab\u00e9ns pelo empenho e dedica\u00e7\u00e3o!<\/span><\/p>\n<p>&nbsp;<\/p>\n<div class=\"w-gallery cols_3 link_file\"><div class=\"w-gallery-list\"><a class=\"w-gallery-item order_1\" href=\"https:\/\/www.acsc.com.br\/santacatarina\/wp-content\/uploads\/sites\/2\/2023\/08\/IMG_1199.jpg\" title=\"IMG_1199\"><div class=\"w-gallery-item-img\"><img loading=\"lazy\" decoding=\"async\" width=\"150\" height=\"150\" src=\"https:\/\/www.acsc.com.br\/santacatarina\/wp-content\/uploads\/sites\/2\/2023\/08\/IMG_1199-150x150.jpg\" class=\"attachment-thumbnail size-thumbnail\" alt=\"\" \/><\/div><\/a><a class=\"w-gallery-item order_2\" href=\"https:\/\/www.acsc.com.br\/santacatarina\/wp-content\/uploads\/sites\/2\/2023\/08\/IMG_1202.jpg\" title=\"IMG_1202\"><div class=\"w-gallery-item-img\"><img loading=\"lazy\" decoding=\"async\" width=\"150\" height=\"150\" src=\"https:\/\/www.acsc.com.br\/santacatarina\/wp-content\/uploads\/sites\/2\/2023\/08\/IMG_1202-150x150.jpg\" class=\"attachment-thumbnail size-thumbnail\" alt=\"\" \/><\/div><\/a><a class=\"w-gallery-item order_3\" href=\"https:\/\/www.acsc.com.br\/santacatarina\/wp-content\/uploads\/sites\/2\/2023\/08\/IMG_1197.jpg\" title=\"IMG_1197\"><div class=\"w-gallery-item-img\"><img loading=\"lazy\" decoding=\"async\" width=\"150\" height=\"150\" src=\"https:\/\/www.acsc.com.br\/santacatarina\/wp-content\/uploads\/sites\/2\/2023\/08\/IMG_1197-150x150.jpg\" class=\"attachment-thumbnail size-thumbnail\" alt=\"\" \/><\/div><\/a><\/div><\/div>\n","protected":false},"excerpt":{"rendered":"<p>O Col\u00e9gio Santa Catarina, com muito orgulho, homenageou os alunos Lucas Bernardes de Lima, Gabriel Ferreira, Melissa Oliveira Westhauser e o professor orientador Marcelo Ara\u00fajo Machado pelo 1\u00ba lugar na Mostratec &#8211; 2022, na \u00e1rea de Ci\u00eancias da Sa\u00fade, com o trabalho &#8220;Adapta\u00e7\u00e3o de Cal\u00e7ados para pessoas com dismetria: um estudo de caso e desenvolvimento&#8230;<\/p>\n","protected":false},"author":1,"featured_media":453,"comment_status":"closed","ping_status":"closed","sticky":false,"template":"","format":"standard","meta":{"_acf_changed":false,"footnotes":""},"categories":[1],"tags":[],"class_list":["post-452","post","type-post","status-publish","format-standard","has-post-thumbnail","hentry","category-noticias"],"acf":[],"_links":{"self":[{"href":"https:\/\/www.acsc.com.br\/santacatarina\/wp-json\/wp\/v2\/posts\/452","targetHints":{"allow":["GET"]}}],"collection":[{"href":"https:\/\/www.acsc.com.br\/santacatarina\/wp-json\/wp\/v2\/posts"}],"about":[{"href":"https:\/\/www.acsc.com.br\/santacatarina\/wp-json\/wp\/v2\/types\/post"}],"author":[{"embeddable":true,"href":"https:\/\/www.acsc.com.br\/santacatarina\/wp-json\/wp\/v2\/users\/1"}],"replies":[{"embeddable":true,"href":"https:\/\/www.acsc.com.br\/santacatarina\/wp-json\/wp\/v2\/comments?post=452"}],"version-history":[{"count":1,"href":"https:\/\/www.acsc.com.br\/santacatarina\/wp-json\/wp\/v2\/posts\/452\/revisions"}],"predecessor-version":[{"id":456,"href":"https:\/\/www.acsc.com.br\/santacatarina\/wp-json\/wp\/v2\/posts\/452\/revisions\/456"}],"wp:featuredmedia":[{"embeddable":true,"href":"https:\/\/www.acsc.com.br\/santacatarina\/wp-json\/wp\/v2\/media\/453"}],"wp:attachment":[{"href":"https:\/\/www.acsc.com.br\/santacatarina\/wp-json\/wp\/v2\/media?parent=452"}],"wp:term":[{"taxonomy":"category","embeddable":true,"href":"https:\/\/www.acsc.com.br\/santacatarina\/wp-json\/wp\/v2\/categories?post=452"},{"taxonomy":"post_tag","embeddable":true,"href":"https:\/\/www.acsc.com.br\/santacatarina\/wp-json\/wp\/v2\/tags?post=452"}],"curies":[{"name":"wp","href":"https:\/\/api.w.org\/{rel}","templated":true}]}}