{"id":430,"date":"2023-08-10T18:37:49","date_gmt":"2023-08-10T21:37:49","guid":{"rendered":"https:\/\/www.acsc.com.br\/santacatarina\/?p=430"},"modified":"2023-08-10T18:44:37","modified_gmt":"2023-08-10T21:44:37","slug":"no-dia-08-07-2023-tivemos-a-nossa-festa-junina-do-santa","status":"publish","type":"post","link":"https:\/\/www.acsc.com.br\/santacatarina\/2023\/08\/10\/no-dia-08-07-2023-tivemos-a-nossa-festa-junina-do-santa\/","title":{"rendered":"No dia 08\/07\/2023 tivemos a nossa Festa Junina do Santa!"},"content":{"rendered":"<p><span style=\"font-weight: 400;\">Neste dia ensolarado, tivemos muitas apresenta\u00e7\u00f5es, comes e bebes t\u00edpicos de um arrai\u00e1 e muita m\u00fasica! O evento tamb\u00e9m pode contar com a presen\u00e7a da nossa mascote Catarina, al\u00e9m de quadrilhas juninas do 3\u00baano do Ensino M\u00e9dio, momentos de pescaria, brinquedos infl\u00e1veis para as crian\u00e7as, barracas de informa\u00e7\u00f5es sobre o col\u00e9gio, competi\u00e7\u00f5es de Miss Pipoca e muito mais!<\/span><\/p>\n<div class=\"w-gallery cols_6 link_attachment\"><div class=\"w-gallery-list\"><a class=\"w-gallery-item order_1\" href=\"https:\/\/www.acsc.com.br\/santacatarina\/2023\/08\/10\/no-dia-08-07-2023-tivemos-a-nossa-festa-junina-do-santa\/53055770288_c936f3f563_o-3\/\" title=\"53055770288_c936f3f563_o\"><div class=\"w-gallery-item-img\"><img loading=\"lazy\" decoding=\"async\" width=\"150\" height=\"150\" src=\"https:\/\/www.acsc.com.br\/santacatarina\/wp-content\/uploads\/sites\/2\/2023\/08\/53055770288_c936f3f563_o-2-150x150.jpg\" class=\"attachment-thumbnail size-thumbnail\" alt=\"\" \/><\/div><\/a><a class=\"w-gallery-item order_2\" href=\"https:\/\/www.acsc.com.br\/santacatarina\/2023\/08\/10\/no-dia-08-07-2023-tivemos-a-nossa-festa-junina-do-santa\/53055665195_053de5462c_o-3\/\" title=\"53055665195_053de5462c_o\"><div class=\"w-gallery-item-img\"><img loading=\"lazy\" decoding=\"async\" width=\"150\" height=\"150\" src=\"https:\/\/www.acsc.com.br\/santacatarina\/wp-content\/uploads\/sites\/2\/2023\/08\/53055665195_053de5462c_o-2-150x150.jpg\" class=\"attachment-thumbnail size-thumbnail\" alt=\"\" \/><\/div><\/a><a class=\"w-gallery-item order_3\" href=\"https:\/\/www.acsc.com.br\/santacatarina\/2023\/08\/10\/no-dia-08-07-2023-tivemos-a-nossa-festa-junina-do-santa\/53055773623_1a9088e3f8_o-3\/\" title=\"53055773623_1a9088e3f8_o\"><div class=\"w-gallery-item-img\"><img loading=\"lazy\" decoding=\"async\" width=\"150\" height=\"150\" src=\"https:\/\/www.acsc.com.br\/santacatarina\/wp-content\/uploads\/sites\/2\/2023\/08\/53055773623_1a9088e3f8_o-2-150x150.jpg\" class=\"attachment-thumbnail size-thumbnail\" alt=\"\" \/><\/div><\/a><a class=\"w-gallery-item order_4\" href=\"https:\/\/www.acsc.com.br\/santacatarina\/2023\/08\/10\/no-dia-08-07-2023-tivemos-a-nossa-festa-junina-do-santa\/53055774253_8be8ec305f_o-3\/\" title=\"53055774253_8be8ec305f_o\"><div class=\"w-gallery-item-img\"><img loading=\"lazy\" decoding=\"async\" width=\"150\" height=\"150\" src=\"https:\/\/www.acsc.com.br\/santacatarina\/wp-content\/uploads\/sites\/2\/2023\/08\/53055774253_8be8ec305f_o-2-150x150.jpg\" class=\"attachment-thumbnail size-thumbnail\" alt=\"\" \/><\/div><\/a><a class=\"w-gallery-item order_5\" href=\"https:\/\/www.acsc.com.br\/santacatarina\/2023\/08\/10\/no-dia-08-07-2023-tivemos-a-nossa-festa-junina-do-santa\/53055666140_179bcd223b_o-3\/\" title=\"53055666140_179bcd223b_o\"><div class=\"w-gallery-item-img\"><img loading=\"lazy\" decoding=\"async\" width=\"150\" height=\"150\" src=\"https:\/\/www.acsc.com.br\/santacatarina\/wp-content\/uploads\/sites\/2\/2023\/08\/53055666140_179bcd223b_o-2-150x150.jpg\" class=\"attachment-thumbnail size-thumbnail\" alt=\"\" \/><\/div><\/a><a class=\"w-gallery-item order_6\" href=\"https:\/\/www.acsc.com.br\/santacatarina\/2023\/08\/10\/no-dia-08-07-2023-tivemos-a-nossa-festa-junina-do-santa\/53055770258_54c7668976_o-2\/\" title=\"53055770258_54c7668976_o\"><div class=\"w-gallery-item-img\"><img loading=\"lazy\" decoding=\"async\" width=\"150\" height=\"150\" src=\"https:\/\/www.acsc.com.br\/santacatarina\/wp-content\/uploads\/sites\/2\/2023\/08\/53055770258_54c7668976_o-1-150x150.jpg\" class=\"attachment-thumbnail size-thumbnail\" alt=\"\" \/><\/div><\/a><\/div><\/div>\n","protected":false},"excerpt":{"rendered":"<p>Neste dia ensolarado, tivemos muitas apresenta\u00e7\u00f5es, comes e bebes t\u00edpicos de um arrai\u00e1 e muita m\u00fasica! O evento tamb\u00e9m pode contar com a presen\u00e7a da nossa mascote Catarina, al\u00e9m de quadrilhas juninas do 3\u00baano do Ensino M\u00e9dio, momentos de pescaria, brinquedos infl\u00e1veis para as crian\u00e7as, barracas de informa\u00e7\u00f5es sobre o col\u00e9gio, competi\u00e7\u00f5es de Miss Pipoca&#8230;<\/p>\n","protected":false},"author":1,"featured_media":432,"comment_status":"closed","ping_status":"closed","sticky":false,"template":"","format":"standard","meta":{"_acf_changed":false,"footnotes":""},"categories":[1],"tags":[],"class_list":["post-430","post","type-post","status-publish","format-standard","has-post-thumbnail","hentry","category-noticias"],"acf":[],"_links":{"self":[{"href":"https:\/\/www.acsc.com.br\/santacatarina\/wp-json\/wp\/v2\/posts\/430","targetHints":{"allow":["GET"]}}],"collection":[{"href":"https:\/\/www.acsc.com.br\/santacatarina\/wp-json\/wp\/v2\/posts"}],"about":[{"href":"https:\/\/www.acsc.com.br\/santacatarina\/wp-json\/wp\/v2\/types\/post"}],"author":[{"embeddable":true,"href":"https:\/\/www.acsc.com.br\/santacatarina\/wp-json\/wp\/v2\/users\/1"}],"replies":[{"embeddable":true,"href":"https:\/\/www.acsc.com.br\/santacatarina\/wp-json\/wp\/v2\/comments?post=430"}],"version-history":[{"count":1,"href":"https:\/\/www.acsc.com.br\/santacatarina\/wp-json\/wp\/v2\/posts\/430\/revisions"}],"predecessor-version":[{"id":448,"href":"https:\/\/www.acsc.com.br\/santacatarina\/wp-json\/wp\/v2\/posts\/430\/revisions\/448"}],"wp:featuredmedia":[{"embeddable":true,"href":"https:\/\/www.acsc.com.br\/santacatarina\/wp-json\/wp\/v2\/media\/432"}],"wp:attachment":[{"href":"https:\/\/www.acsc.com.br\/santacatarina\/wp-json\/wp\/v2\/media?parent=430"}],"wp:term":[{"taxonomy":"category","embeddable":true,"href":"https:\/\/www.acsc.com.br\/santacatarina\/wp-json\/wp\/v2\/categories?post=430"},{"taxonomy":"post_tag","embeddable":true,"href":"https:\/\/www.acsc.com.br\/santacatarina\/wp-json\/wp\/v2\/tags?post=430"}],"curies":[{"name":"wp","href":"https:\/\/api.w.org\/{rel}","templated":true}]}}