{"id":1601,"date":"2026-04-22T12:43:57","date_gmt":"2026-04-22T15:43:57","guid":{"rendered":"https:\/\/www.acsc.com.br\/santacatarina\/?p=1601"},"modified":"2026-04-22T12:43:57","modified_gmt":"2026-04-22T15:43:57","slug":"pascoa-doce-divertida-e-solidaria","status":"publish","type":"post","link":"https:\/\/www.acsc.com.br\/santacatarina\/2026\/04\/22\/pascoa-doce-divertida-e-solidaria\/","title":{"rendered":"P\u00e1scoa Doce, Divertida e Solid\u00e1ria"},"content":{"rendered":"<p><span style=\"font-weight: 400;\">Os alunos do Col\u00e9gio Santa Catarina promoveram uma a\u00e7\u00e3o solid\u00e1ria de P\u00e1scoa em benef\u00edcio das crian\u00e7as atendidas pelo Centro Social Madre Regina. A iniciativa contou com a arrecada\u00e7\u00e3o de chocolates e doces para a montagem de cestas, envolvendo toda a comunidade escolar.<\/span><\/p>\n<p><span style=\"font-weight: 400;\">A campanha mobilizou estudantes de diferentes turmas ao longo da quaresma. Os itens arrecadados foram organizados em cestas de P\u00e1scoa, com o objetivo de levar alegria, partilha e cuidado \u00e0s crian\u00e7as atendidas pela institui\u00e7\u00e3o.<\/span><\/p>\n<p><span style=\"font-weight: 400;\">No Col\u00e9gio, a data tamb\u00e9m foi celebrada com atividades especiais entre os alunos. As turmas da Educa\u00e7\u00e3o Infantil e do Ensino Fundamental I participaram de uma din\u00e2mica l\u00fadica, ajudando o coelhinho da P\u00e1scoa a encontrar sua cenoura. Durante a busca, os alunos encontraram os ninhos que haviam confeccionado em aula. Dentro deles, bombons aguardavam como surpresa, tornando o momento ainda mais significativo e envolvente.<\/span><\/p>\n<p><span style=\"font-weight: 400;\">Os estudantes do Ensino Fundamental II e do Ensino M\u00e9dio tamb\u00e9m participaram das celebra\u00e7\u00f5es. Eles receberam um doce simb\u00f3lico, marcando a data de forma especial.<\/span><\/p>\n<p><span style=\"font-weight: 400;\">Ao longo de todo o per\u00edodo da Quaresma, o Col\u00e9gio Santa Catarina refor\u00e7ou o verdadeiro significado da P\u00e1scoa junto aos alunos. A reflex\u00e3o destacou o amor de Cristo, sua morte na cruz e a ressurrei\u00e7\u00e3o ao terceiro dia como centro da viv\u00eancia crist\u00e3.<\/p>\n<p><\/span><\/p>\n<div class=\"w-gallery cols_3 link_file\"><div class=\"w-gallery-list\"><a class=\"w-gallery-item order_1\" href=\"https:\/\/www.acsc.com.br\/santacatarina\/wp-content\/uploads\/sites\/2\/2026\/04\/IMG_3362.jpg\" title=\"IMG_3362\"><div class=\"w-gallery-item-img\"><img loading=\"lazy\" decoding=\"async\" width=\"150\" height=\"150\" src=\"https:\/\/www.acsc.com.br\/santacatarina\/wp-content\/uploads\/sites\/2\/2026\/04\/IMG_3362-150x150.jpg\" class=\"attachment-thumbnail size-thumbnail\" alt=\"\" \/><\/div><\/a><a class=\"w-gallery-item order_2\" href=\"https:\/\/www.acsc.com.br\/santacatarina\/wp-content\/uploads\/sites\/2\/2026\/04\/IMG_2684.jpg\" title=\"IMG_2684\"><div class=\"w-gallery-item-img\"><img loading=\"lazy\" decoding=\"async\" width=\"150\" height=\"150\" src=\"https:\/\/www.acsc.com.br\/santacatarina\/wp-content\/uploads\/sites\/2\/2026\/04\/IMG_2684-150x150.jpg\" class=\"attachment-thumbnail size-thumbnail\" alt=\"\" \/><\/div><\/a><a class=\"w-gallery-item order_3\" href=\"https:\/\/www.acsc.com.br\/santacatarina\/wp-content\/uploads\/sites\/2\/2026\/04\/IMG_3350.jpg\" title=\"IMG_3350\"><div class=\"w-gallery-item-img\"><img loading=\"lazy\" decoding=\"async\" width=\"150\" height=\"150\" src=\"https:\/\/www.acsc.com.br\/santacatarina\/wp-content\/uploads\/sites\/2\/2026\/04\/IMG_3350-150x150.jpg\" class=\"attachment-thumbnail size-thumbnail\" alt=\"\" \/><\/div><\/a><a class=\"w-gallery-item order_4\" href=\"https:\/\/www.acsc.com.br\/santacatarina\/wp-content\/uploads\/sites\/2\/2026\/04\/IMG_2243.jpg\" title=\"IMG_2243\"><div class=\"w-gallery-item-img\"><img loading=\"lazy\" decoding=\"async\" width=\"150\" height=\"150\" src=\"https:\/\/www.acsc.com.br\/santacatarina\/wp-content\/uploads\/sites\/2\/2026\/04\/IMG_2243-150x150.jpg\" class=\"attachment-thumbnail size-thumbnail\" alt=\"\" \/><\/div><\/a><a class=\"w-gallery-item order_5\" href=\"https:\/\/www.acsc.com.br\/santacatarina\/wp-content\/uploads\/sites\/2\/2026\/04\/CAPA-2.jpg\" title=\"CAPA\"><div class=\"w-gallery-item-img\"><img loading=\"lazy\" decoding=\"async\" width=\"150\" height=\"150\" src=\"https:\/\/www.acsc.com.br\/santacatarina\/wp-content\/uploads\/sites\/2\/2026\/04\/CAPA-2-150x150.jpg\" class=\"attachment-thumbnail size-thumbnail\" alt=\"\" \/><\/div><\/a><\/div><\/div>\n<p>&nbsp;<\/p>\n","protected":false},"excerpt":{"rendered":"<p>Os alunos do Col\u00e9gio Santa Catarina promoveram uma a\u00e7\u00e3o solid\u00e1ria de P\u00e1scoa em benef\u00edcio das crian\u00e7as atendidas pelo Centro Social Madre Regina. A iniciativa contou com a arrecada\u00e7\u00e3o de chocolates e doces para a montagem de cestas, envolvendo toda a comunidade escolar. A campanha mobilizou estudantes de diferentes turmas ao longo da quaresma. Os itens&#8230;<\/p>\n","protected":false},"author":1,"featured_media":1606,"comment_status":"closed","ping_status":"closed","sticky":false,"template":"","format":"standard","meta":{"_acf_changed":false,"footnotes":""},"categories":[1],"tags":[],"class_list":["post-1601","post","type-post","status-publish","format-standard","has-post-thumbnail","hentry","category-noticias"],"acf":[],"_links":{"self":[{"href":"https:\/\/www.acsc.com.br\/santacatarina\/wp-json\/wp\/v2\/posts\/1601","targetHints":{"allow":["GET"]}}],"collection":[{"href":"https:\/\/www.acsc.com.br\/santacatarina\/wp-json\/wp\/v2\/posts"}],"about":[{"href":"https:\/\/www.acsc.com.br\/santacatarina\/wp-json\/wp\/v2\/types\/post"}],"author":[{"embeddable":true,"href":"https:\/\/www.acsc.com.br\/santacatarina\/wp-json\/wp\/v2\/users\/1"}],"replies":[{"embeddable":true,"href":"https:\/\/www.acsc.com.br\/santacatarina\/wp-json\/wp\/v2\/comments?post=1601"}],"version-history":[{"count":1,"href":"https:\/\/www.acsc.com.br\/santacatarina\/wp-json\/wp\/v2\/posts\/1601\/revisions"}],"predecessor-version":[{"id":1607,"href":"https:\/\/www.acsc.com.br\/santacatarina\/wp-json\/wp\/v2\/posts\/1601\/revisions\/1607"}],"wp:featuredmedia":[{"embeddable":true,"href":"https:\/\/www.acsc.com.br\/santacatarina\/wp-json\/wp\/v2\/media\/1606"}],"wp:attachment":[{"href":"https:\/\/www.acsc.com.br\/santacatarina\/wp-json\/wp\/v2\/media?parent=1601"}],"wp:term":[{"taxonomy":"category","embeddable":true,"href":"https:\/\/www.acsc.com.br\/santacatarina\/wp-json\/wp\/v2\/categories?post=1601"},{"taxonomy":"post_tag","embeddable":true,"href":"https:\/\/www.acsc.com.br\/santacatarina\/wp-json\/wp\/v2\/tags?post=1601"}],"curies":[{"name":"wp","href":"https:\/\/api.w.org\/{rel}","templated":true}]}}