{"id":1594,"date":"2026-04-22T12:42:55","date_gmt":"2026-04-22T15:42:55","guid":{"rendered":"https:\/\/www.acsc.com.br\/santacatarina\/?p=1594"},"modified":"2026-04-22T12:42:55","modified_gmt":"2026-04-22T15:42:55","slug":"encenacao-da-via-sacra","status":"publish","type":"post","link":"https:\/\/www.acsc.com.br\/santacatarina\/2026\/04\/22\/encenacao-da-via-sacra\/","title":{"rendered":"Encena\u00e7\u00e3o da Via-Sacra"},"content":{"rendered":"<p><span style=\"font-weight: 400;\">Na noite do dia 1\u00ba de abril, o Col\u00e9gio Santa Catarina realizou uma emocionante encena\u00e7\u00e3o da Via-Sacra, reunindo alunos da institui\u00e7\u00e3o, membros da Par\u00f3quia Nossa Senhora da Piedade, de Hamburgo Velho, e as Irm\u00e3s da Congrega\u00e7\u00e3o das Irm\u00e3s de Santa Catarina. O evento mobilizou a comunidade e atraiu fi\u00e9is de diferentes pontos de Novo Hamburgo.<\/span><\/p>\n<p><span style=\"font-weight: 400;\">O percurso iniciou no Col\u00e9gio e seguiu at\u00e9 a Igreja Nossa Senhora da Piedade, conduzindo os participantes por um trajeto de reflex\u00e3o e f\u00e9. Ao longo do caminho, foram vivenciadas as 14 esta\u00e7\u00f5es da crucifica\u00e7\u00e3o de Jesus, representadas com sensibilidade e dedica\u00e7\u00e3o pelos alunos envolvidos na encena\u00e7\u00e3o.<\/span><\/p>\n<p><span style=\"font-weight: 400;\">A prociss\u00e3o foi conduzida pelo Padre Per\u00edcles, da Par\u00f3quia Nossa Senhora da Piedade, que guiou os fi\u00e9is em um momento de profunda espiritualidade. Para garantir a seguran\u00e7a dos participantes durante todo o trajeto, a Guarda Municipal de Novo Hamburgo atuou no bloqueio das ruas e na organiza\u00e7\u00e3o do tr\u00e2nsito.<\/span><\/p>\n<p><span style=\"font-weight: 400;\">Em cada parada, o p\u00fablico era convidado a refletir sobre os momentos marcantes da Paix\u00e3o de Cristo, em uma experi\u00eancia que uniu espiritualidade, arte e comunidade. A atua\u00e7\u00e3o dos estudantes trouxe ainda mais intensidade \u00e0 caminhada, tornando cada esta\u00e7\u00e3o um momento \u00fanico de contempla\u00e7\u00e3o.<\/span><\/p>\n<p><span style=\"font-weight: 400;\">Reunindo um grande n\u00famero de fi\u00e9is, a Via-Sacra emocionou todos os presentes e fortaleceu os la\u00e7os entre escola, par\u00f3quia e comunidade, reafirmando o verdadeiro sentido deste per\u00edodo t\u00e3o significativo para a tradi\u00e7\u00e3o crist\u00e3.<\/span><\/p>\n<p>&nbsp;<\/p>\n<div class=\"w-gallery cols_3 link_file\"><div class=\"w-gallery-list\"><a class=\"w-gallery-item order_1\" href=\"https:\/\/www.acsc.com.br\/santacatarina\/wp-content\/uploads\/sites\/2\/2026\/04\/IMG_3169.jpg\" title=\"IMG_3169\"><div class=\"w-gallery-item-img\"><img loading=\"lazy\" decoding=\"async\" width=\"150\" height=\"150\" src=\"https:\/\/www.acsc.com.br\/santacatarina\/wp-content\/uploads\/sites\/2\/2026\/04\/IMG_3169-150x150.jpg\" class=\"attachment-thumbnail size-thumbnail\" alt=\"\" \/><\/div><\/a><a class=\"w-gallery-item order_2\" href=\"https:\/\/www.acsc.com.br\/santacatarina\/wp-content\/uploads\/sites\/2\/2026\/04\/IMG_2881.jpg\" title=\"IMG_2881\"><div class=\"w-gallery-item-img\"><img loading=\"lazy\" decoding=\"async\" width=\"150\" height=\"150\" src=\"https:\/\/www.acsc.com.br\/santacatarina\/wp-content\/uploads\/sites\/2\/2026\/04\/IMG_2881-150x150.jpg\" class=\"attachment-thumbnail size-thumbnail\" alt=\"\" \/><\/div><\/a><a class=\"w-gallery-item order_3\" href=\"https:\/\/www.acsc.com.br\/santacatarina\/wp-content\/uploads\/sites\/2\/2026\/04\/IMG_3054.jpg\" title=\"IMG_3054\"><div class=\"w-gallery-item-img\"><img loading=\"lazy\" decoding=\"async\" width=\"150\" height=\"150\" src=\"https:\/\/www.acsc.com.br\/santacatarina\/wp-content\/uploads\/sites\/2\/2026\/04\/IMG_3054-150x150.jpg\" class=\"attachment-thumbnail size-thumbnail\" alt=\"\" \/><\/div><\/a><a class=\"w-gallery-item order_4\" href=\"https:\/\/www.acsc.com.br\/santacatarina\/wp-content\/uploads\/sites\/2\/2026\/04\/CAPA-1.jpg\" title=\"CAPA\"><div class=\"w-gallery-item-img\"><img loading=\"lazy\" decoding=\"async\" width=\"150\" height=\"150\" src=\"https:\/\/www.acsc.com.br\/santacatarina\/wp-content\/uploads\/sites\/2\/2026\/04\/CAPA-1-150x150.jpg\" class=\"attachment-thumbnail size-thumbnail\" alt=\"\" \/><\/div><\/a><a class=\"w-gallery-item order_5\" href=\"https:\/\/www.acsc.com.br\/santacatarina\/wp-content\/uploads\/sites\/2\/2026\/04\/IMG_2949.jpg\" title=\"IMG_2949\"><div class=\"w-gallery-item-img\"><img loading=\"lazy\" decoding=\"async\" width=\"150\" height=\"150\" src=\"https:\/\/www.acsc.com.br\/santacatarina\/wp-content\/uploads\/sites\/2\/2026\/04\/IMG_2949-150x150.jpg\" class=\"attachment-thumbnail size-thumbnail\" alt=\"\" \/><\/div><\/a><\/div><\/div>\n","protected":false},"excerpt":{"rendered":"<p>Na noite do dia 1\u00ba de abril, o Col\u00e9gio Santa Catarina realizou uma emocionante encena\u00e7\u00e3o da Via-Sacra, reunindo alunos da institui\u00e7\u00e3o, membros da Par\u00f3quia Nossa Senhora da Piedade, de Hamburgo Velho, e as Irm\u00e3s da Congrega\u00e7\u00e3o das Irm\u00e3s de Santa Catarina. O evento mobilizou a comunidade e atraiu fi\u00e9is de diferentes pontos de Novo Hamburgo&#8230;.<\/p>\n","protected":false},"author":1,"featured_media":1598,"comment_status":"closed","ping_status":"closed","sticky":false,"template":"","format":"standard","meta":{"_acf_changed":false,"footnotes":""},"categories":[1],"tags":[],"class_list":["post-1594","post","type-post","status-publish","format-standard","has-post-thumbnail","hentry","category-noticias"],"acf":[],"_links":{"self":[{"href":"https:\/\/www.acsc.com.br\/santacatarina\/wp-json\/wp\/v2\/posts\/1594","targetHints":{"allow":["GET"]}}],"collection":[{"href":"https:\/\/www.acsc.com.br\/santacatarina\/wp-json\/wp\/v2\/posts"}],"about":[{"href":"https:\/\/www.acsc.com.br\/santacatarina\/wp-json\/wp\/v2\/types\/post"}],"author":[{"embeddable":true,"href":"https:\/\/www.acsc.com.br\/santacatarina\/wp-json\/wp\/v2\/users\/1"}],"replies":[{"embeddable":true,"href":"https:\/\/www.acsc.com.br\/santacatarina\/wp-json\/wp\/v2\/comments?post=1594"}],"version-history":[{"count":1,"href":"https:\/\/www.acsc.com.br\/santacatarina\/wp-json\/wp\/v2\/posts\/1594\/revisions"}],"predecessor-version":[{"id":1600,"href":"https:\/\/www.acsc.com.br\/santacatarina\/wp-json\/wp\/v2\/posts\/1594\/revisions\/1600"}],"wp:featuredmedia":[{"embeddable":true,"href":"https:\/\/www.acsc.com.br\/santacatarina\/wp-json\/wp\/v2\/media\/1598"}],"wp:attachment":[{"href":"https:\/\/www.acsc.com.br\/santacatarina\/wp-json\/wp\/v2\/media?parent=1594"}],"wp:term":[{"taxonomy":"category","embeddable":true,"href":"https:\/\/www.acsc.com.br\/santacatarina\/wp-json\/wp\/v2\/categories?post=1594"},{"taxonomy":"post_tag","embeddable":true,"href":"https:\/\/www.acsc.com.br\/santacatarina\/wp-json\/wp\/v2\/tags?post=1594"}],"curies":[{"name":"wp","href":"https:\/\/api.w.org\/{rel}","templated":true}]}}