{"id":1586,"date":"2026-04-22T12:41:35","date_gmt":"2026-04-22T15:41:35","guid":{"rendered":"https:\/\/www.acsc.com.br\/santacatarina\/?p=1586"},"modified":"2026-04-22T12:41:35","modified_gmt":"2026-04-22T15:41:35","slug":"missa-de-ramos","status":"publish","type":"post","link":"https:\/\/www.acsc.com.br\/santacatarina\/2026\/04\/22\/missa-de-ramos\/","title":{"rendered":"Missa de Ramos"},"content":{"rendered":"<p><span style=\"font-weight: 400;\">No dia 28 de mar\u00e7o, o Col\u00e9gio Santa Catarina realizou a tradicional Missa de Ramos, reunindo a comunidade escolar, as Irm\u00e3s da Congrega\u00e7\u00e3o de Santa Catarina e o padre P\u00e9ricles, da Par\u00f3quia Nossa Senhora da Piedade, de Hamburgo Velho. O momento marcou o in\u00edcio das celebra\u00e7\u00f5es da Semana Santa, envolvendo f\u00e9, uni\u00e3o e espiritualidade.<\/span><\/p>\n<p><span style=\"font-weight: 400;\">A celebra\u00e7\u00e3o teve in\u00edcio no p\u00e1tio do Col\u00e9gio, onde os fi\u00e9is receberam ramos oferecidos pela institui\u00e7\u00e3o. Em um gesto simb\u00f3lico e cheio de significado, alunos, fam\u00edlias e colaboradores seguiram em prociss\u00e3o pela rampa lateral do pr\u00e9dio principal, entoando cantos e ora\u00e7\u00f5es at\u00e9 a Capela.<\/span><\/p>\n<p><span style=\"font-weight: 400;\">J\u00e1 no interior da Capela, a missa teve continuidade com a celebra\u00e7\u00e3o de Ramos, conduzida pelo padre P\u00e9ricles, proporcionando um momento de reflex\u00e3o sobre a entrada de Jesus em Jerusal\u00e9m e o verdadeiro sentido deste per\u00edodo lit\u00fargico.<\/span><\/p>\n<p><span style=\"font-weight: 400;\">Antes da celebra\u00e7\u00e3o religiosa, o col\u00e9gio tamb\u00e9m deu in\u00edcio \u00e0s atividades da Mostra Multidisciplinar. O primeiro encontro reuniu alunos e professores, que come\u00e7aram os preparativos para o evento cient\u00edfico, previsto para acontecer no m\u00eas de agosto, refor\u00e7ando o compromisso da institui\u00e7\u00e3o com a educa\u00e7\u00e3o e a constru\u00e7\u00e3o do conhecimento.<\/p>\n<p><\/span><\/p>\n<div class=\"w-gallery cols_3 link_file\"><div class=\"w-gallery-list\"><a class=\"w-gallery-item order_1\" href=\"https:\/\/www.acsc.com.br\/santacatarina\/wp-content\/uploads\/sites\/2\/2026\/04\/IMG_1842.jpg\" title=\"IMG_1842\"><div class=\"w-gallery-item-img\"><img loading=\"lazy\" decoding=\"async\" width=\"150\" height=\"150\" src=\"https:\/\/www.acsc.com.br\/santacatarina\/wp-content\/uploads\/sites\/2\/2026\/04\/IMG_1842-150x150.jpg\" class=\"attachment-thumbnail size-thumbnail\" alt=\"\" \/><\/div><\/a><a class=\"w-gallery-item order_2\" href=\"https:\/\/www.acsc.com.br\/santacatarina\/wp-content\/uploads\/sites\/2\/2026\/04\/IMG_1967.jpg\" title=\"IMG_1967\"><div class=\"w-gallery-item-img\"><img loading=\"lazy\" decoding=\"async\" width=\"150\" height=\"150\" src=\"https:\/\/www.acsc.com.br\/santacatarina\/wp-content\/uploads\/sites\/2\/2026\/04\/IMG_1967-150x150.jpg\" class=\"attachment-thumbnail size-thumbnail\" alt=\"\" \/><\/div><\/a><a class=\"w-gallery-item order_3\" href=\"https:\/\/www.acsc.com.br\/santacatarina\/wp-content\/uploads\/sites\/2\/2026\/04\/IMG_2056.jpg\" title=\"IMG_2056\"><div class=\"w-gallery-item-img\"><img loading=\"lazy\" decoding=\"async\" width=\"150\" height=\"150\" src=\"https:\/\/www.acsc.com.br\/santacatarina\/wp-content\/uploads\/sites\/2\/2026\/04\/IMG_2056-150x150.jpg\" class=\"attachment-thumbnail size-thumbnail\" alt=\"\" \/><\/div><\/a><a class=\"w-gallery-item order_4\" href=\"https:\/\/www.acsc.com.br\/santacatarina\/wp-content\/uploads\/sites\/2\/2026\/04\/IMG_1818.jpg\" title=\"IMG_1818\"><div class=\"w-gallery-item-img\"><img loading=\"lazy\" decoding=\"async\" width=\"150\" height=\"150\" src=\"https:\/\/www.acsc.com.br\/santacatarina\/wp-content\/uploads\/sites\/2\/2026\/04\/IMG_1818-150x150.jpg\" class=\"attachment-thumbnail size-thumbnail\" alt=\"\" \/><\/div><\/a><a class=\"w-gallery-item order_5\" href=\"https:\/\/www.acsc.com.br\/santacatarina\/wp-content\/uploads\/sites\/2\/2026\/04\/CAPA.jpg\" title=\"CAPA\"><div class=\"w-gallery-item-img\"><img loading=\"lazy\" decoding=\"async\" width=\"150\" height=\"150\" src=\"https:\/\/www.acsc.com.br\/santacatarina\/wp-content\/uploads\/sites\/2\/2026\/04\/CAPA-150x150.jpg\" class=\"attachment-thumbnail size-thumbnail\" alt=\"\" \/><\/div><\/a><a class=\"w-gallery-item order_6\" href=\"https:\/\/www.acsc.com.br\/santacatarina\/wp-content\/uploads\/sites\/2\/2026\/04\/IMG_1903.jpg\" title=\"IMG_1903\"><div class=\"w-gallery-item-img\"><img loading=\"lazy\" decoding=\"async\" width=\"150\" height=\"150\" src=\"https:\/\/www.acsc.com.br\/santacatarina\/wp-content\/uploads\/sites\/2\/2026\/04\/IMG_1903-150x150.jpg\" class=\"attachment-thumbnail size-thumbnail\" alt=\"\" \/><\/div><\/a><\/div><\/div>\n<p>&nbsp;<\/p>\n","protected":false},"excerpt":{"rendered":"<p>No dia 28 de mar\u00e7o, o Col\u00e9gio Santa Catarina realizou a tradicional Missa de Ramos, reunindo a comunidade escolar, as Irm\u00e3s da Congrega\u00e7\u00e3o de Santa Catarina e o padre P\u00e9ricles, da Par\u00f3quia Nossa Senhora da Piedade, de Hamburgo Velho. O momento marcou o in\u00edcio das celebra\u00e7\u00f5es da Semana Santa, envolvendo f\u00e9, uni\u00e3o e espiritualidade. A&#8230;<\/p>\n","protected":false},"author":1,"featured_media":1591,"comment_status":"closed","ping_status":"closed","sticky":false,"template":"","format":"standard","meta":{"_acf_changed":false,"footnotes":""},"categories":[1],"tags":[],"class_list":["post-1586","post","type-post","status-publish","format-standard","has-post-thumbnail","hentry","category-noticias"],"acf":[],"_links":{"self":[{"href":"https:\/\/www.acsc.com.br\/santacatarina\/wp-json\/wp\/v2\/posts\/1586","targetHints":{"allow":["GET"]}}],"collection":[{"href":"https:\/\/www.acsc.com.br\/santacatarina\/wp-json\/wp\/v2\/posts"}],"about":[{"href":"https:\/\/www.acsc.com.br\/santacatarina\/wp-json\/wp\/v2\/types\/post"}],"author":[{"embeddable":true,"href":"https:\/\/www.acsc.com.br\/santacatarina\/wp-json\/wp\/v2\/users\/1"}],"replies":[{"embeddable":true,"href":"https:\/\/www.acsc.com.br\/santacatarina\/wp-json\/wp\/v2\/comments?post=1586"}],"version-history":[{"count":1,"href":"https:\/\/www.acsc.com.br\/santacatarina\/wp-json\/wp\/v2\/posts\/1586\/revisions"}],"predecessor-version":[{"id":1593,"href":"https:\/\/www.acsc.com.br\/santacatarina\/wp-json\/wp\/v2\/posts\/1586\/revisions\/1593"}],"wp:featuredmedia":[{"embeddable":true,"href":"https:\/\/www.acsc.com.br\/santacatarina\/wp-json\/wp\/v2\/media\/1591"}],"wp:attachment":[{"href":"https:\/\/www.acsc.com.br\/santacatarina\/wp-json\/wp\/v2\/media?parent=1586"}],"wp:term":[{"taxonomy":"category","embeddable":true,"href":"https:\/\/www.acsc.com.br\/santacatarina\/wp-json\/wp\/v2\/categories?post=1586"},{"taxonomy":"post_tag","embeddable":true,"href":"https:\/\/www.acsc.com.br\/santacatarina\/wp-json\/wp\/v2\/tags?post=1586"}],"curies":[{"name":"wp","href":"https:\/\/api.w.org\/{rel}","templated":true}]}}