{"id":1477,"date":"2025-11-12T15:48:15","date_gmt":"2025-11-12T18:48:15","guid":{"rendered":"https:\/\/www.acsc.com.br\/santacatarina\/?p=1477"},"modified":"2025-11-12T15:48:15","modified_gmt":"2025-11-12T18:48:15","slug":"festa-da-familia-125-anos-educando-para-a-vida","status":"publish","type":"post","link":"https:\/\/www.acsc.com.br\/santacatarina\/2025\/11\/12\/festa-da-familia-125-anos-educando-para-a-vida\/","title":{"rendered":"Festa da Fam\u00edlia \u2013 125 Anos Educando para a Vida"},"content":{"rendered":"<p>No dia 18 de outubro, o Col\u00e9gio Santa Catarina vivenciou momentos muito especiais, marcados por emo\u00e7\u00e3o, alegria e conviv\u00eancia durante a tradicional Festa da Fam\u00edlia. O evento come\u00e7ou com uma missa na capela, presidida pelo padre jesu\u00edta Paulo Domingo Pilizir, e contou com a participa\u00e7\u00e3o do Coral Nossa Senhora da Piedade, de Hamburgo Velho. Durante a celebra\u00e7\u00e3o, alunos tocaram flauta e cantaram uma can\u00e7\u00e3o que comoveu todos os presentes.<\/p>\n<p>Ap\u00f3s a missa, as fam\u00edlias seguiram para as depend\u00eancias do col\u00e9gio, recebidas com m\u00fasica e anima\u00e7\u00e3o. Ao longo do dia, as turmas da Educa\u00e7\u00e3o Infantil ao 4\u00ba ano realizaram lindas apresenta\u00e7\u00f5es, emocionando pais e respons\u00e1veis com criatividade e sensibilidade. Os alunos dos 3\u00bas, 4\u00bas e 7\u00bas anos tamb\u00e9m tiveram seu momento especial, autografando os livros que produziram durante o ano \u2014 obras que expressam aprendizado, dedica\u00e7\u00e3o e imagina\u00e7\u00e3o.<\/p>\n<p>A programa\u00e7\u00e3o contou ainda com diversas op\u00e7\u00f5es gastron\u00f4micas que fizeram sucesso entre os participantes. Food trucks parceiros, a tradicional cantina da Tia Lala, as pipocas do Santa e os bolos do Terceir\u00e3o deram um sabor ainda mais especial ao evento.<\/p>\n<p>A festa teve tamb\u00e9m a presen\u00e7a da Cooperativa Mundo Mais Limpo, parceira do Selo de Responsabilidade Social; da Erva-Mate Val\u00e9rio, que garantiu o chimarr\u00e3o; da Santatec, com servi\u00e7os voltados \u00e0 sa\u00fade e bem-estar; e do Brech\u00f3 do Terceir\u00e3o, que movimentou a comunidade.<\/p>\n<p>A banda do Col\u00e9gio Santa Catarina, formada por professores e alunos, foi um verdadeiro sucesso, animando o p\u00fablico com talento e energia. Outras apresenta\u00e7\u00f5es tamb\u00e9m encantaram, revelando os muitos talentos dos estudantes.<\/p>\n<p>Enquanto isso, a divers\u00e3o rolava solta com o palha\u00e7o, os brinquedos infl\u00e1veis, o ca\u00e7a \u00e0s borboletas, o tradicional Fla-Flu e a novidade do dia: a mesa de futmesa, um presente da APAMA que garantiu muitas partidas e alegria.<\/p>\n<p>Mais do que um evento, a Festa da Fam\u00edlia foi um reencontro com o que temos de mais valioso: o amor, a uni\u00e3o e o sentido de ser comunidade \u2014 valores que seguem inspirando o Col\u00e9gio Santa Catarina em sua miss\u00e3o educativa.<\/p>\n<div class=\"w-gallery cols_3 link_file\"><div class=\"w-gallery-list\"><a class=\"w-gallery-item order_1\" href=\"https:\/\/www.acsc.com.br\/santacatarina\/wp-content\/uploads\/sites\/2\/2025\/11\/Capa-Fetsa-da-Familia.png\" title=\"Capa Fetsa da Fami\u0301lia\"><div class=\"w-gallery-item-img\"><img loading=\"lazy\" decoding=\"async\" width=\"150\" height=\"150\" src=\"https:\/\/www.acsc.com.br\/santacatarina\/wp-content\/uploads\/sites\/2\/2025\/11\/Capa-Fetsa-da-Familia-150x150.png\" class=\"attachment-thumbnail size-thumbnail\" alt=\"\" \/><\/div><\/a><a class=\"w-gallery-item order_2\" href=\"https:\/\/www.acsc.com.br\/santacatarina\/wp-content\/uploads\/sites\/2\/2025\/11\/Copia-de-IMG_1517.jpg\" title=\"Co\u0301pia de IMG_1517\"><div class=\"w-gallery-item-img\"><img loading=\"lazy\" decoding=\"async\" width=\"150\" height=\"150\" src=\"https:\/\/www.acsc.com.br\/santacatarina\/wp-content\/uploads\/sites\/2\/2025\/11\/Copia-de-IMG_1517-150x150.jpg\" class=\"attachment-thumbnail size-thumbnail\" alt=\"\" \/><\/div><\/a><a class=\"w-gallery-item order_3\" href=\"https:\/\/www.acsc.com.br\/santacatarina\/wp-content\/uploads\/sites\/2\/2025\/11\/Copia-de-IMG_1595.jpg\" title=\"Co\u0301pia de IMG_1595\"><div class=\"w-gallery-item-img\"><img loading=\"lazy\" decoding=\"async\" width=\"150\" height=\"150\" src=\"https:\/\/www.acsc.com.br\/santacatarina\/wp-content\/uploads\/sites\/2\/2025\/11\/Copia-de-IMG_1595-150x150.jpg\" class=\"attachment-thumbnail size-thumbnail\" alt=\"\" \/><\/div><\/a><a class=\"w-gallery-item order_4\" href=\"https:\/\/www.acsc.com.br\/santacatarina\/wp-content\/uploads\/sites\/2\/2025\/11\/Copia-de-IMG_1673.jpg\" title=\"Co\u0301pia de IMG_1673\"><div class=\"w-gallery-item-img\"><img loading=\"lazy\" decoding=\"async\" width=\"150\" height=\"150\" src=\"https:\/\/www.acsc.com.br\/santacatarina\/wp-content\/uploads\/sites\/2\/2025\/11\/Copia-de-IMG_1673-150x150.jpg\" class=\"attachment-thumbnail size-thumbnail\" alt=\"\" \/><\/div><\/a><a class=\"w-gallery-item order_5\" href=\"https:\/\/www.acsc.com.br\/santacatarina\/wp-content\/uploads\/sites\/2\/2025\/11\/Copia-de-IMG_1765.jpg\" title=\"Co\u0301pia de IMG_1765\"><div class=\"w-gallery-item-img\"><img loading=\"lazy\" decoding=\"async\" width=\"150\" height=\"150\" src=\"https:\/\/www.acsc.com.br\/santacatarina\/wp-content\/uploads\/sites\/2\/2025\/11\/Copia-de-IMG_1765-150x150.jpg\" class=\"attachment-thumbnail size-thumbnail\" alt=\"\" \/><\/div><\/a><a class=\"w-gallery-item order_6\" href=\"https:\/\/www.acsc.com.br\/santacatarina\/wp-content\/uploads\/sites\/2\/2025\/11\/Copia-de-IMG_1797.jpg\" title=\"Co\u0301pia de IMG_1797\"><div class=\"w-gallery-item-img\"><img loading=\"lazy\" decoding=\"async\" width=\"150\" height=\"150\" src=\"https:\/\/www.acsc.com.br\/santacatarina\/wp-content\/uploads\/sites\/2\/2025\/11\/Copia-de-IMG_1797-150x150.jpg\" class=\"attachment-thumbnail size-thumbnail\" alt=\"\" \/><\/div><\/a><a class=\"w-gallery-item order_7\" href=\"https:\/\/www.acsc.com.br\/santacatarina\/wp-content\/uploads\/sites\/2\/2025\/11\/Copia-de-IMG_1914.jpg\" title=\"Co\u0301pia de IMG_1914\"><div class=\"w-gallery-item-img\"><img loading=\"lazy\" decoding=\"async\" width=\"150\" height=\"150\" src=\"https:\/\/www.acsc.com.br\/santacatarina\/wp-content\/uploads\/sites\/2\/2025\/11\/Copia-de-IMG_1914-150x150.jpg\" class=\"attachment-thumbnail size-thumbnail\" alt=\"\" \/><\/div><\/a><\/div><\/div>\n<p>&nbsp;<\/p>\n","protected":false},"excerpt":{"rendered":"<p>No dia 18 de outubro, o Col\u00e9gio Santa Catarina vivenciou momentos muito especiais, marcados por emo\u00e7\u00e3o, alegria e conviv\u00eancia durante a tradicional Festa da Fam\u00edlia. O evento come\u00e7ou com uma missa na capela, presidida pelo padre jesu\u00edta Paulo Domingo Pilizir, e contou com a participa\u00e7\u00e3o do Coral Nossa Senhora da Piedade, de Hamburgo Velho. Durante&#8230;<\/p>\n","protected":false},"author":1,"featured_media":1485,"comment_status":"closed","ping_status":"closed","sticky":false,"template":"","format":"standard","meta":{"_acf_changed":false,"footnotes":""},"categories":[1],"tags":[],"class_list":["post-1477","post","type-post","status-publish","format-standard","has-post-thumbnail","hentry","category-noticias"],"acf":[],"_links":{"self":[{"href":"https:\/\/www.acsc.com.br\/santacatarina\/wp-json\/wp\/v2\/posts\/1477","targetHints":{"allow":["GET"]}}],"collection":[{"href":"https:\/\/www.acsc.com.br\/santacatarina\/wp-json\/wp\/v2\/posts"}],"about":[{"href":"https:\/\/www.acsc.com.br\/santacatarina\/wp-json\/wp\/v2\/types\/post"}],"author":[{"embeddable":true,"href":"https:\/\/www.acsc.com.br\/santacatarina\/wp-json\/wp\/v2\/users\/1"}],"replies":[{"embeddable":true,"href":"https:\/\/www.acsc.com.br\/santacatarina\/wp-json\/wp\/v2\/comments?post=1477"}],"version-history":[{"count":1,"href":"https:\/\/www.acsc.com.br\/santacatarina\/wp-json\/wp\/v2\/posts\/1477\/revisions"}],"predecessor-version":[{"id":1486,"href":"https:\/\/www.acsc.com.br\/santacatarina\/wp-json\/wp\/v2\/posts\/1477\/revisions\/1486"}],"wp:featuredmedia":[{"embeddable":true,"href":"https:\/\/www.acsc.com.br\/santacatarina\/wp-json\/wp\/v2\/media\/1485"}],"wp:attachment":[{"href":"https:\/\/www.acsc.com.br\/santacatarina\/wp-json\/wp\/v2\/media?parent=1477"}],"wp:term":[{"taxonomy":"category","embeddable":true,"href":"https:\/\/www.acsc.com.br\/santacatarina\/wp-json\/wp\/v2\/categories?post=1477"},{"taxonomy":"post_tag","embeddable":true,"href":"https:\/\/www.acsc.com.br\/santacatarina\/wp-json\/wp\/v2\/tags?post=1477"}],"curies":[{"name":"wp","href":"https:\/\/api.w.org\/{rel}","templated":true}]}}