{"id":1421,"date":"2025-10-14T14:12:22","date_gmt":"2025-10-14T17:12:22","guid":{"rendered":"https:\/\/www.acsc.com.br\/santacatarina\/?p=1421"},"modified":"2025-10-14T14:12:22","modified_gmt":"2025-10-14T17:12:22","slug":"semana-do-estudante-e-semana-farroupilha","status":"publish","type":"post","link":"https:\/\/www.acsc.com.br\/santacatarina\/2025\/10\/14\/semana-do-estudante-e-semana-farroupilha\/","title":{"rendered":"semana do Estudante e Semana Farroupilha"},"content":{"rendered":"<p><span style=\"font-weight: 400;\">Entre os dias\u00a022 e 26 de setembro,\u00a0o Col\u00e9gio Santa Catarina celebrou a\u00a0Semana do Estudante, juntamente com a\u00a0Semana\u00a0Farroupilha. Foram dias marcados pela alegria, valoriza\u00e7\u00e3o da cultura ga\u00facha e integra\u00e7\u00e3o entre alunos e professores.<\/span><\/p>\n<p><span style=\"font-weight: 400;\">A programa\u00e7\u00e3o foi especial e diversificada. Os professores prepararam uma linda apresenta\u00e7\u00e3o em homenagem aos estudantes, e o corpo docente, os funcion\u00e1rios e os alunos se reuniram para entoar o Hino Rio-Grandense, reafirmando o orgulho por nossas tradi\u00e7\u00f5es.<\/span><\/p>\n<p><span style=\"font-weight: 400;\">A cada dia, os intervalos trouxeram uma atra\u00e7\u00e3o: o palha\u00e7o Pa\u00e7oca, que arrancou sorrisos de todos; a divertida\u00a0cabine fotogr\u00e1fica; a\u00a0intera\u00e7\u00e3o entre professores e alunos em jogos e brincadeiras; al\u00e9m das del\u00edcias t\u00edpicas: churrasquinho e pipoca.<\/span><\/p>\n<p><span style=\"font-weight: 400;\">Completando a atmosfera festiva, muitos alunos vieram\u00a0pilchados\u00a0e compartilharam o tradicional\u00a0chimarr\u00e3o. J\u00e1 nas aulas de\u00a0Educa\u00e7\u00e3o F\u00edsica, as turmas vivenciaram a cultura ga\u00facha na pr\u00e1tica, aprendendo passos de dan\u00e7as tradicionais, como Pezinho\u00a0e Caranguejo.<\/span><\/p>\n<p><span style=\"font-weight: 400;\">A uni\u00e3o da\u00a0Semana do Estudante\u00a0com a\u00a0Semana\u00a0Farroupilha\u00a0proporcionou momentos inesquec\u00edveis, celebrando a juventude, a tradi\u00e7\u00e3o e os valores que fortalecem a identidade da\u00a0comunidade escolar.<\/span><\/p>\n<div class=\"w-gallery cols_3 link_file\"><div class=\"w-gallery-list\"><a class=\"w-gallery-item order_1\" href=\"https:\/\/www.acsc.com.br\/santacatarina\/wp-content\/uploads\/sites\/2\/2025\/10\/IMG_4886.jpg\" title=\"IMG_4886\"><div class=\"w-gallery-item-img\"><img loading=\"lazy\" decoding=\"async\" width=\"150\" height=\"150\" src=\"https:\/\/www.acsc.com.br\/santacatarina\/wp-content\/uploads\/sites\/2\/2025\/10\/IMG_4886-150x150.jpg\" class=\"attachment-thumbnail size-thumbnail\" alt=\"\" \/><\/div><\/a><a class=\"w-gallery-item order_2\" href=\"https:\/\/www.acsc.com.br\/santacatarina\/wp-content\/uploads\/sites\/2\/2025\/10\/IMG_5013.jpg\" title=\"IMG_5013\"><div class=\"w-gallery-item-img\"><img loading=\"lazy\" decoding=\"async\" width=\"150\" height=\"150\" src=\"https:\/\/www.acsc.com.br\/santacatarina\/wp-content\/uploads\/sites\/2\/2025\/10\/IMG_5013-150x150.jpg\" class=\"attachment-thumbnail size-thumbnail\" alt=\"\" \/><\/div><\/a><a class=\"w-gallery-item order_3\" href=\"https:\/\/www.acsc.com.br\/santacatarina\/wp-content\/uploads\/sites\/2\/2025\/10\/IMG_5375.jpg\" title=\"IMG_5375\"><div class=\"w-gallery-item-img\"><img loading=\"lazy\" decoding=\"async\" width=\"150\" height=\"150\" src=\"https:\/\/www.acsc.com.br\/santacatarina\/wp-content\/uploads\/sites\/2\/2025\/10\/IMG_5375-150x150.jpg\" class=\"attachment-thumbnail size-thumbnail\" alt=\"\" \/><\/div><\/a><a class=\"w-gallery-item order_4\" href=\"https:\/\/www.acsc.com.br\/santacatarina\/wp-content\/uploads\/sites\/2\/2025\/10\/IMG_3779.jpg\" title=\"IMG_3779\"><div class=\"w-gallery-item-img\"><img loading=\"lazy\" decoding=\"async\" width=\"150\" height=\"150\" src=\"https:\/\/www.acsc.com.br\/santacatarina\/wp-content\/uploads\/sites\/2\/2025\/10\/IMG_3779-150x150.jpg\" class=\"attachment-thumbnail size-thumbnail\" alt=\"\" \/><\/div><\/a><a class=\"w-gallery-item order_5\" href=\"https:\/\/www.acsc.com.br\/santacatarina\/wp-content\/uploads\/sites\/2\/2025\/10\/IMG_5217.jpg\" title=\"IMG_5217\"><div class=\"w-gallery-item-img\"><img loading=\"lazy\" decoding=\"async\" width=\"150\" height=\"150\" src=\"https:\/\/www.acsc.com.br\/santacatarina\/wp-content\/uploads\/sites\/2\/2025\/10\/IMG_5217-150x150.jpg\" class=\"attachment-thumbnail size-thumbnail\" alt=\"\" \/><\/div><\/a><a class=\"w-gallery-item order_6\" href=\"https:\/\/www.acsc.com.br\/santacatarina\/wp-content\/uploads\/sites\/2\/2025\/10\/IMG_5976.jpg\" title=\"IMG_5976\"><div class=\"w-gallery-item-img\"><img loading=\"lazy\" decoding=\"async\" width=\"150\" height=\"150\" src=\"https:\/\/www.acsc.com.br\/santacatarina\/wp-content\/uploads\/sites\/2\/2025\/10\/IMG_5976-150x150.jpg\" class=\"attachment-thumbnail size-thumbnail\" alt=\"\" \/><\/div><\/a><a class=\"w-gallery-item order_7\" href=\"https:\/\/www.acsc.com.br\/santacatarina\/wp-content\/uploads\/sites\/2\/2025\/10\/IMG_5759.jpg\" title=\"IMG_5759\"><div class=\"w-gallery-item-img\"><img loading=\"lazy\" decoding=\"async\" width=\"150\" height=\"150\" src=\"https:\/\/www.acsc.com.br\/santacatarina\/wp-content\/uploads\/sites\/2\/2025\/10\/IMG_5759-150x150.jpg\" class=\"attachment-thumbnail size-thumbnail\" alt=\"\" \/><\/div><\/a><a class=\"w-gallery-item order_8\" href=\"https:\/\/www.acsc.com.br\/santacatarina\/wp-content\/uploads\/sites\/2\/2025\/10\/IMG_5647.jpg\" title=\"IMG_5647\"><div class=\"w-gallery-item-img\"><img loading=\"lazy\" decoding=\"async\" width=\"150\" height=\"150\" src=\"https:\/\/www.acsc.com.br\/santacatarina\/wp-content\/uploads\/sites\/2\/2025\/10\/IMG_5647-150x150.jpg\" class=\"attachment-thumbnail size-thumbnail\" alt=\"\" \/><\/div><\/a><a class=\"w-gallery-item order_9\" href=\"https:\/\/www.acsc.com.br\/santacatarina\/wp-content\/uploads\/sites\/2\/2025\/10\/IMG_5337.jpg\" title=\"IMG_5337\"><div class=\"w-gallery-item-img\"><img loading=\"lazy\" decoding=\"async\" width=\"150\" height=\"150\" src=\"https:\/\/www.acsc.com.br\/santacatarina\/wp-content\/uploads\/sites\/2\/2025\/10\/IMG_5337-150x150.jpg\" class=\"attachment-thumbnail size-thumbnail\" alt=\"\" \/><\/div><\/a><a class=\"w-gallery-item order_10\" href=\"https:\/\/www.acsc.com.br\/santacatarina\/wp-content\/uploads\/sites\/2\/2025\/10\/IMG_5983.jpg\" title=\"IMG_5983\"><div class=\"w-gallery-item-img\"><img loading=\"lazy\" decoding=\"async\" width=\"150\" height=\"150\" src=\"https:\/\/www.acsc.com.br\/santacatarina\/wp-content\/uploads\/sites\/2\/2025\/10\/IMG_5983-150x150.jpg\" class=\"attachment-thumbnail size-thumbnail\" alt=\"\" \/><\/div><\/a><a class=\"w-gallery-item order_11\" href=\"https:\/\/www.acsc.com.br\/santacatarina\/wp-content\/uploads\/sites\/2\/2025\/10\/IMG_5493.jpg\" title=\"IMG_5493\"><div class=\"w-gallery-item-img\"><img loading=\"lazy\" decoding=\"async\" width=\"150\" height=\"150\" src=\"https:\/\/www.acsc.com.br\/santacatarina\/wp-content\/uploads\/sites\/2\/2025\/10\/IMG_5493-150x150.jpg\" class=\"attachment-thumbnail size-thumbnail\" alt=\"\" \/><\/div><\/a><\/div><\/div>\n","protected":false},"excerpt":{"rendered":"<p>Entre os dias\u00a022 e 26 de setembro,\u00a0o Col\u00e9gio Santa Catarina celebrou a\u00a0Semana do Estudante, juntamente com a\u00a0Semana\u00a0Farroupilha. Foram dias marcados pela alegria, valoriza\u00e7\u00e3o da cultura ga\u00facha e integra\u00e7\u00e3o entre alunos e professores. A programa\u00e7\u00e3o foi especial e diversificada. Os professores prepararam uma linda apresenta\u00e7\u00e3o em homenagem aos estudantes, e o corpo docente, os funcion\u00e1rios e&#8230;<\/p>\n","protected":false},"author":1,"featured_media":1430,"comment_status":"closed","ping_status":"closed","sticky":false,"template":"","format":"standard","meta":{"_acf_changed":false,"footnotes":""},"categories":[1],"tags":[],"class_list":["post-1421","post","type-post","status-publish","format-standard","has-post-thumbnail","hentry","category-noticias"],"acf":[],"_links":{"self":[{"href":"https:\/\/www.acsc.com.br\/santacatarina\/wp-json\/wp\/v2\/posts\/1421","targetHints":{"allow":["GET"]}}],"collection":[{"href":"https:\/\/www.acsc.com.br\/santacatarina\/wp-json\/wp\/v2\/posts"}],"about":[{"href":"https:\/\/www.acsc.com.br\/santacatarina\/wp-json\/wp\/v2\/types\/post"}],"author":[{"embeddable":true,"href":"https:\/\/www.acsc.com.br\/santacatarina\/wp-json\/wp\/v2\/users\/1"}],"replies":[{"embeddable":true,"href":"https:\/\/www.acsc.com.br\/santacatarina\/wp-json\/wp\/v2\/comments?post=1421"}],"version-history":[{"count":1,"href":"https:\/\/www.acsc.com.br\/santacatarina\/wp-json\/wp\/v2\/posts\/1421\/revisions"}],"predecessor-version":[{"id":1433,"href":"https:\/\/www.acsc.com.br\/santacatarina\/wp-json\/wp\/v2\/posts\/1421\/revisions\/1433"}],"wp:featuredmedia":[{"embeddable":true,"href":"https:\/\/www.acsc.com.br\/santacatarina\/wp-json\/wp\/v2\/media\/1430"}],"wp:attachment":[{"href":"https:\/\/www.acsc.com.br\/santacatarina\/wp-json\/wp\/v2\/media?parent=1421"}],"wp:term":[{"taxonomy":"category","embeddable":true,"href":"https:\/\/www.acsc.com.br\/santacatarina\/wp-json\/wp\/v2\/categories?post=1421"},{"taxonomy":"post_tag","embeddable":true,"href":"https:\/\/www.acsc.com.br\/santacatarina\/wp-json\/wp\/v2\/tags?post=1421"}],"curies":[{"name":"wp","href":"https:\/\/api.w.org\/{rel}","templated":true}]}}