{"id":1400,"date":"2025-09-29T16:45:03","date_gmt":"2025-09-29T19:45:03","guid":{"rendered":"https:\/\/www.acsc.com.br\/santacatarina\/?p=1400"},"modified":"2025-09-29T16:45:03","modified_gmt":"2025-09-29T19:45:03","slug":"xiii-mostra-multidisciplinar","status":"publish","type":"post","link":"https:\/\/www.acsc.com.br\/santacatarina\/2025\/09\/29\/xiii-mostra-multidisciplinar\/","title":{"rendered":"XIII Mostra Multidisciplinar"},"content":{"rendered":"<p>Nos dias 5 e 6 de setembro, o Col\u00e9gio Santa Catarina promoveu a XIII Mostra Multidisciplinar, um dos eventos mais aguardados do calend\u00e1rio escolar. A feira reuniu trabalhos produzidos pelos estudantes ao longo de meses de pesquisa, iniciados j\u00e1 em mar\u00e7o deste ano, e apresentou ao p\u00fablico projetos que refletem conhecimento, criatividade e compromisso com a constru\u00e7\u00e3o de um mundo<br \/>\nmelhor.<\/p>\n<p>A Mostra \u00e9 considerada o \u00e1pice do processo de pesquisa desenvolvido na escola, j\u00e1 que todos os trabalhos seguem os passos da metodologia cient\u00edfica. No Col\u00e9gio Santa Catarina, a disciplina de Inicia\u00e7\u00e3o Cient\u00edfica est\u00e1 presente desde a Educa\u00e7\u00e3o Infantil ao Ensino Fundamental, oferecendo aos alunos uma forma\u00e7\u00e3o s\u00f3lida para investigar, identificar problemas e propor solu\u00e7\u00f5es ao longo de sua trajet\u00f3ria acad\u00eamica.<\/p>\n<p>Essa pr\u00e1tica se soma \u00e0s aulas de Mundo Computacional, oferecidas em parceria com o projeto Mind Makers, que envolve rob\u00f3tica, programa\u00e7\u00e3o e cultura maker. A combina\u00e7\u00e3o entre ci\u00eancia e tecnologia garante aos estudantes uma prepara\u00e7\u00e3o integral para atuar de forma cr\u00edtica e inovadora em uma sociedade em constante transforma\u00e7\u00e3o.<\/p>\n<p>Durante os dois dias de evento, os trabalhos do Ensino Fundamental II e do Ensino M\u00e9dio foram apresentados na sexta-feira, em dois turnos. J\u00e1 no s\u00e1bado, al\u00e9m da continuidade das apresenta\u00e7\u00f5es, a Educa\u00e7\u00e3o Infantil e o ensino Fundamental II tamb\u00e9m compartilharam suas produ\u00e7\u00f5es em espa\u00e7os especialmente organizados para acolher familiares e visitantes.<\/p>\n<p>Nossa Institui\u00e7\u00e3o preocupa-se com o desenvolvimento pleno de cada pessoa em sua ess\u00eancia, buscando, para tanto, fortalec\u00ea-la e capacit\u00e1-la como sujeito-protagonista da constru\u00e7\u00e3o de seu conhecimento atrav\u00e9s do est\u00edmulo \u00e0 pesquisa e ao incentivo \u00e0 inicia\u00e7\u00e3o cient\u00edfica. Sendo assim, a Mostra Multidisciplinar, nos seus mais diversos aspectos, atende aos princ\u00edpios e valores que norteiam nossa institui\u00e7\u00e3o, ao mesmo tempo em que desperta a sede pelo aprender, abrindo horizontes para que nosso aluno se coloque numa<br \/>\nconstante din\u00e2mica de busca do seu desenvolvimento integral.<\/p>\n<div class=\"w-gallery cols_3 link_file\"><div class=\"w-gallery-list\"><a class=\"w-gallery-item order_1\" href=\"https:\/\/www.acsc.com.br\/santacatarina\/wp-content\/uploads\/sites\/2\/2025\/09\/IMG_2805.jpg\" title=\"IMG_2805\"><div class=\"w-gallery-item-img\"><img loading=\"lazy\" decoding=\"async\" width=\"150\" height=\"150\" src=\"https:\/\/www.acsc.com.br\/santacatarina\/wp-content\/uploads\/sites\/2\/2025\/09\/IMG_2805-150x150.jpg\" class=\"attachment-thumbnail size-thumbnail\" alt=\"\" \/><\/div><\/a><a class=\"w-gallery-item order_2\" href=\"https:\/\/www.acsc.com.br\/santacatarina\/wp-content\/uploads\/sites\/2\/2025\/09\/IMG_2677.jpg\" title=\"IMG_2677\"><div class=\"w-gallery-item-img\"><img loading=\"lazy\" decoding=\"async\" width=\"150\" height=\"150\" src=\"https:\/\/www.acsc.com.br\/santacatarina\/wp-content\/uploads\/sites\/2\/2025\/09\/IMG_2677-150x150.jpg\" class=\"attachment-thumbnail size-thumbnail\" alt=\"\" \/><\/div><\/a><a class=\"w-gallery-item order_3\" href=\"https:\/\/www.acsc.com.br\/santacatarina\/wp-content\/uploads\/sites\/2\/2025\/09\/IMG_3436.jpg\" title=\"IMG_3436\"><div class=\"w-gallery-item-img\"><img loading=\"lazy\" decoding=\"async\" width=\"150\" height=\"150\" src=\"https:\/\/www.acsc.com.br\/santacatarina\/wp-content\/uploads\/sites\/2\/2025\/09\/IMG_3436-150x150.jpg\" class=\"attachment-thumbnail size-thumbnail\" alt=\"\" \/><\/div><\/a><a class=\"w-gallery-item order_4\" href=\"https:\/\/www.acsc.com.br\/santacatarina\/wp-content\/uploads\/sites\/2\/2025\/09\/IMG_3345.jpg\" title=\"IMG_3345\"><div class=\"w-gallery-item-img\"><img loading=\"lazy\" decoding=\"async\" width=\"150\" height=\"150\" src=\"https:\/\/www.acsc.com.br\/santacatarina\/wp-content\/uploads\/sites\/2\/2025\/09\/IMG_3345-150x150.jpg\" class=\"attachment-thumbnail size-thumbnail\" alt=\"\" \/><\/div><\/a><a class=\"w-gallery-item order_5\" href=\"https:\/\/www.acsc.com.br\/santacatarina\/wp-content\/uploads\/sites\/2\/2025\/09\/IMG_2918.jpg\" title=\"IMG_2918\"><div class=\"w-gallery-item-img\"><img loading=\"lazy\" decoding=\"async\" width=\"150\" height=\"150\" src=\"https:\/\/www.acsc.com.br\/santacatarina\/wp-content\/uploads\/sites\/2\/2025\/09\/IMG_2918-150x150.jpg\" class=\"attachment-thumbnail size-thumbnail\" alt=\"\" \/><\/div><\/a><a class=\"w-gallery-item order_6\" href=\"https:\/\/www.acsc.com.br\/santacatarina\/wp-content\/uploads\/sites\/2\/2025\/09\/IMG_3210.jpg\" title=\"IMG_3210\"><div class=\"w-gallery-item-img\"><img loading=\"lazy\" decoding=\"async\" width=\"150\" height=\"150\" src=\"https:\/\/www.acsc.com.br\/santacatarina\/wp-content\/uploads\/sites\/2\/2025\/09\/IMG_3210-150x150.jpg\" class=\"attachment-thumbnail size-thumbnail\" alt=\"\" \/><\/div><\/a><a class=\"w-gallery-item order_7\" href=\"https:\/\/www.acsc.com.br\/santacatarina\/wp-content\/uploads\/sites\/2\/2025\/09\/IMG_2730.jpg\" title=\"IMG_2730\"><div class=\"w-gallery-item-img\"><img loading=\"lazy\" decoding=\"async\" width=\"150\" height=\"150\" src=\"https:\/\/www.acsc.com.br\/santacatarina\/wp-content\/uploads\/sites\/2\/2025\/09\/IMG_2730-150x150.jpg\" class=\"attachment-thumbnail size-thumbnail\" alt=\"\" \/><\/div><\/a><a class=\"w-gallery-item order_8\" href=\"https:\/\/www.acsc.com.br\/santacatarina\/wp-content\/uploads\/sites\/2\/2025\/09\/IMG_3296.jpg\" title=\"IMG_3296\"><div class=\"w-gallery-item-img\"><img loading=\"lazy\" decoding=\"async\" width=\"150\" height=\"150\" src=\"https:\/\/www.acsc.com.br\/santacatarina\/wp-content\/uploads\/sites\/2\/2025\/09\/IMG_3296-150x150.jpg\" class=\"attachment-thumbnail size-thumbnail\" alt=\"\" \/><\/div><\/a><a class=\"w-gallery-item order_9\" href=\"https:\/\/www.acsc.com.br\/santacatarina\/wp-content\/uploads\/sites\/2\/2025\/09\/IMG_3461.jpg\" title=\"IMG_3461\"><div class=\"w-gallery-item-img\"><img loading=\"lazy\" decoding=\"async\" width=\"150\" height=\"150\" src=\"https:\/\/www.acsc.com.br\/santacatarina\/wp-content\/uploads\/sites\/2\/2025\/09\/IMG_3461-150x150.jpg\" class=\"attachment-thumbnail size-thumbnail\" alt=\"\" \/><\/div><\/a><a class=\"w-gallery-item order_10\" href=\"https:\/\/www.acsc.com.br\/santacatarina\/wp-content\/uploads\/sites\/2\/2025\/09\/IMG_3288.jpg\" title=\"IMG_3288\"><div class=\"w-gallery-item-img\"><img loading=\"lazy\" decoding=\"async\" width=\"150\" height=\"150\" src=\"https:\/\/www.acsc.com.br\/santacatarina\/wp-content\/uploads\/sites\/2\/2025\/09\/IMG_3288-150x150.jpg\" class=\"attachment-thumbnail size-thumbnail\" alt=\"\" \/><\/div><\/a><a class=\"w-gallery-item order_11\" href=\"https:\/\/www.acsc.com.br\/santacatarina\/wp-content\/uploads\/sites\/2\/2025\/09\/IMG_2669.jpg\" title=\"IMG_2669\"><div class=\"w-gallery-item-img\"><img loading=\"lazy\" decoding=\"async\" width=\"150\" height=\"150\" src=\"https:\/\/www.acsc.com.br\/santacatarina\/wp-content\/uploads\/sites\/2\/2025\/09\/IMG_2669-150x150.jpg\" class=\"attachment-thumbnail size-thumbnail\" alt=\"\" \/><\/div><\/a><\/div><\/div>\n","protected":false},"excerpt":{"rendered":"<p>Nos dias 5 e 6 de setembro, o Col\u00e9gio Santa Catarina promoveu a XIII Mostra Multidisciplinar, um dos eventos mais aguardados do calend\u00e1rio escolar. A feira reuniu trabalhos produzidos pelos estudantes ao longo de meses de pesquisa, iniciados j\u00e1 em mar\u00e7o deste ano, e apresentou ao p\u00fablico projetos que refletem conhecimento, criatividade e compromisso com&#8230;<\/p>\n","protected":false},"author":1,"featured_media":1407,"comment_status":"closed","ping_status":"closed","sticky":false,"template":"","format":"standard","meta":{"_acf_changed":false,"footnotes":""},"categories":[1],"tags":[],"class_list":["post-1400","post","type-post","status-publish","format-standard","has-post-thumbnail","hentry","category-noticias"],"acf":[],"_links":{"self":[{"href":"https:\/\/www.acsc.com.br\/santacatarina\/wp-json\/wp\/v2\/posts\/1400","targetHints":{"allow":["GET"]}}],"collection":[{"href":"https:\/\/www.acsc.com.br\/santacatarina\/wp-json\/wp\/v2\/posts"}],"about":[{"href":"https:\/\/www.acsc.com.br\/santacatarina\/wp-json\/wp\/v2\/types\/post"}],"author":[{"embeddable":true,"href":"https:\/\/www.acsc.com.br\/santacatarina\/wp-json\/wp\/v2\/users\/1"}],"replies":[{"embeddable":true,"href":"https:\/\/www.acsc.com.br\/santacatarina\/wp-json\/wp\/v2\/comments?post=1400"}],"version-history":[{"count":1,"href":"https:\/\/www.acsc.com.br\/santacatarina\/wp-json\/wp\/v2\/posts\/1400\/revisions"}],"predecessor-version":[{"id":1412,"href":"https:\/\/www.acsc.com.br\/santacatarina\/wp-json\/wp\/v2\/posts\/1400\/revisions\/1412"}],"wp:featuredmedia":[{"embeddable":true,"href":"https:\/\/www.acsc.com.br\/santacatarina\/wp-json\/wp\/v2\/media\/1407"}],"wp:attachment":[{"href":"https:\/\/www.acsc.com.br\/santacatarina\/wp-json\/wp\/v2\/media?parent=1400"}],"wp:term":[{"taxonomy":"category","embeddable":true,"href":"https:\/\/www.acsc.com.br\/santacatarina\/wp-json\/wp\/v2\/categories?post=1400"},{"taxonomy":"post_tag","embeddable":true,"href":"https:\/\/www.acsc.com.br\/santacatarina\/wp-json\/wp\/v2\/tags?post=1400"}],"curies":[{"name":"wp","href":"https:\/\/api.w.org\/{rel}","templated":true}]}}