{"id":1368,"date":"2025-09-17T12:40:39","date_gmt":"2025-09-17T15:40:39","guid":{"rendered":"https:\/\/www.acsc.com.br\/santacatarina\/?p=1368"},"modified":"2025-09-17T12:40:39","modified_gmt":"2025-09-17T15:40:39","slug":"homenagem-ao-dia-dos-pais","status":"publish","type":"post","link":"https:\/\/www.acsc.com.br\/santacatarina\/2025\/09\/17\/homenagem-ao-dia-dos-pais\/","title":{"rendered":"Homenagem ao\u00a0Dia dos Pais"},"content":{"rendered":"<p class=\"s3\"><span class=\"s2\">No\u00a0dia\u00a023 de agosto, s\u00e1bado, compartilhamos momentos de muita emo\u00e7\u00e3o e alegria com a homenagem ao\u00a0Dia dos Pais\u00a0na nossa escola. A manh\u00e3 foi marcada por m\u00fasica, brincadeiras e verdadeira conex\u00e3o entre\u00a0pais\u00a0e filhos.<\/span><\/p>\n<p class=\"s3\"><span class=\"s2\">A celebra\u00e7\u00e3o foi dividida em tr\u00eas etapas, para que todos pudessem aproveitar ainda mais cada momento. O encontro iniciou na Capela, onde os\u00a0pais\u00a0receberam aconselhamentos inspirados nos princ\u00edpios crist\u00e3os, participaram de uma ora\u00e7\u00e3o, onde os filhos puderam aben\u00e7oar os\u00a0pais, e se emocionaram com uma apresenta\u00e7\u00e3o musical. A can\u00e7\u00e3o interpretada pelos alunos arrancou sorrisos e l\u00e1grimas dos homenageados.\u00a0\u00a0<\/span><\/p>\n<p class=\"s3\"><span class=\"s2\">Em seguida, todos foram at\u00e9 o gin\u00e1sio da escola, onde\u00a0pais\u00a0e filhos se divertiram juntos em brincadeiras preparadas para fortalecer la\u00e7os e garantir muita descontra\u00e7\u00e3o.<\/span><\/p>\n<p class=\"s3\"><span class=\"s2\">Para encerrar esse momento de homenagens, no Sal\u00e3o Social, os alunos presentearam os\u00a0pais\u00a0com aventais de churrasco personalizados com desenhos e muito carinho. Al\u00e9m disso, entregaram cartas e lembran\u00e7as que traduzem todo o amor, a admira\u00e7\u00e3o e o respeito que sentem.<\/span><\/p>\n<p class=\"s3\"><span class=\"s2\">Foi uma manh\u00e3 inesquec\u00edvel, repleta de emo\u00e7\u00e3o e afeto, que ficar\u00e1 para sempre na mem\u00f3ria e no cora\u00e7\u00e3o de todos os presentes.<\/p>\n<p>Confira mais fotos em:<a href=\"https:\/\/flic.kr\/s\/aHBqjCs4qK\"> https:\/\/flic.kr\/s\/aHBqjCs4qK<\/a><\/span><\/p>\n<p>&nbsp;<\/p>\n<div class=\"w-gallery cols_3 link_file\"><div class=\"w-gallery-list\"><a class=\"w-gallery-item order_1\" href=\"https:\/\/www.acsc.com.br\/santacatarina\/wp-content\/uploads\/sites\/2\/2025\/09\/4E41653A-5B58-4949-AE64-BDD785605413.jpg\" title=\"4E41653A-5B58-4949-AE64-BDD785605413\"><div class=\"w-gallery-item-img\"><img loading=\"lazy\" decoding=\"async\" width=\"150\" height=\"150\" src=\"https:\/\/www.acsc.com.br\/santacatarina\/wp-content\/uploads\/sites\/2\/2025\/09\/4E41653A-5B58-4949-AE64-BDD785605413-150x150.jpg\" class=\"attachment-thumbnail size-thumbnail\" alt=\"\" \/><\/div><\/a><a class=\"w-gallery-item order_2\" href=\"https:\/\/www.acsc.com.br\/santacatarina\/wp-content\/uploads\/sites\/2\/2025\/09\/IMG_1302.jpg\" title=\"IMG_1302\"><div class=\"w-gallery-item-img\"><img loading=\"lazy\" decoding=\"async\" width=\"150\" height=\"150\" src=\"https:\/\/www.acsc.com.br\/santacatarina\/wp-content\/uploads\/sites\/2\/2025\/09\/IMG_1302-150x150.jpg\" class=\"attachment-thumbnail size-thumbnail\" alt=\"\" \/><\/div><\/a><a class=\"w-gallery-item order_3\" href=\"https:\/\/www.acsc.com.br\/santacatarina\/wp-content\/uploads\/sites\/2\/2025\/09\/IMG_1157.jpg\" title=\"IMG_1157\"><div class=\"w-gallery-item-img\"><img loading=\"lazy\" decoding=\"async\" width=\"150\" height=\"150\" src=\"https:\/\/www.acsc.com.br\/santacatarina\/wp-content\/uploads\/sites\/2\/2025\/09\/IMG_1157-150x150.jpg\" class=\"attachment-thumbnail size-thumbnail\" alt=\"\" \/><\/div><\/a><a class=\"w-gallery-item order_4\" href=\"https:\/\/www.acsc.com.br\/santacatarina\/wp-content\/uploads\/sites\/2\/2025\/09\/IMG_1218.jpg\" title=\"IMG_1218\"><div class=\"w-gallery-item-img\"><img loading=\"lazy\" decoding=\"async\" width=\"150\" height=\"150\" src=\"https:\/\/www.acsc.com.br\/santacatarina\/wp-content\/uploads\/sites\/2\/2025\/09\/IMG_1218-150x150.jpg\" class=\"attachment-thumbnail size-thumbnail\" alt=\"\" \/><\/div><\/a><a class=\"w-gallery-item order_5\" href=\"https:\/\/www.acsc.com.br\/santacatarina\/wp-content\/uploads\/sites\/2\/2025\/09\/IMG_1274.jpg\" title=\"IMG_1274\"><div class=\"w-gallery-item-img\"><img loading=\"lazy\" decoding=\"async\" width=\"150\" height=\"150\" src=\"https:\/\/www.acsc.com.br\/santacatarina\/wp-content\/uploads\/sites\/2\/2025\/09\/IMG_1274-150x150.jpg\" class=\"attachment-thumbnail size-thumbnail\" alt=\"\" \/><\/div><\/a><a class=\"w-gallery-item order_6\" href=\"https:\/\/www.acsc.com.br\/santacatarina\/wp-content\/uploads\/sites\/2\/2025\/09\/IMG_1238.jpg\" title=\"IMG_1238\"><div class=\"w-gallery-item-img\"><img loading=\"lazy\" decoding=\"async\" width=\"150\" height=\"150\" src=\"https:\/\/www.acsc.com.br\/santacatarina\/wp-content\/uploads\/sites\/2\/2025\/09\/IMG_1238-150x150.jpg\" class=\"attachment-thumbnail size-thumbnail\" alt=\"\" \/><\/div><\/a><a class=\"w-gallery-item order_7\" href=\"https:\/\/www.acsc.com.br\/santacatarina\/wp-content\/uploads\/sites\/2\/2025\/09\/IMG_1148.jpg\" title=\"IMG_1148\"><div class=\"w-gallery-item-img\"><img loading=\"lazy\" decoding=\"async\" width=\"150\" height=\"150\" src=\"https:\/\/www.acsc.com.br\/santacatarina\/wp-content\/uploads\/sites\/2\/2025\/09\/IMG_1148-150x150.jpg\" class=\"attachment-thumbnail size-thumbnail\" alt=\"\" \/><\/div><\/a><a class=\"w-gallery-item order_8\" href=\"https:\/\/www.acsc.com.br\/santacatarina\/wp-content\/uploads\/sites\/2\/2025\/09\/IMG_1049.jpg\" title=\"IMG_1049\"><div class=\"w-gallery-item-img\"><img loading=\"lazy\" decoding=\"async\" width=\"150\" height=\"150\" src=\"https:\/\/www.acsc.com.br\/santacatarina\/wp-content\/uploads\/sites\/2\/2025\/09\/IMG_1049-150x150.jpg\" class=\"attachment-thumbnail size-thumbnail\" alt=\"\" \/><\/div><\/a><\/div><\/div>\n","protected":false},"excerpt":{"rendered":"<p>No\u00a0dia\u00a023 de agosto, s\u00e1bado, compartilhamos momentos de muita emo\u00e7\u00e3o e alegria com a homenagem ao\u00a0Dia dos Pais\u00a0na nossa escola. A manh\u00e3 foi marcada por m\u00fasica, brincadeiras e verdadeira conex\u00e3o entre\u00a0pais\u00a0e filhos. A celebra\u00e7\u00e3o foi dividida em tr\u00eas etapas, para que todos pudessem aproveitar ainda mais cada momento. O encontro iniciou na Capela, onde os\u00a0pais\u00a0receberam aconselhamentos&#8230;<\/p>\n","protected":false},"author":1,"featured_media":1369,"comment_status":"closed","ping_status":"closed","sticky":false,"template":"","format":"standard","meta":{"_acf_changed":false,"footnotes":""},"categories":[1],"tags":[],"class_list":["post-1368","post","type-post","status-publish","format-standard","has-post-thumbnail","hentry","category-noticias"],"acf":[],"_links":{"self":[{"href":"https:\/\/www.acsc.com.br\/santacatarina\/wp-json\/wp\/v2\/posts\/1368","targetHints":{"allow":["GET"]}}],"collection":[{"href":"https:\/\/www.acsc.com.br\/santacatarina\/wp-json\/wp\/v2\/posts"}],"about":[{"href":"https:\/\/www.acsc.com.br\/santacatarina\/wp-json\/wp\/v2\/types\/post"}],"author":[{"embeddable":true,"href":"https:\/\/www.acsc.com.br\/santacatarina\/wp-json\/wp\/v2\/users\/1"}],"replies":[{"embeddable":true,"href":"https:\/\/www.acsc.com.br\/santacatarina\/wp-json\/wp\/v2\/comments?post=1368"}],"version-history":[{"count":1,"href":"https:\/\/www.acsc.com.br\/santacatarina\/wp-json\/wp\/v2\/posts\/1368\/revisions"}],"predecessor-version":[{"id":1378,"href":"https:\/\/www.acsc.com.br\/santacatarina\/wp-json\/wp\/v2\/posts\/1368\/revisions\/1378"}],"wp:featuredmedia":[{"embeddable":true,"href":"https:\/\/www.acsc.com.br\/santacatarina\/wp-json\/wp\/v2\/media\/1369"}],"wp:attachment":[{"href":"https:\/\/www.acsc.com.br\/santacatarina\/wp-json\/wp\/v2\/media?parent=1368"}],"wp:term":[{"taxonomy":"category","embeddable":true,"href":"https:\/\/www.acsc.com.br\/santacatarina\/wp-json\/wp\/v2\/categories?post=1368"},{"taxonomy":"post_tag","embeddable":true,"href":"https:\/\/www.acsc.com.br\/santacatarina\/wp-json\/wp\/v2\/tags?post=1368"}],"curies":[{"name":"wp","href":"https:\/\/api.w.org\/{rel}","templated":true}]}}