{"id":1339,"date":"2025-08-15T15:27:24","date_gmt":"2025-08-15T18:27:24","guid":{"rendered":"https:\/\/www.acsc.com.br\/santacatarina\/?p=1339"},"modified":"2025-08-15T15:27:24","modified_gmt":"2025-08-15T18:27:24","slug":"colegio-santa-catarina-e-homenageado-pela-camara-de-vereadores-pelos-seus-125-anos","status":"publish","type":"post","link":"https:\/\/www.acsc.com.br\/santacatarina\/2025\/08\/15\/colegio-santa-catarina-e-homenageado-pela-camara-de-vereadores-pelos-seus-125-anos\/","title":{"rendered":"Col\u00e9gio Santa Catarina \u00e9 homenageado pela C\u00e2mara de Vereadores pelos seus 125 anos"},"content":{"rendered":"<p>Na noite do dia 14 de agosto de 2025, o Col\u00e9gio Santa Catarina foi homenageado em uma sess\u00e3o solene realizada pela C\u00e2mara de Vereadores de Novo Hamburgo, em reconhecimento aos seus 125 anos de hist\u00f3ria. A iniciativa partiu do vereador Felipe Kuhn Braun e contou com a presen\u00e7a de autoridades, educadores, estudantes, familiares e membros da comunidade.<\/p>\n<p>Aberta ao p\u00fablico, a cerim\u00f4nia foi marcada por momentos de emo\u00e7\u00e3o e gratid\u00e3o. Um dos destaques da noite foi a apresenta\u00e7\u00e3o musical feita por alunos do Ensino Fundamental, que encantaram os presentes com talento e sensibilidade.<\/p>\n<p>O Col\u00e9gio Santa Catarina agradece \u00e0 C\u00e2mara de Vereadores e a todos os envolvidos pela homenagem, que reafirma o compromisso da institui\u00e7\u00e3o com a educa\u00e7\u00e3o de qualidade e com a forma\u00e7\u00e3o humana ao longo de sua trajet\u00f3ria.<\/p>\n<div class=\"w-gallery cols_3 link_file\"><div class=\"w-gallery-list\"><a class=\"w-gallery-item order_1\" href=\"https:\/\/www.acsc.com.br\/santacatarina\/wp-content\/uploads\/sites\/2\/2025\/08\/54722802593_3875641a97_o.jpg\" title=\"54722802593_3875641a97_o\"><div class=\"w-gallery-item-img\"><img loading=\"lazy\" decoding=\"async\" width=\"150\" height=\"150\" src=\"https:\/\/www.acsc.com.br\/santacatarina\/wp-content\/uploads\/sites\/2\/2025\/08\/54722802593_3875641a97_o-150x150.jpg\" class=\"attachment-thumbnail size-thumbnail\" alt=\"\" \/><\/div><\/a><a class=\"w-gallery-item order_2\" href=\"https:\/\/www.acsc.com.br\/santacatarina\/wp-content\/uploads\/sites\/2\/2025\/08\/54722665543_6830cc81ef_o.jpg\" title=\"54722665543_6830cc81ef_o\"><div class=\"w-gallery-item-img\"><img loading=\"lazy\" decoding=\"async\" width=\"150\" height=\"150\" src=\"https:\/\/www.acsc.com.br\/santacatarina\/wp-content\/uploads\/sites\/2\/2025\/08\/54722665543_6830cc81ef_o-150x150.jpg\" class=\"attachment-thumbnail size-thumbnail\" alt=\"\" \/><\/div><\/a><a class=\"w-gallery-item order_3\" href=\"https:\/\/www.acsc.com.br\/santacatarina\/wp-content\/uploads\/sites\/2\/2025\/08\/54722402401_032a888b39_o.jpg\" title=\"54722402401_032a888b39_o\"><div class=\"w-gallery-item-img\"><img loading=\"lazy\" decoding=\"async\" width=\"150\" height=\"150\" src=\"https:\/\/www.acsc.com.br\/santacatarina\/wp-content\/uploads\/sites\/2\/2025\/08\/54722402401_032a888b39_o-150x150.jpg\" class=\"attachment-thumbnail size-thumbnail\" alt=\"\" \/><\/div><\/a><a class=\"w-gallery-item order_4\" href=\"https:\/\/www.acsc.com.br\/santacatarina\/wp-content\/uploads\/sites\/2\/2025\/08\/54721627512_06f8595d4c_o.jpg\" title=\"54721627512_06f8595d4c_o\"><div class=\"w-gallery-item-img\"><img loading=\"lazy\" decoding=\"async\" width=\"150\" height=\"150\" src=\"https:\/\/www.acsc.com.br\/santacatarina\/wp-content\/uploads\/sites\/2\/2025\/08\/54721627512_06f8595d4c_o-150x150.jpg\" class=\"attachment-thumbnail size-thumbnail\" alt=\"\" \/><\/div><\/a><a class=\"w-gallery-item order_5\" href=\"https:\/\/www.acsc.com.br\/santacatarina\/wp-content\/uploads\/sites\/2\/2025\/08\/54721555244_3e9e489f6e_o.jpg\" title=\"54721555244_3e9e489f6e_o\"><div class=\"w-gallery-item-img\"><img loading=\"lazy\" decoding=\"async\" width=\"150\" height=\"150\" src=\"https:\/\/www.acsc.com.br\/santacatarina\/wp-content\/uploads\/sites\/2\/2025\/08\/54721555244_3e9e489f6e_o-150x150.jpg\" class=\"attachment-thumbnail size-thumbnail\" alt=\"\" \/><\/div><\/a><a class=\"w-gallery-item order_6\" href=\"https:\/\/www.acsc.com.br\/santacatarina\/wp-content\/uploads\/sites\/2\/2025\/08\/54721546857_1ac2256e55_o.jpg\" title=\"54721546857_1ac2256e55_o\"><div class=\"w-gallery-item-img\"><img loading=\"lazy\" decoding=\"async\" width=\"150\" height=\"150\" src=\"https:\/\/www.acsc.com.br\/santacatarina\/wp-content\/uploads\/sites\/2\/2025\/08\/54721546857_1ac2256e55_o-150x150.jpg\" class=\"attachment-thumbnail size-thumbnail\" alt=\"\" \/><\/div><\/a><a class=\"w-gallery-item order_7\" href=\"https:\/\/www.acsc.com.br\/santacatarina\/wp-content\/uploads\/sites\/2\/2025\/08\/54720527407_e1e7c8f854_o.jpg\" title=\"54720527407_e1e7c8f854_o\"><div class=\"w-gallery-item-img\"><img loading=\"lazy\" decoding=\"async\" width=\"150\" height=\"150\" src=\"https:\/\/www.acsc.com.br\/santacatarina\/wp-content\/uploads\/sites\/2\/2025\/08\/54720527407_e1e7c8f854_o-150x150.jpg\" class=\"attachment-thumbnail size-thumbnail\" alt=\"\" \/><\/div><\/a><a class=\"w-gallery-item order_8\" href=\"https:\/\/www.acsc.com.br\/santacatarina\/wp-content\/uploads\/sites\/2\/2025\/08\/54720501347_b633a3c93c_o.jpg\" title=\"54720501347_b633a3c93c_o\"><div class=\"w-gallery-item-img\"><img loading=\"lazy\" decoding=\"async\" width=\"150\" height=\"150\" src=\"https:\/\/www.acsc.com.br\/santacatarina\/wp-content\/uploads\/sites\/2\/2025\/08\/54720501347_b633a3c93c_o-150x150.jpg\" class=\"attachment-thumbnail size-thumbnail\" alt=\"\" \/><\/div><\/a><\/div><\/div>\n","protected":false},"excerpt":{"rendered":"<p>Na noite do dia 14 de agosto de 2025, o Col\u00e9gio Santa Catarina foi homenageado em uma sess\u00e3o solene realizada pela C\u00e2mara de Vereadores de Novo Hamburgo, em reconhecimento aos seus 125 anos de hist\u00f3ria. A iniciativa partiu do vereador Felipe Kuhn Braun e contou com a presen\u00e7a de autoridades, educadores, estudantes, familiares e membros&#8230;<\/p>\n","protected":false},"author":1,"featured_media":1347,"comment_status":"closed","ping_status":"closed","sticky":false,"template":"","format":"standard","meta":{"_acf_changed":false,"footnotes":""},"categories":[1],"tags":[],"class_list":["post-1339","post","type-post","status-publish","format-standard","has-post-thumbnail","hentry","category-noticias"],"acf":[],"_links":{"self":[{"href":"https:\/\/www.acsc.com.br\/santacatarina\/wp-json\/wp\/v2\/posts\/1339","targetHints":{"allow":["GET"]}}],"collection":[{"href":"https:\/\/www.acsc.com.br\/santacatarina\/wp-json\/wp\/v2\/posts"}],"about":[{"href":"https:\/\/www.acsc.com.br\/santacatarina\/wp-json\/wp\/v2\/types\/post"}],"author":[{"embeddable":true,"href":"https:\/\/www.acsc.com.br\/santacatarina\/wp-json\/wp\/v2\/users\/1"}],"replies":[{"embeddable":true,"href":"https:\/\/www.acsc.com.br\/santacatarina\/wp-json\/wp\/v2\/comments?post=1339"}],"version-history":[{"count":1,"href":"https:\/\/www.acsc.com.br\/santacatarina\/wp-json\/wp\/v2\/posts\/1339\/revisions"}],"predecessor-version":[{"id":1348,"href":"https:\/\/www.acsc.com.br\/santacatarina\/wp-json\/wp\/v2\/posts\/1339\/revisions\/1348"}],"wp:featuredmedia":[{"embeddable":true,"href":"https:\/\/www.acsc.com.br\/santacatarina\/wp-json\/wp\/v2\/media\/1347"}],"wp:attachment":[{"href":"https:\/\/www.acsc.com.br\/santacatarina\/wp-json\/wp\/v2\/media?parent=1339"}],"wp:term":[{"taxonomy":"category","embeddable":true,"href":"https:\/\/www.acsc.com.br\/santacatarina\/wp-json\/wp\/v2\/categories?post=1339"},{"taxonomy":"post_tag","embeddable":true,"href":"https:\/\/www.acsc.com.br\/santacatarina\/wp-json\/wp\/v2\/tags?post=1339"}],"curies":[{"name":"wp","href":"https:\/\/api.w.org\/{rel}","templated":true}]}}