{"id":1313,"date":"2025-07-15T13:24:14","date_gmt":"2025-07-15T16:24:14","guid":{"rendered":"https:\/\/www.acsc.com.br\/santacatarina\/?p=1313"},"modified":"2025-07-15T14:31:17","modified_gmt":"2025-07-15T17:31:17","slug":"celebracao-dos-125-anos","status":"publish","type":"post","link":"https:\/\/www.acsc.com.br\/santacatarina\/2025\/07\/15\/celebracao-dos-125-anos\/","title":{"rendered":"Celebra\u00e7\u00e3o dos 125 anos!"},"content":{"rendered":"<p><span style=\"font-weight: 400;\">No dia 10 de julho, nosso col\u00e9gio celebrou um marco hist\u00f3rico: 125 anos de dedica\u00e7\u00e3o \u00e0 educa\u00e7\u00e3o, \u00e0 forma\u00e7\u00e3o de valores e \u00e0 constru\u00e7\u00e3o de uma comunidade unida pela f\u00e9, pelo conhecimento e pela esperan\u00e7a.<\/span><\/p>\n<p><span style=\"font-weight: 400;\">Neste dia, a emo\u00e7\u00e3o tomou conta do cora\u00e7\u00e3o de todos que fazem parte da nossa hist\u00f3ria. Um dos momentos mais simb\u00f3licos da celebra\u00e7\u00e3o foi o abra\u00e7o coletivo realizado pelos alunos ao redor da escola. Gesto que representou, de forma concreta e afetuosa, o carinho e a uni\u00e3o que fortalecem a nossa caminhada.<\/span><\/p>\n<p><span style=\"font-weight: 400;\">Em clima de festa, nossos estudantes tamb\u00e9m foram presenteados com brownies, um doce gesto para marcar essa data com alegria e sabor, tornando o momento ainda mais especial.<\/span><\/p>\n<p><span style=\"font-weight: 400;\">S\u00e3o 125 anos formando gera\u00e7\u00f5es com excel\u00eancia, compromisso e valores que atravessam o tempo. Ao longo dessa jornada, cada aluno, ex-aluno, fam\u00edlia, educador e colaborador deixou sua marca, contribuindo para uma hist\u00f3ria que continua sendo escrita com amor e prop\u00f3sito.<\/span><\/p>\n<p><span style=\"font-weight: 400;\">O Col\u00e9gio Santa Catarina agradece a todos que fazem e fizeram parte dessa trajet\u00f3ria. Que esta celebra\u00e7\u00e3o renove em cada um de n\u00f3s o orgulho de pertencer a uma institui\u00e7\u00e3o que transforma vidas e sonha junto com a comunidade.<\/span><\/p>\n<p><span style=\"font-weight: 400;\">Confira neste link os registros do dia 10 de julho: <a href=\"https:\/\/flic.kr\/s\/aHBqjCmwFJ\" target=\"_blank\" rel=\"noopener\">https:\/\/flic.kr\/s\/aHBqjCmwFJ<\/a>.<\/span><\/p>\n<div class=\"w-gallery cols_3 link_file\"><div class=\"w-gallery-list\"><a class=\"w-gallery-item order_1\" href=\"https:\/\/www.acsc.com.br\/santacatarina\/wp-content\/uploads\/sites\/2\/2025\/07\/4-3.jpg\" title=\"4\"><div class=\"w-gallery-item-img\"><img loading=\"lazy\" decoding=\"async\" width=\"150\" height=\"150\" src=\"https:\/\/www.acsc.com.br\/santacatarina\/wp-content\/uploads\/sites\/2\/2025\/07\/4-3-150x150.jpg\" class=\"attachment-thumbnail size-thumbnail\" alt=\"\" \/><\/div><\/a><a class=\"w-gallery-item order_2\" href=\"https:\/\/www.acsc.com.br\/santacatarina\/wp-content\/uploads\/sites\/2\/2025\/07\/3-3.jpg\" title=\"3\"><div class=\"w-gallery-item-img\"><img loading=\"lazy\" decoding=\"async\" width=\"150\" height=\"150\" src=\"https:\/\/www.acsc.com.br\/santacatarina\/wp-content\/uploads\/sites\/2\/2025\/07\/3-3-150x150.jpg\" class=\"attachment-thumbnail size-thumbnail\" alt=\"\" \/><\/div><\/a><a class=\"w-gallery-item order_3\" href=\"https:\/\/www.acsc.com.br\/santacatarina\/wp-content\/uploads\/sites\/2\/2025\/07\/2-3.jpg\" title=\"2\"><div class=\"w-gallery-item-img\"><img loading=\"lazy\" decoding=\"async\" width=\"150\" height=\"150\" src=\"https:\/\/www.acsc.com.br\/santacatarina\/wp-content\/uploads\/sites\/2\/2025\/07\/2-3-150x150.jpg\" class=\"attachment-thumbnail size-thumbnail\" alt=\"\" \/><\/div><\/a><a class=\"w-gallery-item order_4\" href=\"https:\/\/www.acsc.com.br\/santacatarina\/wp-content\/uploads\/sites\/2\/2025\/07\/6-3.jpg\" title=\"6\"><div class=\"w-gallery-item-img\"><img loading=\"lazy\" decoding=\"async\" width=\"150\" height=\"150\" src=\"https:\/\/www.acsc.com.br\/santacatarina\/wp-content\/uploads\/sites\/2\/2025\/07\/6-3-150x150.jpg\" class=\"attachment-thumbnail size-thumbnail\" alt=\"\" \/><\/div><\/a><a class=\"w-gallery-item order_5\" href=\"https:\/\/www.acsc.com.br\/santacatarina\/wp-content\/uploads\/sites\/2\/2025\/07\/5-3.jpg\" title=\"5\"><div class=\"w-gallery-item-img\"><img loading=\"lazy\" decoding=\"async\" width=\"150\" height=\"150\" src=\"https:\/\/www.acsc.com.br\/santacatarina\/wp-content\/uploads\/sites\/2\/2025\/07\/5-3-150x150.jpg\" class=\"attachment-thumbnail size-thumbnail\" alt=\"\" \/><\/div><\/a><a class=\"w-gallery-item order_6\" href=\"https:\/\/www.acsc.com.br\/santacatarina\/wp-content\/uploads\/sites\/2\/2025\/07\/1-CAPA-3.jpg\" title=\"1 - CAPA\"><div class=\"w-gallery-item-img\"><img loading=\"lazy\" decoding=\"async\" width=\"150\" height=\"150\" src=\"https:\/\/www.acsc.com.br\/santacatarina\/wp-content\/uploads\/sites\/2\/2025\/07\/1-CAPA-3-150x150.jpg\" class=\"attachment-thumbnail size-thumbnail\" alt=\"\" \/><\/div><\/a><\/div><\/div>\n","protected":false},"excerpt":{"rendered":"<p>No dia 10 de julho, nosso col\u00e9gio celebrou um marco hist\u00f3rico: 125 anos de dedica\u00e7\u00e3o \u00e0 educa\u00e7\u00e3o, \u00e0 forma\u00e7\u00e3o de valores e \u00e0 constru\u00e7\u00e3o de uma comunidade unida pela f\u00e9, pelo conhecimento e pela esperan\u00e7a. Neste dia, a emo\u00e7\u00e3o tomou conta do cora\u00e7\u00e3o de todos que fazem parte da nossa hist\u00f3ria. Um dos momentos mais&#8230;<\/p>\n","protected":false},"author":1,"featured_media":1326,"comment_status":"closed","ping_status":"closed","sticky":false,"template":"","format":"standard","meta":{"_acf_changed":false,"footnotes":""},"categories":[1],"tags":[],"class_list":["post-1313","post","type-post","status-publish","format-standard","has-post-thumbnail","hentry","category-noticias"],"acf":[],"_links":{"self":[{"href":"https:\/\/www.acsc.com.br\/santacatarina\/wp-json\/wp\/v2\/posts\/1313","targetHints":{"allow":["GET"]}}],"collection":[{"href":"https:\/\/www.acsc.com.br\/santacatarina\/wp-json\/wp\/v2\/posts"}],"about":[{"href":"https:\/\/www.acsc.com.br\/santacatarina\/wp-json\/wp\/v2\/types\/post"}],"author":[{"embeddable":true,"href":"https:\/\/www.acsc.com.br\/santacatarina\/wp-json\/wp\/v2\/users\/1"}],"replies":[{"embeddable":true,"href":"https:\/\/www.acsc.com.br\/santacatarina\/wp-json\/wp\/v2\/comments?post=1313"}],"version-history":[{"count":3,"href":"https:\/\/www.acsc.com.br\/santacatarina\/wp-json\/wp\/v2\/posts\/1313\/revisions"}],"predecessor-version":[{"id":1329,"href":"https:\/\/www.acsc.com.br\/santacatarina\/wp-json\/wp\/v2\/posts\/1313\/revisions\/1329"}],"wp:featuredmedia":[{"embeddable":true,"href":"https:\/\/www.acsc.com.br\/santacatarina\/wp-json\/wp\/v2\/media\/1326"}],"wp:attachment":[{"href":"https:\/\/www.acsc.com.br\/santacatarina\/wp-json\/wp\/v2\/media?parent=1313"}],"wp:term":[{"taxonomy":"category","embeddable":true,"href":"https:\/\/www.acsc.com.br\/santacatarina\/wp-json\/wp\/v2\/categories?post=1313"},{"taxonomy":"post_tag","embeddable":true,"href":"https:\/\/www.acsc.com.br\/santacatarina\/wp-json\/wp\/v2\/tags?post=1313"}],"curies":[{"name":"wp","href":"https:\/\/api.w.org\/{rel}","templated":true}]}}