{"id":1303,"date":"2025-07-15T11:56:50","date_gmt":"2025-07-15T14:56:50","guid":{"rendered":"https:\/\/www.acsc.com.br\/santacatarina\/?p=1303"},"modified":"2025-07-15T15:01:17","modified_gmt":"2025-07-15T18:01:17","slug":"38a-mostra-literaria-125-anos-de-historia","status":"publish","type":"post","link":"https:\/\/www.acsc.com.br\/santacatarina\/2025\/07\/15\/38a-mostra-literaria-125-anos-de-historia\/","title":{"rendered":"38\u00aa Mostra Liter\u00e1ria: 125 anos de hist\u00f3ria(s)!"},"content":{"rendered":"<p>Entre os dias 7 e 11 de julho, celebramos a leitura, a imagina\u00e7\u00e3o e o conhecimento em mais uma edi\u00e7\u00e3o da nossa Mostra Liter\u00e1ria, marcada por momentos inesquec\u00edveis!<\/p>\n<p>Na segunda-feira, recebemos Simone Saueressig, autora de A Hist\u00f3ria do Rubi Ragank, e Cl\u00e1udia Masiero, autora de Bissexto: Tempo de Poesia e Pastel de Vento, para sess\u00f5es de aut\u00f3grafos e conversas inspiradoras com nossos alunos.<\/p>\n<p>Na ter\u00e7a-feira, o artista Rafael Jung compartilhou com o Ensino M\u00e9dio sua trajet\u00f3ria no mundo do grafite em um bate-papo sobre como arte tamb\u00e9m \u00e9 profiss\u00e3o. Tamb\u00e9m tivemos a encantadora Milene Barazzetti com suas conta\u00e7\u00f5es de hist\u00f3rias para a Educa\u00e7\u00e3o Infantil, explorando os seus livros Jacar\u00e9 Minhoca e As Palavras de Melina.<\/p>\n<p>Na quarta e quinta-feira, nosso Sal\u00e3o Social se transformou em uma verdadeira livraria, incentivando o contato com diversos g\u00eaneros liter\u00e1rios. Na quarta, recebemos com muita honra o patrono da 38\u00aa edi\u00e7\u00e3o da Mostra, Ernani M\u00fcgge, que conversou sobre a sua trajet\u00f3ria com os alunos e autografou suas obras Instantes e Pret\u00e9rito (re)visitado.<\/p>\n<p>Na quinta-feira, celebramos com alegria os 125 anos do Col\u00e9gio Santa Catarina, um marco de tradi\u00e7\u00e3o, ensino, f\u00e9 e educa\u00e7\u00e3o com prop\u00f3sito!<br \/>\nE na sexta-feira, encerramos a semana com uma programa\u00e7\u00e3o especial: a performance Astuta Pen\u00e9lope, a pe\u00e7a de teatro: Do Outro Lado da Cerca com a companhia Curto Arte, e a conta\u00e7\u00e3o de hist\u00f3rias da querida Carmen Lima para os pequenos da Educa\u00e7\u00e3o Infantil e s\u00e9ries iniciais.<br \/>\nFoi uma semana repleta de cultura, encontros e descobertas que refor\u00e7am o poder transformador da leitura na forma\u00e7\u00e3o de nossos estudantes. Que venham muitos mais cap\u00edtulos dessa hist\u00f3ria!<\/p>\n<p>Confira os registros no Flickr: <a href=\"https:\/\/flic.kr\/s\/aHBqjCmxGC\" target=\"_blank\" rel=\"noopener\">https:\/\/flic.kr\/s\/aHBqjCmxGC<\/a>.<\/p>\n<div class=\"w-gallery cols_3 link_file\"><div class=\"w-gallery-list\"><a class=\"w-gallery-item order_1\" href=\"https:\/\/www.acsc.com.br\/santacatarina\/wp-content\/uploads\/sites\/2\/2025\/07\/3-1.jpg\" title=\"3\"><div class=\"w-gallery-item-img\"><img loading=\"lazy\" decoding=\"async\" width=\"150\" height=\"150\" src=\"https:\/\/www.acsc.com.br\/santacatarina\/wp-content\/uploads\/sites\/2\/2025\/07\/3-1-150x150.jpg\" class=\"attachment-thumbnail size-thumbnail\" alt=\"\" \/><\/div><\/a><a class=\"w-gallery-item order_2\" href=\"https:\/\/www.acsc.com.br\/santacatarina\/wp-content\/uploads\/sites\/2\/2025\/07\/9-1.jpg\" title=\"9\"><div class=\"w-gallery-item-img\"><img loading=\"lazy\" decoding=\"async\" width=\"150\" height=\"150\" src=\"https:\/\/www.acsc.com.br\/santacatarina\/wp-content\/uploads\/sites\/2\/2025\/07\/9-1-150x150.jpg\" class=\"attachment-thumbnail size-thumbnail\" alt=\"\" \/><\/div><\/a><a class=\"w-gallery-item order_3\" href=\"https:\/\/www.acsc.com.br\/santacatarina\/wp-content\/uploads\/sites\/2\/2025\/07\/2-1.jpg\" title=\"2\"><div class=\"w-gallery-item-img\"><img loading=\"lazy\" decoding=\"async\" width=\"150\" height=\"150\" src=\"https:\/\/www.acsc.com.br\/santacatarina\/wp-content\/uploads\/sites\/2\/2025\/07\/2-1-150x150.jpg\" class=\"attachment-thumbnail size-thumbnail\" alt=\"\" \/><\/div><\/a><a class=\"w-gallery-item order_4\" href=\"https:\/\/www.acsc.com.br\/santacatarina\/wp-content\/uploads\/sites\/2\/2025\/07\/6-1.jpg\" title=\"6\"><div class=\"w-gallery-item-img\"><img loading=\"lazy\" decoding=\"async\" width=\"150\" height=\"150\" src=\"https:\/\/www.acsc.com.br\/santacatarina\/wp-content\/uploads\/sites\/2\/2025\/07\/6-1-150x150.jpg\" class=\"attachment-thumbnail size-thumbnail\" alt=\"\" \/><\/div><\/a><a class=\"w-gallery-item order_5\" href=\"https:\/\/www.acsc.com.br\/santacatarina\/wp-content\/uploads\/sites\/2\/2025\/07\/1-CAPA-1.jpg\" title=\"1 - CAPA\"><div class=\"w-gallery-item-img\"><img loading=\"lazy\" decoding=\"async\" width=\"150\" height=\"150\" src=\"https:\/\/www.acsc.com.br\/santacatarina\/wp-content\/uploads\/sites\/2\/2025\/07\/1-CAPA-1-150x150.jpg\" class=\"attachment-thumbnail size-thumbnail\" alt=\"\" \/><\/div><\/a><a class=\"w-gallery-item order_6\" href=\"https:\/\/www.acsc.com.br\/santacatarina\/wp-content\/uploads\/sites\/2\/2025\/07\/4-1.jpg\" title=\"4\"><div class=\"w-gallery-item-img\"><img loading=\"lazy\" decoding=\"async\" width=\"150\" height=\"150\" src=\"https:\/\/www.acsc.com.br\/santacatarina\/wp-content\/uploads\/sites\/2\/2025\/07\/4-1-150x150.jpg\" class=\"attachment-thumbnail size-thumbnail\" alt=\"\" \/><\/div><\/a><a class=\"w-gallery-item order_7\" href=\"https:\/\/www.acsc.com.br\/santacatarina\/wp-content\/uploads\/sites\/2\/2025\/07\/7-1.jpg\" title=\"7\"><div class=\"w-gallery-item-img\"><img loading=\"lazy\" decoding=\"async\" width=\"150\" height=\"150\" src=\"https:\/\/www.acsc.com.br\/santacatarina\/wp-content\/uploads\/sites\/2\/2025\/07\/7-1-150x150.jpg\" class=\"attachment-thumbnail size-thumbnail\" alt=\"\" \/><\/div><\/a><a class=\"w-gallery-item order_8\" href=\"https:\/\/www.acsc.com.br\/santacatarina\/wp-content\/uploads\/sites\/2\/2025\/07\/5-1.jpg\" title=\"5\"><div class=\"w-gallery-item-img\"><img loading=\"lazy\" decoding=\"async\" width=\"150\" height=\"150\" src=\"https:\/\/www.acsc.com.br\/santacatarina\/wp-content\/uploads\/sites\/2\/2025\/07\/5-1-150x150.jpg\" class=\"attachment-thumbnail size-thumbnail\" alt=\"\" \/><\/div><\/a><a class=\"w-gallery-item order_9\" href=\"https:\/\/www.acsc.com.br\/santacatarina\/wp-content\/uploads\/sites\/2\/2025\/07\/8-1.jpg\" title=\"8\"><div class=\"w-gallery-item-img\"><img loading=\"lazy\" decoding=\"async\" width=\"150\" height=\"150\" src=\"https:\/\/www.acsc.com.br\/santacatarina\/wp-content\/uploads\/sites\/2\/2025\/07\/8-1-150x150.jpg\" class=\"attachment-thumbnail size-thumbnail\" alt=\"\" \/><\/div><\/a><\/div><\/div>\n","protected":false},"excerpt":{"rendered":"<p>Entre os dias 7 e 11 de julho, celebramos a leitura, a imagina\u00e7\u00e3o e o conhecimento em mais uma edi\u00e7\u00e3o da nossa Mostra Liter\u00e1ria, marcada por momentos inesquec\u00edveis! Na segunda-feira, recebemos Simone Saueressig, autora de A Hist\u00f3ria do Rubi Ragank, e Cl\u00e1udia Masiero, autora de Bissexto: Tempo de Poesia e Pastel de Vento, para sess\u00f5es&#8230;<\/p>\n","protected":false},"author":1,"featured_media":1308,"comment_status":"closed","ping_status":"closed","sticky":false,"template":"","format":"standard","meta":{"_acf_changed":false,"footnotes":""},"categories":[1],"tags":[],"class_list":["post-1303","post","type-post","status-publish","format-standard","has-post-thumbnail","hentry","category-noticias"],"acf":[],"_links":{"self":[{"href":"https:\/\/www.acsc.com.br\/santacatarina\/wp-json\/wp\/v2\/posts\/1303","targetHints":{"allow":["GET"]}}],"collection":[{"href":"https:\/\/www.acsc.com.br\/santacatarina\/wp-json\/wp\/v2\/posts"}],"about":[{"href":"https:\/\/www.acsc.com.br\/santacatarina\/wp-json\/wp\/v2\/types\/post"}],"author":[{"embeddable":true,"href":"https:\/\/www.acsc.com.br\/santacatarina\/wp-json\/wp\/v2\/users\/1"}],"replies":[{"embeddable":true,"href":"https:\/\/www.acsc.com.br\/santacatarina\/wp-json\/wp\/v2\/comments?post=1303"}],"version-history":[{"count":4,"href":"https:\/\/www.acsc.com.br\/santacatarina\/wp-json\/wp\/v2\/posts\/1303\/revisions"}],"predecessor-version":[{"id":1332,"href":"https:\/\/www.acsc.com.br\/santacatarina\/wp-json\/wp\/v2\/posts\/1303\/revisions\/1332"}],"wp:featuredmedia":[{"embeddable":true,"href":"https:\/\/www.acsc.com.br\/santacatarina\/wp-json\/wp\/v2\/media\/1308"}],"wp:attachment":[{"href":"https:\/\/www.acsc.com.br\/santacatarina\/wp-json\/wp\/v2\/media?parent=1303"}],"wp:term":[{"taxonomy":"category","embeddable":true,"href":"https:\/\/www.acsc.com.br\/santacatarina\/wp-json\/wp\/v2\/categories?post=1303"},{"taxonomy":"post_tag","embeddable":true,"href":"https:\/\/www.acsc.com.br\/santacatarina\/wp-json\/wp\/v2\/tags?post=1303"}],"curies":[{"name":"wp","href":"https:\/\/api.w.org\/{rel}","templated":true}]}}