{"id":1290,"date":"2025-07-01T18:13:46","date_gmt":"2025-07-01T21:13:46","guid":{"rendered":"https:\/\/www.acsc.com.br\/santacatarina\/?p=1290"},"modified":"2025-07-01T18:13:46","modified_gmt":"2025-07-01T21:13:46","slug":"encontro-de-ex-alunos-125-anos","status":"publish","type":"post","link":"https:\/\/www.acsc.com.br\/santacatarina\/2025\/07\/01\/encontro-de-ex-alunos-125-anos\/","title":{"rendered":"Encontro de ex-alunos: 125 anos"},"content":{"rendered":"<p><span style=\"font-weight: 400;\">No dia 28 de junho, o Col\u00e9gio Santa Catarina viveu uma tarde de reencontros, mem\u00f3rias e homenagens durante o aguardado encontro de ex-alunos, realizado em celebra\u00e7\u00e3o aos 125 anos da institui\u00e7\u00e3o. O evento reuniu diversas gera\u00e7\u00f5es de estudantes, que voltaram aos corredores da escola para relembrar momentos marcantes e celebrar a trajet\u00f3ria do Santa.<\/span><\/p>\n<p><span style=\"font-weight: 400;\">Os ex-alunos foram recepcionados com um tel\u00e3o exibindo fotos hist\u00f3ricas do col\u00e9gio e imagens de suas \u00e9pocas em sala de aula. A atmosfera nost\u00e1lgica tomou conta do ambiente, refor\u00e7ando o sentimento de pertencimento e carinho.<\/span><\/p>\n<p><span style=\"font-weight: 400;\">Durante a celebra\u00e7\u00e3o, houve uma homenagem \u00e0s diretoras e irm\u00e3s que fizeram parte da hist\u00f3ria do Santa, reconhecendo seu papel fundamental na forma\u00e7\u00e3o de valores e na educa\u00e7\u00e3o de tantas gera\u00e7\u00f5es. Tamb\u00e9m foram homenageados os alunos jubilares, que completaram 10, 25, 35, 50 e at\u00e9 mais de 60 anos de formatura, um momento de grande emo\u00e7\u00e3o para todos os presentes. Houve tamb\u00e9m, al\u00e9m da distribui\u00e7\u00e3o de mimos, dois sorteios de ingressos para o nosso Jantar Baile dos 125 Anos.<\/span><\/p>\n<p><span style=\"font-weight: 400;\">Ap\u00f3s a cerim\u00f4nia, os convidados participaram de uma confraterniza\u00e7\u00e3o, com visita aos espa\u00e7os do col\u00e9gio. Os setores estavam abertos \u00e0 visita\u00e7\u00e3o, permitindo que os ex-alunos revivessem lembran\u00e7as nos locais onde estudaram e constru\u00edram amizades.<\/span><\/p>\n<p><span style=\"font-weight: 400;\">O encerramento do evento aconteceu na capela do col\u00e9gio, com uma b\u00ean\u00e7\u00e3o especial, seguida de um momento de trocas e partilhas, selando a conex\u00e3o entre passado e presente.<\/span><\/p>\n<p><span style=\"font-weight: 400;\">Link com mais fotos:<\/span><a href=\"https:\/\/flic.kr\/s\/aHBqjCjPT5\"> <span style=\"font-weight: 400;\">https:\/\/flic.kr\/s\/aHBqjCjPT5<\/span><\/a><span style=\"font-weight: 400;\">.<\/span><\/p>\n<p>&nbsp;<\/p>\n<div class=\"w-gallery cols_3 link_file\"><div class=\"w-gallery-list\"><a class=\"w-gallery-item order_1\" href=\"https:\/\/www.acsc.com.br\/santacatarina\/wp-content\/uploads\/sites\/2\/2025\/07\/1-CAPA.jpg\" title=\"1 - CAPA\"><div class=\"w-gallery-item-img\"><img loading=\"lazy\" decoding=\"async\" width=\"150\" height=\"150\" src=\"https:\/\/www.acsc.com.br\/santacatarina\/wp-content\/uploads\/sites\/2\/2025\/07\/1-CAPA-150x150.jpg\" class=\"attachment-thumbnail size-thumbnail\" alt=\"\" \/><\/div><\/a><a class=\"w-gallery-item order_2\" href=\"https:\/\/www.acsc.com.br\/santacatarina\/wp-content\/uploads\/sites\/2\/2025\/07\/8.jpg\" title=\"8\"><div class=\"w-gallery-item-img\"><img loading=\"lazy\" decoding=\"async\" width=\"150\" height=\"150\" src=\"https:\/\/www.acsc.com.br\/santacatarina\/wp-content\/uploads\/sites\/2\/2025\/07\/8-150x150.jpg\" class=\"attachment-thumbnail size-thumbnail\" alt=\"\" \/><\/div><\/a><a class=\"w-gallery-item order_3\" href=\"https:\/\/www.acsc.com.br\/santacatarina\/wp-content\/uploads\/sites\/2\/2025\/07\/5.jpg\" title=\"5\"><div class=\"w-gallery-item-img\"><img loading=\"lazy\" decoding=\"async\" width=\"150\" height=\"150\" src=\"https:\/\/www.acsc.com.br\/santacatarina\/wp-content\/uploads\/sites\/2\/2025\/07\/5-150x150.jpg\" class=\"attachment-thumbnail size-thumbnail\" alt=\"\" \/><\/div><\/a><a class=\"w-gallery-item order_4\" href=\"https:\/\/www.acsc.com.br\/santacatarina\/wp-content\/uploads\/sites\/2\/2025\/07\/7.jpg\" title=\"7\"><div class=\"w-gallery-item-img\"><img loading=\"lazy\" decoding=\"async\" width=\"150\" height=\"150\" src=\"https:\/\/www.acsc.com.br\/santacatarina\/wp-content\/uploads\/sites\/2\/2025\/07\/7-150x150.jpg\" class=\"attachment-thumbnail size-thumbnail\" alt=\"\" \/><\/div><\/a><a class=\"w-gallery-item order_5\" href=\"https:\/\/www.acsc.com.br\/santacatarina\/wp-content\/uploads\/sites\/2\/2025\/07\/6.jpg\" title=\"6\"><div class=\"w-gallery-item-img\"><img loading=\"lazy\" decoding=\"async\" width=\"150\" height=\"150\" src=\"https:\/\/www.acsc.com.br\/santacatarina\/wp-content\/uploads\/sites\/2\/2025\/07\/6-150x150.jpg\" class=\"attachment-thumbnail size-thumbnail\" alt=\"\" \/><\/div><\/a><a class=\"w-gallery-item order_6\" href=\"https:\/\/www.acsc.com.br\/santacatarina\/wp-content\/uploads\/sites\/2\/2025\/07\/3.jpg\" title=\"3\"><div class=\"w-gallery-item-img\"><img loading=\"lazy\" decoding=\"async\" width=\"150\" height=\"150\" src=\"https:\/\/www.acsc.com.br\/santacatarina\/wp-content\/uploads\/sites\/2\/2025\/07\/3-150x150.jpg\" class=\"attachment-thumbnail size-thumbnail\" alt=\"\" \/><\/div><\/a><a class=\"w-gallery-item order_7\" href=\"https:\/\/www.acsc.com.br\/santacatarina\/wp-content\/uploads\/sites\/2\/2025\/07\/2.jpg\" title=\"2\"><div class=\"w-gallery-item-img\"><img loading=\"lazy\" decoding=\"async\" width=\"150\" height=\"150\" src=\"https:\/\/www.acsc.com.br\/santacatarina\/wp-content\/uploads\/sites\/2\/2025\/07\/2-150x150.jpg\" class=\"attachment-thumbnail size-thumbnail\" alt=\"\" \/><\/div><\/a><a class=\"w-gallery-item order_8\" href=\"https:\/\/www.acsc.com.br\/santacatarina\/wp-content\/uploads\/sites\/2\/2025\/07\/9.jpg\" title=\"9\"><div class=\"w-gallery-item-img\"><img loading=\"lazy\" decoding=\"async\" width=\"150\" height=\"150\" src=\"https:\/\/www.acsc.com.br\/santacatarina\/wp-content\/uploads\/sites\/2\/2025\/07\/9-150x150.jpg\" class=\"attachment-thumbnail size-thumbnail\" alt=\"\" \/><\/div><\/a><a class=\"w-gallery-item order_9\" href=\"https:\/\/www.acsc.com.br\/santacatarina\/wp-content\/uploads\/sites\/2\/2025\/07\/4.jpg\" title=\"4\"><div class=\"w-gallery-item-img\"><img loading=\"lazy\" decoding=\"async\" width=\"150\" height=\"150\" src=\"https:\/\/www.acsc.com.br\/santacatarina\/wp-content\/uploads\/sites\/2\/2025\/07\/4-150x150.jpg\" class=\"attachment-thumbnail size-thumbnail\" alt=\"\" \/><\/div><\/a><\/div><\/div>\n","protected":false},"excerpt":{"rendered":"<p>No dia 28 de junho, o Col\u00e9gio Santa Catarina viveu uma tarde de reencontros, mem\u00f3rias e homenagens durante o aguardado encontro de ex-alunos, realizado em celebra\u00e7\u00e3o aos 125 anos da institui\u00e7\u00e3o. O evento reuniu diversas gera\u00e7\u00f5es de estudantes, que voltaram aos corredores da escola para relembrar momentos marcantes e celebrar a trajet\u00f3ria do Santa. Os&#8230;<\/p>\n","protected":false},"author":1,"featured_media":1291,"comment_status":"closed","ping_status":"closed","sticky":false,"template":"","format":"standard","meta":{"_acf_changed":false,"footnotes":""},"categories":[1],"tags":[],"class_list":["post-1290","post","type-post","status-publish","format-standard","has-post-thumbnail","hentry","category-noticias"],"acf":[],"_links":{"self":[{"href":"https:\/\/www.acsc.com.br\/santacatarina\/wp-json\/wp\/v2\/posts\/1290","targetHints":{"allow":["GET"]}}],"collection":[{"href":"https:\/\/www.acsc.com.br\/santacatarina\/wp-json\/wp\/v2\/posts"}],"about":[{"href":"https:\/\/www.acsc.com.br\/santacatarina\/wp-json\/wp\/v2\/types\/post"}],"author":[{"embeddable":true,"href":"https:\/\/www.acsc.com.br\/santacatarina\/wp-json\/wp\/v2\/users\/1"}],"replies":[{"embeddable":true,"href":"https:\/\/www.acsc.com.br\/santacatarina\/wp-json\/wp\/v2\/comments?post=1290"}],"version-history":[{"count":1,"href":"https:\/\/www.acsc.com.br\/santacatarina\/wp-json\/wp\/v2\/posts\/1290\/revisions"}],"predecessor-version":[{"id":1300,"href":"https:\/\/www.acsc.com.br\/santacatarina\/wp-json\/wp\/v2\/posts\/1290\/revisions\/1300"}],"wp:featuredmedia":[{"embeddable":true,"href":"https:\/\/www.acsc.com.br\/santacatarina\/wp-json\/wp\/v2\/media\/1291"}],"wp:attachment":[{"href":"https:\/\/www.acsc.com.br\/santacatarina\/wp-json\/wp\/v2\/media?parent=1290"}],"wp:term":[{"taxonomy":"category","embeddable":true,"href":"https:\/\/www.acsc.com.br\/santacatarina\/wp-json\/wp\/v2\/categories?post=1290"},{"taxonomy":"post_tag","embeddable":true,"href":"https:\/\/www.acsc.com.br\/santacatarina\/wp-json\/wp\/v2\/tags?post=1290"}],"curies":[{"name":"wp","href":"https:\/\/api.w.org\/{rel}","templated":true}]}}