{"id":1275,"date":"2025-06-16T19:39:11","date_gmt":"2025-06-16T22:39:11","guid":{"rendered":"https:\/\/www.acsc.com.br\/santacatarina\/?p=1275"},"modified":"2025-06-16T19:39:11","modified_gmt":"2025-06-16T22:39:11","slug":"festa-junina-edicao-especial-dos-125-anos","status":"publish","type":"post","link":"https:\/\/www.acsc.com.br\/santacatarina\/2025\/06\/16\/festa-junina-edicao-especial-dos-125-anos\/","title":{"rendered":"Festa Junina: Edi\u00e7\u00e3o especial dos 125 anos!"},"content":{"rendered":"<p><span style=\"font-weight: 400;\">No s\u00e1bado, 07 de junho, o nosso Col\u00e9gio viveu um dia repleto de cores, sabores e celebra\u00e7\u00e3o com a realiza\u00e7\u00e3o da tradicional Festa Junina, desta vez, em uma edi\u00e7\u00e3o especial que marcou os 125 anos da institui\u00e7\u00e3o.<\/span><\/p>\n<p><span style=\"font-weight: 400;\">A abertura do evento contou com as palavras da diretora Irm\u00e3 Janete L\u00facia Ledur e de representantes da APAMA. Em seguida, a quadrilha da 3\u00aa s\u00e9rie do Ensino M\u00e9dio deu in\u00edcio \u00e0s apresenta\u00e7\u00f5es, que seguiram ao longo do dia com encantadoras performances da Educa\u00e7\u00e3o Infantil e do Ensino Fundamental I, embaladas por m\u00fasicas da cultura junina.<\/span><\/p>\n<p><span style=\"font-weight: 400;\">A festa foi oficialmente aben\u00e7oada pelo Padre M\u00e1rcio, fortalecendo o clima de f\u00e9 e uni\u00e3o que permeou todo o evento. O p\u00fablico p\u00f4de aproveitar uma variedade de comidas t\u00edpicas, como quent\u00e3o, cachorro-quente, churrasquinho, pipoca e bolos, al\u00e9m de animadas brincadeiras como a pescaria e as promovidas pelo GESC (Gr\u00eamio Estudantil do Col\u00e9gio Santa Catarina).<\/span><\/p>\n<p><span style=\"font-weight: 400;\">O gin\u00e1sio se transformou em um espa\u00e7o de pura alegria, com crian\u00e7as se divertindo nos brinquedos infl\u00e1veis, enquanto o p\u00e1tio ganhou ares de arrai\u00e1, ricamente decorado com bandeiras tem\u00e1ticas em homenagem a figuras religiosas como Madre Regina, S\u00e3o Jo\u00e3o, S\u00e3o Pedro e Santo Ant\u00f4nio, s\u00edmbolos da tradi\u00e7\u00e3o e da f\u00e9 que marcam este tempo festivo.<\/span><\/p>\n<p><span style=\"font-weight: 400;\">A Festa Junina do Santa foi mais do que uma celebra\u00e7\u00e3o: foi um verdadeiro encontro de gera\u00e7\u00f5es, mem\u00f3rias e valores que seguem firmes ao longo dos 125 anos de hist\u00f3ria do nosso Col\u00e9gio.<\/span><\/p>\n<p><span style=\"font-weight: 400;\">\u00a0Confira mais registros deste dia: <a href=\"https:\/\/flic.kr\/s\/aHBqjChky4\">https:\/\/flic.kr\/s\/aHBqjChky4<\/a>.<\/span><\/p>\n<p>&nbsp;<\/p>\n<div class=\"w-gallery cols_3 link_file\"><div class=\"w-gallery-list\"><a class=\"w-gallery-item order_1\" href=\"https:\/\/www.acsc.com.br\/santacatarina\/wp-content\/uploads\/sites\/2\/2025\/06\/5.jpg\" title=\"5\"><div class=\"w-gallery-item-img\"><img loading=\"lazy\" decoding=\"async\" width=\"150\" height=\"150\" src=\"https:\/\/www.acsc.com.br\/santacatarina\/wp-content\/uploads\/sites\/2\/2025\/06\/5-150x150.jpg\" class=\"attachment-thumbnail size-thumbnail\" alt=\"\" \/><\/div><\/a><a class=\"w-gallery-item order_2\" href=\"https:\/\/www.acsc.com.br\/santacatarina\/wp-content\/uploads\/sites\/2\/2025\/06\/2.jpg\" title=\"2\"><div class=\"w-gallery-item-img\"><img loading=\"lazy\" decoding=\"async\" width=\"150\" height=\"150\" src=\"https:\/\/www.acsc.com.br\/santacatarina\/wp-content\/uploads\/sites\/2\/2025\/06\/2-150x150.jpg\" class=\"attachment-thumbnail size-thumbnail\" alt=\"\" \/><\/div><\/a><a class=\"w-gallery-item order_3\" href=\"https:\/\/www.acsc.com.br\/santacatarina\/wp-content\/uploads\/sites\/2\/2025\/06\/4.jpg\" title=\"4\"><div class=\"w-gallery-item-img\"><img loading=\"lazy\" decoding=\"async\" width=\"150\" height=\"150\" src=\"https:\/\/www.acsc.com.br\/santacatarina\/wp-content\/uploads\/sites\/2\/2025\/06\/4-150x150.jpg\" class=\"attachment-thumbnail size-thumbnail\" alt=\"\" \/><\/div><\/a><a class=\"w-gallery-item order_4\" href=\"https:\/\/www.acsc.com.br\/santacatarina\/wp-content\/uploads\/sites\/2\/2025\/06\/9.jpg\" title=\"9\"><div class=\"w-gallery-item-img\"><img loading=\"lazy\" decoding=\"async\" width=\"150\" height=\"150\" src=\"https:\/\/www.acsc.com.br\/santacatarina\/wp-content\/uploads\/sites\/2\/2025\/06\/9-150x150.jpg\" class=\"attachment-thumbnail size-thumbnail\" alt=\"\" \/><\/div><\/a><a class=\"w-gallery-item order_5\" href=\"https:\/\/www.acsc.com.br\/santacatarina\/wp-content\/uploads\/sites\/2\/2025\/06\/8.jpg\" title=\"8\"><div class=\"w-gallery-item-img\"><img loading=\"lazy\" decoding=\"async\" width=\"150\" height=\"150\" src=\"https:\/\/www.acsc.com.br\/santacatarina\/wp-content\/uploads\/sites\/2\/2025\/06\/8-150x150.jpg\" class=\"attachment-thumbnail size-thumbnail\" alt=\"\" \/><\/div><\/a><a class=\"w-gallery-item order_6\" href=\"https:\/\/www.acsc.com.br\/santacatarina\/wp-content\/uploads\/sites\/2\/2025\/06\/7.jpg\" title=\"7\"><div class=\"w-gallery-item-img\"><img loading=\"lazy\" decoding=\"async\" width=\"150\" height=\"150\" src=\"https:\/\/www.acsc.com.br\/santacatarina\/wp-content\/uploads\/sites\/2\/2025\/06\/7-150x150.jpg\" class=\"attachment-thumbnail size-thumbnail\" alt=\"\" \/><\/div><\/a><a class=\"w-gallery-item order_7\" href=\"https:\/\/www.acsc.com.br\/santacatarina\/wp-content\/uploads\/sites\/2\/2025\/06\/6.jpg\" title=\"6\"><div class=\"w-gallery-item-img\"><img loading=\"lazy\" decoding=\"async\" width=\"150\" height=\"150\" src=\"https:\/\/www.acsc.com.br\/santacatarina\/wp-content\/uploads\/sites\/2\/2025\/06\/6-150x150.jpg\" class=\"attachment-thumbnail size-thumbnail\" alt=\"\" \/><\/div><\/a><a class=\"w-gallery-item order_8\" href=\"https:\/\/www.acsc.com.br\/santacatarina\/wp-content\/uploads\/sites\/2\/2025\/06\/1-CAPA.jpg\" title=\"1 - CAPA\"><div class=\"w-gallery-item-img\"><img loading=\"lazy\" decoding=\"async\" width=\"150\" height=\"150\" src=\"https:\/\/www.acsc.com.br\/santacatarina\/wp-content\/uploads\/sites\/2\/2025\/06\/1-CAPA-150x150.jpg\" class=\"attachment-thumbnail size-thumbnail\" alt=\"\" \/><\/div><\/a><a class=\"w-gallery-item order_9\" href=\"https:\/\/www.acsc.com.br\/santacatarina\/wp-content\/uploads\/sites\/2\/2025\/06\/3.jpg\" title=\"3\"><div class=\"w-gallery-item-img\"><img loading=\"lazy\" decoding=\"async\" width=\"150\" height=\"150\" src=\"https:\/\/www.acsc.com.br\/santacatarina\/wp-content\/uploads\/sites\/2\/2025\/06\/3-150x150.jpg\" class=\"attachment-thumbnail size-thumbnail\" alt=\"\" \/><\/div><\/a><\/div><\/div>\n","protected":false},"excerpt":{"rendered":"<p>No s\u00e1bado, 07 de junho, o nosso Col\u00e9gio viveu um dia repleto de cores, sabores e celebra\u00e7\u00e3o com a realiza\u00e7\u00e3o da tradicional Festa Junina, desta vez, em uma edi\u00e7\u00e3o especial que marcou os 125 anos da institui\u00e7\u00e3o. A abertura do evento contou com as palavras da diretora Irm\u00e3 Janete L\u00facia Ledur e de representantes da&#8230;<\/p>\n","protected":false},"author":1,"featured_media":1283,"comment_status":"closed","ping_status":"closed","sticky":false,"template":"","format":"standard","meta":{"_acf_changed":false,"footnotes":""},"categories":[1],"tags":[],"class_list":["post-1275","post","type-post","status-publish","format-standard","has-post-thumbnail","hentry","category-noticias"],"acf":[],"_links":{"self":[{"href":"https:\/\/www.acsc.com.br\/santacatarina\/wp-json\/wp\/v2\/posts\/1275","targetHints":{"allow":["GET"]}}],"collection":[{"href":"https:\/\/www.acsc.com.br\/santacatarina\/wp-json\/wp\/v2\/posts"}],"about":[{"href":"https:\/\/www.acsc.com.br\/santacatarina\/wp-json\/wp\/v2\/types\/post"}],"author":[{"embeddable":true,"href":"https:\/\/www.acsc.com.br\/santacatarina\/wp-json\/wp\/v2\/users\/1"}],"replies":[{"embeddable":true,"href":"https:\/\/www.acsc.com.br\/santacatarina\/wp-json\/wp\/v2\/comments?post=1275"}],"version-history":[{"count":1,"href":"https:\/\/www.acsc.com.br\/santacatarina\/wp-json\/wp\/v2\/posts\/1275\/revisions"}],"predecessor-version":[{"id":1285,"href":"https:\/\/www.acsc.com.br\/santacatarina\/wp-json\/wp\/v2\/posts\/1275\/revisions\/1285"}],"wp:featuredmedia":[{"embeddable":true,"href":"https:\/\/www.acsc.com.br\/santacatarina\/wp-json\/wp\/v2\/media\/1283"}],"wp:attachment":[{"href":"https:\/\/www.acsc.com.br\/santacatarina\/wp-json\/wp\/v2\/media?parent=1275"}],"wp:term":[{"taxonomy":"category","embeddable":true,"href":"https:\/\/www.acsc.com.br\/santacatarina\/wp-json\/wp\/v2\/categories?post=1275"},{"taxonomy":"post_tag","embeddable":true,"href":"https:\/\/www.acsc.com.br\/santacatarina\/wp-json\/wp\/v2\/tags?post=1275"}],"curies":[{"name":"wp","href":"https:\/\/api.w.org\/{rel}","templated":true}]}}