{"id":1216,"date":"2025-04-25T07:28:38","date_gmt":"2025-04-25T10:28:38","guid":{"rendered":"https:\/\/www.acsc.com.br\/santacatarina\/?p=1216"},"modified":"2025-04-25T15:58:27","modified_gmt":"2025-04-25T18:58:27","slug":"missa-com-bencao-de-ramos-2","status":"publish","type":"post","link":"https:\/\/www.acsc.com.br\/santacatarina\/2025\/04\/25\/missa-com-bencao-de-ramos-2\/","title":{"rendered":"Missa com B\u00ean\u00e7\u00e3o de Ramos"},"content":{"rendered":"<p style=\"text-align: justify;\"><span style=\"font-weight: 400;\">Na manh\u00e3 de s\u00e1bado, 12 de abril, a comunidade escolar do Col\u00e9gio Santa Catarina se reuniu na capela do col\u00e9gio para celebrar a Missa com B\u00ean\u00e7\u00e3o de Ramos. A celebra\u00e7\u00e3o foi presidida pelo Padre Everson Lino Rodrigues, p\u00e1roco da Par\u00f3quia Nossa Senhora da Piedade.<\/span><\/p>\n<p style=\"text-align: justify;\"><span style=\"font-weight: 400;\">Com ramos nas m\u00e3os e cora\u00e7\u00f5es abertos, as crian\u00e7as deram in\u00edcio \u00e0 prociss\u00e3o, acolhendo a todos com alegria e f\u00e9. Em cada passo, revivemos a entrada de Jesus em Jerusal\u00e9m, embalados por ora\u00e7\u00f5es e cantos que preenchiam o ambiente com esperan\u00e7a. Os ramos, suavemente agitados pelos participantes, simbolizavam a renova\u00e7\u00e3o da f\u00e9 e a chegada da Semana Santa.<\/span><\/p>\n<p style=\"text-align: justify;\"><span style=\"font-weight: 400;\">A missa foi marcada por momentos de grande emo\u00e7\u00e3o, com can\u00e7\u00f5es como <\/span><i><span style=\"font-weight: 400;\">Hosana ao Rei<\/span><\/i><span style=\"font-weight: 400;\"> tocando os cora\u00e7\u00f5es, al\u00e9m de ora\u00e7\u00f5es e reflex\u00f5es que inspiraram toda a comunidade. As palavras do padre, cheias de afeto e espiritualidade, trouxeram conforto e convidaram \u00e0 viv\u00eancia dos valores crist\u00e3os em nosso dia a dia.<\/span><\/p>\n<p style=\"text-align: justify;\"><span style=\"font-weight: 400;\">Que esse tempo sagrado nos conduza ao amor, \u00e0 compaix\u00e3o e \u00e0 renova\u00e7\u00e3o interior. Gratid\u00e3o a todos que estiveram presentes nessa celebra\u00e7\u00e3o.<\/span><\/p>\n<div class=\"w-gallery cols_3 link_file\"><div class=\"w-gallery-list\"><a class=\"w-gallery-item order_1\" href=\"https:\/\/www.acsc.com.br\/santacatarina\/wp-content\/uploads\/sites\/2\/2025\/04\/7-4.jpg\" title=\"7\"><div class=\"w-gallery-item-img\"><img loading=\"lazy\" decoding=\"async\" width=\"150\" height=\"150\" src=\"https:\/\/www.acsc.com.br\/santacatarina\/wp-content\/uploads\/sites\/2\/2025\/04\/7-4-150x150.jpg\" class=\"attachment-thumbnail size-thumbnail\" alt=\"\" \/><\/div><\/a><a class=\"w-gallery-item order_2\" href=\"https:\/\/www.acsc.com.br\/santacatarina\/wp-content\/uploads\/sites\/2\/2025\/04\/8-4.jpg\" title=\"8\"><div class=\"w-gallery-item-img\"><img loading=\"lazy\" decoding=\"async\" width=\"150\" height=\"150\" src=\"https:\/\/www.acsc.com.br\/santacatarina\/wp-content\/uploads\/sites\/2\/2025\/04\/8-4-150x150.jpg\" class=\"attachment-thumbnail size-thumbnail\" alt=\"\" \/><\/div><\/a><a class=\"w-gallery-item order_3\" href=\"https:\/\/www.acsc.com.br\/santacatarina\/wp-content\/uploads\/sites\/2\/2025\/04\/5-4.jpg\" title=\"5\"><div class=\"w-gallery-item-img\"><img loading=\"lazy\" decoding=\"async\" width=\"150\" height=\"150\" src=\"https:\/\/www.acsc.com.br\/santacatarina\/wp-content\/uploads\/sites\/2\/2025\/04\/5-4-150x150.jpg\" class=\"attachment-thumbnail size-thumbnail\" alt=\"\" \/><\/div><\/a><a class=\"w-gallery-item order_4\" href=\"https:\/\/www.acsc.com.br\/santacatarina\/wp-content\/uploads\/sites\/2\/2025\/04\/9-4.jpg\" title=\"9\"><div class=\"w-gallery-item-img\"><img loading=\"lazy\" decoding=\"async\" width=\"150\" height=\"150\" src=\"https:\/\/www.acsc.com.br\/santacatarina\/wp-content\/uploads\/sites\/2\/2025\/04\/9-4-150x150.jpg\" class=\"attachment-thumbnail size-thumbnail\" alt=\"\" \/><\/div><\/a><a class=\"w-gallery-item order_5\" href=\"https:\/\/www.acsc.com.br\/santacatarina\/wp-content\/uploads\/sites\/2\/2025\/04\/4-5.jpg\" title=\"4\"><div class=\"w-gallery-item-img\"><img loading=\"lazy\" decoding=\"async\" width=\"150\" height=\"150\" src=\"https:\/\/www.acsc.com.br\/santacatarina\/wp-content\/uploads\/sites\/2\/2025\/04\/4-5-150x150.jpg\" class=\"attachment-thumbnail size-thumbnail\" alt=\"\" \/><\/div><\/a><a class=\"w-gallery-item order_6\" href=\"https:\/\/www.acsc.com.br\/santacatarina\/wp-content\/uploads\/sites\/2\/2025\/04\/3-4.jpg\" title=\"3\"><div class=\"w-gallery-item-img\"><img loading=\"lazy\" decoding=\"async\" width=\"150\" height=\"150\" src=\"https:\/\/www.acsc.com.br\/santacatarina\/wp-content\/uploads\/sites\/2\/2025\/04\/3-4-150x150.jpg\" class=\"attachment-thumbnail size-thumbnail\" alt=\"\" \/><\/div><\/a><a class=\"w-gallery-item order_7\" href=\"https:\/\/www.acsc.com.br\/santacatarina\/wp-content\/uploads\/sites\/2\/2025\/04\/1-CAPA.png\" title=\"1 - CAPA\"><div class=\"w-gallery-item-img\"><img loading=\"lazy\" decoding=\"async\" width=\"150\" height=\"150\" src=\"https:\/\/www.acsc.com.br\/santacatarina\/wp-content\/uploads\/sites\/2\/2025\/04\/1-CAPA-150x150.png\" class=\"attachment-thumbnail size-thumbnail\" alt=\"\" \/><\/div><\/a><a class=\"w-gallery-item order_8\" href=\"https:\/\/www.acsc.com.br\/santacatarina\/wp-content\/uploads\/sites\/2\/2025\/04\/2.png\" title=\"2\"><div class=\"w-gallery-item-img\"><img loading=\"lazy\" decoding=\"async\" width=\"150\" height=\"150\" src=\"https:\/\/www.acsc.com.br\/santacatarina\/wp-content\/uploads\/sites\/2\/2025\/04\/2-150x150.png\" class=\"attachment-thumbnail size-thumbnail\" alt=\"\" \/><\/div><\/a><\/div><\/div>\n","protected":false},"excerpt":{"rendered":"<p>Na manh\u00e3 de s\u00e1bado, 12 de abril, a comunidade escolar do Col\u00e9gio Santa Catarina se reuniu na capela do col\u00e9gio para celebrar a Missa com B\u00ean\u00e7\u00e3o de Ramos. A celebra\u00e7\u00e3o foi presidida pelo Padre Everson Lino Rodrigues, p\u00e1roco da Par\u00f3quia Nossa Senhora da Piedade. Com ramos nas m\u00e3os e cora\u00e7\u00f5es abertos, as crian\u00e7as deram in\u00edcio&#8230;<\/p>\n","protected":false},"author":1,"featured_media":1227,"comment_status":"closed","ping_status":"closed","sticky":false,"template":"","format":"standard","meta":{"_acf_changed":false,"footnotes":""},"categories":[1],"tags":[],"class_list":["post-1216","post","type-post","status-publish","format-standard","has-post-thumbnail","hentry","category-noticias"],"acf":[],"_links":{"self":[{"href":"https:\/\/www.acsc.com.br\/santacatarina\/wp-json\/wp\/v2\/posts\/1216","targetHints":{"allow":["GET"]}}],"collection":[{"href":"https:\/\/www.acsc.com.br\/santacatarina\/wp-json\/wp\/v2\/posts"}],"about":[{"href":"https:\/\/www.acsc.com.br\/santacatarina\/wp-json\/wp\/v2\/types\/post"}],"author":[{"embeddable":true,"href":"https:\/\/www.acsc.com.br\/santacatarina\/wp-json\/wp\/v2\/users\/1"}],"replies":[{"embeddable":true,"href":"https:\/\/www.acsc.com.br\/santacatarina\/wp-json\/wp\/v2\/comments?post=1216"}],"version-history":[{"count":1,"href":"https:\/\/www.acsc.com.br\/santacatarina\/wp-json\/wp\/v2\/posts\/1216\/revisions"}],"predecessor-version":[{"id":1235,"href":"https:\/\/www.acsc.com.br\/santacatarina\/wp-json\/wp\/v2\/posts\/1216\/revisions\/1235"}],"wp:featuredmedia":[{"embeddable":true,"href":"https:\/\/www.acsc.com.br\/santacatarina\/wp-json\/wp\/v2\/media\/1227"}],"wp:attachment":[{"href":"https:\/\/www.acsc.com.br\/santacatarina\/wp-json\/wp\/v2\/media?parent=1216"}],"wp:term":[{"taxonomy":"category","embeddable":true,"href":"https:\/\/www.acsc.com.br\/santacatarina\/wp-json\/wp\/v2\/categories?post=1216"},{"taxonomy":"post_tag","embeddable":true,"href":"https:\/\/www.acsc.com.br\/santacatarina\/wp-json\/wp\/v2\/tags?post=1216"}],"curies":[{"name":"wp","href":"https:\/\/api.w.org\/{rel}","templated":true}]}}