{"id":1191,"date":"2025-04-25T08:53:06","date_gmt":"2025-04-25T11:53:06","guid":{"rendered":"https:\/\/www.acsc.com.br\/santacatarina\/?p=1191"},"modified":"2025-04-25T09:01:54","modified_gmt":"2025-04-25T12:01:54","slug":"via-sacra-emociona-comunidade-escolar-em-noite-de-fe-e-reflexao","status":"publish","type":"post","link":"https:\/\/www.acsc.com.br\/santacatarina\/2025\/04\/25\/via-sacra-emociona-comunidade-escolar-em-noite-de-fe-e-reflexao\/","title":{"rendered":"Via-Sacra emociona comunidade escolar em noite de f\u00e9 e reflex\u00e3o"},"content":{"rendered":"<p style=\"text-align: justify;\"><span style=\"font-weight: 400;\">Na noite de quarta-feira, 16 de abril, a comunidade escolar do Col\u00e9gio Santa Catarina se uniu em uma comovente prociss\u00e3o de Via-Sacra pelas ruas de Hamburgo Velho. Em parceria com a Par\u00f3quia Nossa Senhora da Piedade, o percurso foi marcado por momentos de profunda espiritualidade, conduzidos com devo\u00e7\u00e3o pelos jovens da Par\u00f3quia e do Col\u00e9gio.<\/span><\/p>\n<p style=\"text-align: justify;\"><span style=\"font-weight: 400;\">A caminhada teve in\u00edcio no jardim do Col\u00e9gio e seguiu at\u00e9 a Igreja Nossa Senhora da Piedade, com paradas nas esta\u00e7\u00f5es que representam os passos da Paix\u00e3o de Cristo. Em cada esta\u00e7\u00e3o, c\u00e2nticos, ora\u00e7\u00f5es e encena\u00e7\u00f5es deram vida aos \u00faltimos momentos de Jesus, tocando os cora\u00e7\u00f5es dos participantes com mensagens de f\u00e9, entrega e esperan\u00e7a.<\/span><\/p>\n<p style=\"text-align: justify;\"><span style=\"font-weight: 400;\">Em cada parada, al\u00e9m da reflex\u00e3o sobre o sofrimento e o amor de Jesus, tamb\u00e9m foram homenageadas as Irm\u00e3s M\u00e1rtires de Santa Catarina, que ser\u00e3o beatificadas no dia 31 de maio \u2014 mulheres de f\u00e9 que viveram o Evangelho com coragem e entrega.<\/span><\/p>\n<p style=\"text-align: justify;\"><span style=\"font-weight: 400;\">Mais do que uma tradi\u00e7\u00e3o religiosa, a Via-Sacra foi um convite ao sil\u00eancio interior, \u00e0 empatia e \u00e0 renova\u00e7\u00e3o espiritual. Agradecemos a todos que estiveram presentes e, em especial, aos jovens que conduziram cada momento com dedica\u00e7\u00e3o e sensibilidade.<\/span><\/p>\n<p style=\"text-align: justify;\"><span style=\"font-weight: 400;\">Que essa caminhada de f\u00e9 continue ecoando em nossos gestos e atitudes, fortalecendo os la\u00e7os de compaix\u00e3o e<\/span><span style=\"font-weight: 400;\"> amor em nossa comunidade.<\/span><\/p>\n<p>&nbsp;<\/p>\n<div class=\"w-gallery cols_3 link_file\"><div class=\"w-gallery-list\"><a class=\"w-gallery-item order_1\" href=\"https:\/\/www.acsc.com.br\/santacatarina\/wp-content\/uploads\/sites\/2\/2025\/04\/1-CAPA-1-e1745582508518.jpg\" title=\"1 - CAPA\"><div class=\"w-gallery-item-img\"><img loading=\"lazy\" decoding=\"async\" width=\"150\" height=\"150\" src=\"https:\/\/www.acsc.com.br\/santacatarina\/wp-content\/uploads\/sites\/2\/2025\/04\/1-CAPA-1-e1745582508518-150x150.jpg\" class=\"attachment-thumbnail size-thumbnail\" alt=\"\" \/><\/div><\/a><a class=\"w-gallery-item order_2\" href=\"https:\/\/www.acsc.com.br\/santacatarina\/wp-content\/uploads\/sites\/2\/2025\/04\/2-1.jpg\" title=\"2\"><div class=\"w-gallery-item-img\"><img loading=\"lazy\" decoding=\"async\" width=\"150\" height=\"150\" src=\"https:\/\/www.acsc.com.br\/santacatarina\/wp-content\/uploads\/sites\/2\/2025\/04\/2-1-150x150.jpg\" class=\"attachment-thumbnail size-thumbnail\" alt=\"\" \/><\/div><\/a><a class=\"w-gallery-item order_3\" href=\"https:\/\/www.acsc.com.br\/santacatarina\/wp-content\/uploads\/sites\/2\/2025\/04\/5-1.jpg\" title=\"5\"><div class=\"w-gallery-item-img\"><img loading=\"lazy\" decoding=\"async\" width=\"150\" height=\"150\" src=\"https:\/\/www.acsc.com.br\/santacatarina\/wp-content\/uploads\/sites\/2\/2025\/04\/5-1-150x150.jpg\" class=\"attachment-thumbnail size-thumbnail\" alt=\"\" \/><\/div><\/a><a class=\"w-gallery-item order_4\" href=\"https:\/\/www.acsc.com.br\/santacatarina\/wp-content\/uploads\/sites\/2\/2025\/04\/7-1.jpg\" title=\"7\"><div class=\"w-gallery-item-img\"><img loading=\"lazy\" decoding=\"async\" width=\"150\" height=\"150\" src=\"https:\/\/www.acsc.com.br\/santacatarina\/wp-content\/uploads\/sites\/2\/2025\/04\/7-1-150x150.jpg\" class=\"attachment-thumbnail size-thumbnail\" alt=\"\" \/><\/div><\/a><a class=\"w-gallery-item order_5\" href=\"https:\/\/www.acsc.com.br\/santacatarina\/wp-content\/uploads\/sites\/2\/2025\/04\/6-1.jpg\" title=\"6\"><div class=\"w-gallery-item-img\"><img loading=\"lazy\" decoding=\"async\" width=\"150\" height=\"150\" src=\"https:\/\/www.acsc.com.br\/santacatarina\/wp-content\/uploads\/sites\/2\/2025\/04\/6-1-150x150.jpg\" class=\"attachment-thumbnail size-thumbnail\" alt=\"\" \/><\/div><\/a><a class=\"w-gallery-item order_6\" href=\"https:\/\/www.acsc.com.br\/santacatarina\/wp-content\/uploads\/sites\/2\/2025\/04\/9-1.jpg\" title=\"9\"><div class=\"w-gallery-item-img\"><img loading=\"lazy\" decoding=\"async\" width=\"150\" height=\"150\" src=\"https:\/\/www.acsc.com.br\/santacatarina\/wp-content\/uploads\/sites\/2\/2025\/04\/9-1-150x150.jpg\" class=\"attachment-thumbnail size-thumbnail\" alt=\"\" \/><\/div><\/a><a class=\"w-gallery-item order_7\" href=\"https:\/\/www.acsc.com.br\/santacatarina\/wp-content\/uploads\/sites\/2\/2025\/04\/3-1.jpg\" title=\"3\"><div class=\"w-gallery-item-img\"><img loading=\"lazy\" decoding=\"async\" width=\"150\" height=\"150\" src=\"https:\/\/www.acsc.com.br\/santacatarina\/wp-content\/uploads\/sites\/2\/2025\/04\/3-1-150x150.jpg\" class=\"attachment-thumbnail size-thumbnail\" alt=\"\" \/><\/div><\/a><a class=\"w-gallery-item order_8\" href=\"https:\/\/www.acsc.com.br\/santacatarina\/wp-content\/uploads\/sites\/2\/2025\/04\/8-1.jpg\" title=\"8\"><div class=\"w-gallery-item-img\"><img loading=\"lazy\" decoding=\"async\" width=\"150\" height=\"150\" src=\"https:\/\/www.acsc.com.br\/santacatarina\/wp-content\/uploads\/sites\/2\/2025\/04\/8-1-150x150.jpg\" class=\"attachment-thumbnail size-thumbnail\" alt=\"\" \/><\/div><\/a><a class=\"w-gallery-item order_9\" href=\"https:\/\/www.acsc.com.br\/santacatarina\/wp-content\/uploads\/sites\/2\/2025\/04\/4-1.jpg\" title=\"4\"><div class=\"w-gallery-item-img\"><img loading=\"lazy\" decoding=\"async\" width=\"150\" height=\"150\" src=\"https:\/\/www.acsc.com.br\/santacatarina\/wp-content\/uploads\/sites\/2\/2025\/04\/4-1-150x150.jpg\" class=\"attachment-thumbnail size-thumbnail\" alt=\"\" \/><\/div><\/a><\/div><\/div>\n","protected":false},"excerpt":{"rendered":"<p>Na noite de quarta-feira, 16 de abril, a comunidade escolar do Col\u00e9gio Santa Catarina se uniu em uma comovente prociss\u00e3o de Via-Sacra pelas ruas de Hamburgo Velho. Em parceria com a Par\u00f3quia Nossa Senhora da Piedade, o percurso foi marcado por momentos de profunda espiritualidade, conduzidos com devo\u00e7\u00e3o pelos jovens da Par\u00f3quia e do Col\u00e9gio&#8230;.<\/p>\n","protected":false},"author":1,"featured_media":1192,"comment_status":"closed","ping_status":"closed","sticky":false,"template":"","format":"standard","meta":{"_acf_changed":false,"footnotes":""},"categories":[1],"tags":[],"class_list":["post-1191","post","type-post","status-publish","format-standard","has-post-thumbnail","hentry","category-noticias"],"acf":[],"_links":{"self":[{"href":"https:\/\/www.acsc.com.br\/santacatarina\/wp-json\/wp\/v2\/posts\/1191","targetHints":{"allow":["GET"]}}],"collection":[{"href":"https:\/\/www.acsc.com.br\/santacatarina\/wp-json\/wp\/v2\/posts"}],"about":[{"href":"https:\/\/www.acsc.com.br\/santacatarina\/wp-json\/wp\/v2\/types\/post"}],"author":[{"embeddable":true,"href":"https:\/\/www.acsc.com.br\/santacatarina\/wp-json\/wp\/v2\/users\/1"}],"replies":[{"embeddable":true,"href":"https:\/\/www.acsc.com.br\/santacatarina\/wp-json\/wp\/v2\/comments?post=1191"}],"version-history":[{"count":1,"href":"https:\/\/www.acsc.com.br\/santacatarina\/wp-json\/wp\/v2\/posts\/1191\/revisions"}],"predecessor-version":[{"id":1201,"href":"https:\/\/www.acsc.com.br\/santacatarina\/wp-json\/wp\/v2\/posts\/1191\/revisions\/1201"}],"wp:featuredmedia":[{"embeddable":true,"href":"https:\/\/www.acsc.com.br\/santacatarina\/wp-json\/wp\/v2\/media\/1192"}],"wp:attachment":[{"href":"https:\/\/www.acsc.com.br\/santacatarina\/wp-json\/wp\/v2\/media?parent=1191"}],"wp:term":[{"taxonomy":"category","embeddable":true,"href":"https:\/\/www.acsc.com.br\/santacatarina\/wp-json\/wp\/v2\/categories?post=1191"},{"taxonomy":"post_tag","embeddable":true,"href":"https:\/\/www.acsc.com.br\/santacatarina\/wp-json\/wp\/v2\/tags?post=1191"}],"curies":[{"name":"wp","href":"https:\/\/api.w.org\/{rel}","templated":true}]}}