{"id":1094,"date":"2025-02-26T09:26:42","date_gmt":"2025-02-26T12:26:42","guid":{"rendered":"https:\/\/www.acsc.com.br\/santacatarina\/?p=1094"},"modified":"2025-02-26T09:26:42","modified_gmt":"2025-02-26T12:26:42","slug":"volta-as-aulas","status":"publish","type":"post","link":"https:\/\/www.acsc.com.br\/santacatarina\/2025\/02\/26\/volta-as-aulas\/","title":{"rendered":"Volta \u00e0s aulas!"},"content":{"rendered":"<p><span style=\"font-weight: 400;\">No dia 12 de fevereiro (quarta-feira), o Col\u00e9gio Santa Catarina abriu suas portas para receber os alunos do 2\u00ba ano do Ensino Fundamental ao Ensino M\u00e9dio, marcando o in\u00edcio de mais um ano letivo repleto de aprendizado e novas experi\u00eancias. No dia 13 (quinta-feira), foi a vez das turmas da Educa\u00e7\u00e3o Infantil e do 1\u00ba ano do Ensino Fundamental retornarem \u00e0s atividades, completando assim a chegada de toda a comunidade escolar.<\/span><\/p>\n<p><span style=\"font-weight: 400;\">Em ambos os dias, os alunos foram recepcionados pela diretora e pela equipe pedag\u00f3gica, que deram as boas-vindas e compartilharam uma mensagem especial: em 2025, o Col\u00e9gio Santa Catarina celebra 125 anos de hist\u00f3ria! Um marco significativo, constru\u00eddo com a dedica\u00e7\u00e3o de educadores, fam\u00edlias e estudantes ao longo das gera\u00e7\u00f5es. Como forma de gratid\u00e3o e inspira\u00e7\u00e3o para este novo ciclo, toda a comunidade escolar se reuniu em um momento de ora\u00e7\u00e3o, elevando preces por um ano letivo de b\u00ean\u00e7\u00e3os, aprendizado e crescimento.<\/span><\/p>\n<p><span style=\"font-weight: 400;\">Ap\u00f3s a cerim\u00f4nia de acolhida, os alunos foram direcionados \u00e0s suas salas. Na Educa\u00e7\u00e3o Infantil, o encanto tomou conta dos pequenos ao explorarem os espa\u00e7os renovados ap\u00f3s reforma, agora ainda mais l\u00fadicos e coloridos. J\u00e1 os alunos do Ensino Fundamental iniciaram o ano com uma grande novidade: a disciplina de Mundo Computacional, vivenciada na nova sala Mind Makers, um ambiente inovador que potencializa o aprendizado por meio da tecnologia e da criatividade.<\/span><\/p>\n<p><span style=\"font-weight: 400;\">Que este seja um ano de conquistas e realiza\u00e7\u00f5es para toda a nossa comunidade escolar!<\/span><\/p>\n<p><span style=\"font-weight: 400;\">Acesse as fotos deste momento no Flickr:<\/span><a href=\"https:\/\/flic.kr\/s\/aHBqjC2mBM\"> <span style=\"font-weight: 400;\">https:\/\/flic.kr\/s\/aHBqjC2mBM<\/span><\/a><span style=\"font-weight: 400;\">.<\/span><\/p>\n<p>&nbsp;<\/p>\n<div class=\"w-gallery cols_3 link_file\"><div class=\"w-gallery-list\"><a class=\"w-gallery-item order_1\" href=\"https:\/\/www.acsc.com.br\/santacatarina\/wp-content\/uploads\/sites\/2\/2025\/02\/4-2.jpg\" title=\"4\"><div class=\"w-gallery-item-img\"><img loading=\"lazy\" decoding=\"async\" width=\"150\" height=\"150\" src=\"https:\/\/www.acsc.com.br\/santacatarina\/wp-content\/uploads\/sites\/2\/2025\/02\/4-2-150x150.jpg\" class=\"attachment-thumbnail size-thumbnail\" alt=\"\" \/><\/div><\/a><a class=\"w-gallery-item order_2\" href=\"https:\/\/www.acsc.com.br\/santacatarina\/wp-content\/uploads\/sites\/2\/2025\/02\/5-2.jpg\" title=\"5\"><div class=\"w-gallery-item-img\"><img loading=\"lazy\" decoding=\"async\" width=\"150\" height=\"150\" src=\"https:\/\/www.acsc.com.br\/santacatarina\/wp-content\/uploads\/sites\/2\/2025\/02\/5-2-150x150.jpg\" class=\"attachment-thumbnail size-thumbnail\" alt=\"\" \/><\/div><\/a><a class=\"w-gallery-item order_3\" href=\"https:\/\/www.acsc.com.br\/santacatarina\/wp-content\/uploads\/sites\/2\/2025\/02\/7-1.jpg\" title=\"7\"><div class=\"w-gallery-item-img\"><img loading=\"lazy\" decoding=\"async\" width=\"150\" height=\"150\" src=\"https:\/\/www.acsc.com.br\/santacatarina\/wp-content\/uploads\/sites\/2\/2025\/02\/7-1-150x150.jpg\" class=\"attachment-thumbnail size-thumbnail\" alt=\"\" \/><\/div><\/a><a class=\"w-gallery-item order_4\" href=\"https:\/\/www.acsc.com.br\/santacatarina\/wp-content\/uploads\/sites\/2\/2025\/02\/3-2.jpg\" title=\"3\"><div class=\"w-gallery-item-img\"><img loading=\"lazy\" decoding=\"async\" width=\"150\" height=\"150\" src=\"https:\/\/www.acsc.com.br\/santacatarina\/wp-content\/uploads\/sites\/2\/2025\/02\/3-2-150x150.jpg\" class=\"attachment-thumbnail size-thumbnail\" alt=\"\" \/><\/div><\/a><a class=\"w-gallery-item order_5\" href=\"https:\/\/www.acsc.com.br\/santacatarina\/wp-content\/uploads\/sites\/2\/2025\/02\/6-2.jpg\" title=\"6\"><div class=\"w-gallery-item-img\"><img loading=\"lazy\" decoding=\"async\" width=\"150\" height=\"150\" src=\"https:\/\/www.acsc.com.br\/santacatarina\/wp-content\/uploads\/sites\/2\/2025\/02\/6-2-150x150.jpg\" class=\"attachment-thumbnail size-thumbnail\" alt=\"\" \/><\/div><\/a><a class=\"w-gallery-item order_6\" href=\"https:\/\/www.acsc.com.br\/santacatarina\/wp-content\/uploads\/sites\/2\/2025\/02\/9-1.jpg\" title=\"9\"><div class=\"w-gallery-item-img\"><img loading=\"lazy\" decoding=\"async\" width=\"150\" height=\"150\" src=\"https:\/\/www.acsc.com.br\/santacatarina\/wp-content\/uploads\/sites\/2\/2025\/02\/9-1-150x150.jpg\" class=\"attachment-thumbnail size-thumbnail\" alt=\"\" \/><\/div><\/a><a class=\"w-gallery-item order_7\" href=\"https:\/\/www.acsc.com.br\/santacatarina\/wp-content\/uploads\/sites\/2\/2025\/02\/1-CAPA-2.jpg\" title=\"1 -CAPA\"><div class=\"w-gallery-item-img\"><img loading=\"lazy\" decoding=\"async\" width=\"150\" height=\"150\" src=\"https:\/\/www.acsc.com.br\/santacatarina\/wp-content\/uploads\/sites\/2\/2025\/02\/1-CAPA-2-150x150.jpg\" class=\"attachment-thumbnail size-thumbnail\" alt=\"\" \/><\/div><\/a><a class=\"w-gallery-item order_8\" href=\"https:\/\/www.acsc.com.br\/santacatarina\/wp-content\/uploads\/sites\/2\/2025\/02\/8-1.jpg\" title=\"8\"><div class=\"w-gallery-item-img\"><img loading=\"lazy\" decoding=\"async\" width=\"150\" height=\"150\" src=\"https:\/\/www.acsc.com.br\/santacatarina\/wp-content\/uploads\/sites\/2\/2025\/02\/8-1-150x150.jpg\" class=\"attachment-thumbnail size-thumbnail\" alt=\"\" \/><\/div><\/a><a class=\"w-gallery-item order_9\" href=\"https:\/\/www.acsc.com.br\/santacatarina\/wp-content\/uploads\/sites\/2\/2025\/02\/2-2.jpg\" title=\"2\"><div class=\"w-gallery-item-img\"><img loading=\"lazy\" decoding=\"async\" width=\"150\" height=\"150\" src=\"https:\/\/www.acsc.com.br\/santacatarina\/wp-content\/uploads\/sites\/2\/2025\/02\/2-2-150x150.jpg\" class=\"attachment-thumbnail size-thumbnail\" alt=\"\" \/><\/div><\/a><\/div><\/div>\n","protected":false},"excerpt":{"rendered":"<p>No dia 12 de fevereiro (quarta-feira), o Col\u00e9gio Santa Catarina abriu suas portas para receber os alunos do 2\u00ba ano do Ensino Fundamental ao Ensino M\u00e9dio, marcando o in\u00edcio de mais um ano letivo repleto de aprendizado e novas experi\u00eancias. No dia 13 (quinta-feira), foi a vez das turmas da Educa\u00e7\u00e3o Infantil e do 1\u00ba&#8230;<\/p>\n","protected":false},"author":1,"featured_media":1101,"comment_status":"closed","ping_status":"closed","sticky":false,"template":"","format":"standard","meta":{"_acf_changed":false,"footnotes":""},"categories":[1],"tags":[],"class_list":["post-1094","post","type-post","status-publish","format-standard","has-post-thumbnail","hentry","category-noticias"],"acf":[],"_links":{"self":[{"href":"https:\/\/www.acsc.com.br\/santacatarina\/wp-json\/wp\/v2\/posts\/1094","targetHints":{"allow":["GET"]}}],"collection":[{"href":"https:\/\/www.acsc.com.br\/santacatarina\/wp-json\/wp\/v2\/posts"}],"about":[{"href":"https:\/\/www.acsc.com.br\/santacatarina\/wp-json\/wp\/v2\/types\/post"}],"author":[{"embeddable":true,"href":"https:\/\/www.acsc.com.br\/santacatarina\/wp-json\/wp\/v2\/users\/1"}],"replies":[{"embeddable":true,"href":"https:\/\/www.acsc.com.br\/santacatarina\/wp-json\/wp\/v2\/comments?post=1094"}],"version-history":[{"count":1,"href":"https:\/\/www.acsc.com.br\/santacatarina\/wp-json\/wp\/v2\/posts\/1094\/revisions"}],"predecessor-version":[{"id":1104,"href":"https:\/\/www.acsc.com.br\/santacatarina\/wp-json\/wp\/v2\/posts\/1094\/revisions\/1104"}],"wp:featuredmedia":[{"embeddable":true,"href":"https:\/\/www.acsc.com.br\/santacatarina\/wp-json\/wp\/v2\/media\/1101"}],"wp:attachment":[{"href":"https:\/\/www.acsc.com.br\/santacatarina\/wp-json\/wp\/v2\/media?parent=1094"}],"wp:term":[{"taxonomy":"category","embeddable":true,"href":"https:\/\/www.acsc.com.br\/santacatarina\/wp-json\/wp\/v2\/categories?post=1094"},{"taxonomy":"post_tag","embeddable":true,"href":"https:\/\/www.acsc.com.br\/santacatarina\/wp-json\/wp\/v2\/tags?post=1094"}],"curies":[{"name":"wp","href":"https:\/\/api.w.org\/{rel}","templated":true}]}}