{"id":1017,"date":"2025-01-23T09:03:14","date_gmt":"2025-01-23T12:03:14","guid":{"rendered":"https:\/\/www.acsc.com.br\/santacatarina\/?p=1017"},"modified":"2025-01-23T09:03:45","modified_gmt":"2025-01-23T12:03:45","slug":"formatura-do-ensino-medio","status":"publish","type":"post","link":"https:\/\/www.acsc.com.br\/santacatarina\/2025\/01\/23\/formatura-do-ensino-medio\/","title":{"rendered":"Formatura do Ensino M\u00e9dio"},"content":{"rendered":"<p><span style=\"font-weight: 400;\">No dia 13 de dezembro de 2024, o Sal\u00e3o Nobre do Col\u00e9gio Santa Catarina foi cen\u00e1rio de uma noite inesquec\u00edvel: a formatura das turmas de 3\u00aa s\u00e9rie, 310 e 330, do Ensino M\u00e9dio. O ambiente, cuidadosamente decorado, estava repleto de alegria, emo\u00e7\u00e3o e expectativa, enquanto familiares, amigos e a equipe pedag\u00f3gica aguardavam os formandos.<\/span><\/p>\n<p><span style=\"font-weight: 400;\">A cerim\u00f4nia iniciou com a entrada triunfal dos formandos, que, com suas lindas vestimentas e trajes de festa, se dirigiram ao palco para receber o t\u00e3o esperado canudo de formatura. Cada detalhe da noite foi marcado pelo simbolismo de despedida e, ao mesmo tempo, de novos come\u00e7os.<\/span><\/p>\n<p><span style=\"font-weight: 400;\">Os discursos dos professores paraninfos, professor Marcelo Machado (turma 310) e professora Giele (turma 330), trouxeram palavras de inspira\u00e7\u00e3o e incentivo aos formandos. Representantes das turmas tamb\u00e9m emocionaram a todos ao relembrarem momentos de divers\u00e3o, uni\u00e3o e aprendizado no Santa Catarina, criando uma atmosfera de nostalgia e gratid\u00e3o.<\/span><\/p>\n<p><span style=\"font-weight: 400;\">Um dos momentos mais especiais foi a homenagem aos pais e funcion\u00e1rios, que ocupam um lugar \u00fanico no cora\u00e7\u00e3o de cada aluno. A noite foi encerrada com a certeza de que cada formando segue rumo a um novo destino na vida adulta, levando consigo valores, mem\u00f3rias e aprendizados que marcaram suas trajet\u00f3rias.<\/span><\/p>\n<p><span style=\"font-weight: 400;\">Com brilho nos olhos e cora\u00e7\u00f5es cheios de esperan\u00e7a, os formandos do Col\u00e9gio Santa Catarina iniciam uma nova jornada, prontos para al\u00e7ar voos mais altos.<\/span><\/p>\n<p><span style=\"font-weight: 400;\">Fotos e evento realizado por: Inove Produtora.<\/span><\/p>\n<p>&nbsp;<\/p>\n<div class=\"w-gallery cols_3 link_file\"><div class=\"w-gallery-list\"><a class=\"w-gallery-item order_1\" href=\"https:\/\/www.acsc.com.br\/santacatarina\/wp-content\/uploads\/sites\/2\/2025\/01\/5-INOVE-PRODUTORA.jpg\" title=\"5 - INOVE PRODUTORA\"><div class=\"w-gallery-item-img\"><img loading=\"lazy\" decoding=\"async\" width=\"150\" height=\"150\" src=\"https:\/\/www.acsc.com.br\/santacatarina\/wp-content\/uploads\/sites\/2\/2025\/01\/5-INOVE-PRODUTORA-150x150.jpg\" class=\"attachment-thumbnail size-thumbnail\" alt=\"\" \/><\/div><\/a><a class=\"w-gallery-item order_2\" href=\"https:\/\/www.acsc.com.br\/santacatarina\/wp-content\/uploads\/sites\/2\/2025\/01\/1-CAPA-INOVE-PRODUTORA.jpg\" title=\"1 (CAPA) - INOVE PRODUTORA\"><div class=\"w-gallery-item-img\"><img loading=\"lazy\" decoding=\"async\" width=\"150\" height=\"150\" src=\"https:\/\/www.acsc.com.br\/santacatarina\/wp-content\/uploads\/sites\/2\/2025\/01\/1-CAPA-INOVE-PRODUTORA-150x150.jpg\" class=\"attachment-thumbnail size-thumbnail\" alt=\"\" \/><\/div><\/a><a class=\"w-gallery-item order_3\" href=\"https:\/\/www.acsc.com.br\/santacatarina\/wp-content\/uploads\/sites\/2\/2025\/01\/2-INOVE-PRODUTORA.jpg\" title=\"2 - INOVE PRODUTORA\"><div class=\"w-gallery-item-img\"><img loading=\"lazy\" decoding=\"async\" width=\"150\" height=\"150\" src=\"https:\/\/www.acsc.com.br\/santacatarina\/wp-content\/uploads\/sites\/2\/2025\/01\/2-INOVE-PRODUTORA-150x150.jpg\" class=\"attachment-thumbnail size-thumbnail\" alt=\"\" \/><\/div><\/a><a class=\"w-gallery-item order_4\" href=\"https:\/\/www.acsc.com.br\/santacatarina\/wp-content\/uploads\/sites\/2\/2025\/01\/7-INOVE-PRODUTORA.jpg\" title=\"7 - INOVE PRODUTORA\"><div class=\"w-gallery-item-img\"><img loading=\"lazy\" decoding=\"async\" width=\"150\" height=\"150\" src=\"https:\/\/www.acsc.com.br\/santacatarina\/wp-content\/uploads\/sites\/2\/2025\/01\/7-INOVE-PRODUTORA-150x150.jpg\" class=\"attachment-thumbnail size-thumbnail\" alt=\"\" \/><\/div><\/a><a class=\"w-gallery-item order_5\" href=\"https:\/\/www.acsc.com.br\/santacatarina\/wp-content\/uploads\/sites\/2\/2025\/01\/9-INOVE-PRODUTORA.jpg\" title=\"9 - INOVE PRODUTORA\"><div class=\"w-gallery-item-img\"><img loading=\"lazy\" decoding=\"async\" width=\"150\" height=\"150\" src=\"https:\/\/www.acsc.com.br\/santacatarina\/wp-content\/uploads\/sites\/2\/2025\/01\/9-INOVE-PRODUTORA-150x150.jpg\" class=\"attachment-thumbnail size-thumbnail\" alt=\"\" \/><\/div><\/a><a class=\"w-gallery-item order_6\" href=\"https:\/\/www.acsc.com.br\/santacatarina\/wp-content\/uploads\/sites\/2\/2025\/01\/11-INOVE-PRODUTORA.jpg\" title=\"11 - INOVE PRODUTORA\"><div class=\"w-gallery-item-img\"><img loading=\"lazy\" decoding=\"async\" width=\"150\" height=\"150\" src=\"https:\/\/www.acsc.com.br\/santacatarina\/wp-content\/uploads\/sites\/2\/2025\/01\/11-INOVE-PRODUTORA-150x150.jpg\" class=\"attachment-thumbnail size-thumbnail\" alt=\"\" \/><\/div><\/a><a class=\"w-gallery-item order_7\" href=\"https:\/\/www.acsc.com.br\/santacatarina\/wp-content\/uploads\/sites\/2\/2025\/01\/4-INOVE-PRODUTORA.jpg\" title=\"4 - INOVE PRODUTORA\"><div class=\"w-gallery-item-img\"><img loading=\"lazy\" decoding=\"async\" width=\"150\" height=\"150\" src=\"https:\/\/www.acsc.com.br\/santacatarina\/wp-content\/uploads\/sites\/2\/2025\/01\/4-INOVE-PRODUTORA-150x150.jpg\" class=\"attachment-thumbnail size-thumbnail\" alt=\"\" \/><\/div><\/a><a class=\"w-gallery-item order_8\" href=\"https:\/\/www.acsc.com.br\/santacatarina\/wp-content\/uploads\/sites\/2\/2025\/01\/6-INOVE-PRODUTORA.jpg\" title=\"6 - INOVE PRODUTORA\"><div class=\"w-gallery-item-img\"><img loading=\"lazy\" decoding=\"async\" width=\"150\" height=\"150\" src=\"https:\/\/www.acsc.com.br\/santacatarina\/wp-content\/uploads\/sites\/2\/2025\/01\/6-INOVE-PRODUTORA-150x150.jpg\" class=\"attachment-thumbnail size-thumbnail\" alt=\"\" \/><\/div><\/a><a class=\"w-gallery-item order_9\" href=\"https:\/\/www.acsc.com.br\/santacatarina\/wp-content\/uploads\/sites\/2\/2025\/01\/8-INOVE-PRODUTORA.jpg\" title=\"8 - INOVE PRODUTORA\"><div class=\"w-gallery-item-img\"><img loading=\"lazy\" decoding=\"async\" width=\"150\" height=\"150\" src=\"https:\/\/www.acsc.com.br\/santacatarina\/wp-content\/uploads\/sites\/2\/2025\/01\/8-INOVE-PRODUTORA-150x150.jpg\" class=\"attachment-thumbnail size-thumbnail\" alt=\"\" \/><\/div><\/a><a class=\"w-gallery-item order_10\" href=\"https:\/\/www.acsc.com.br\/santacatarina\/wp-content\/uploads\/sites\/2\/2025\/01\/10-INOVE-PRODUTORA.jpg\" title=\"10 - INOVE PRODUTORA\"><div class=\"w-gallery-item-img\"><img loading=\"lazy\" decoding=\"async\" width=\"150\" height=\"150\" src=\"https:\/\/www.acsc.com.br\/santacatarina\/wp-content\/uploads\/sites\/2\/2025\/01\/10-INOVE-PRODUTORA-150x150.jpg\" class=\"attachment-thumbnail size-thumbnail\" alt=\"\" \/><\/div><\/a><a class=\"w-gallery-item order_11\" href=\"https:\/\/www.acsc.com.br\/santacatarina\/wp-content\/uploads\/sites\/2\/2025\/01\/3-INOVE-PRODUTORA.jpg\" title=\"3 - INOVE PRODUTORA\"><div class=\"w-gallery-item-img\"><img loading=\"lazy\" decoding=\"async\" width=\"150\" height=\"150\" src=\"https:\/\/www.acsc.com.br\/santacatarina\/wp-content\/uploads\/sites\/2\/2025\/01\/3-INOVE-PRODUTORA-150x150.jpg\" class=\"attachment-thumbnail size-thumbnail\" alt=\"\" \/><\/div><\/a><a class=\"w-gallery-item order_12\" href=\"https:\/\/www.acsc.com.br\/santacatarina\/wp-content\/uploads\/sites\/2\/2025\/01\/12-INOVE-PRODUTORA.jpg\" title=\"12 - INOVE PRODUTORA\"><div class=\"w-gallery-item-img\"><img loading=\"lazy\" decoding=\"async\" width=\"150\" height=\"150\" src=\"https:\/\/www.acsc.com.br\/santacatarina\/wp-content\/uploads\/sites\/2\/2025\/01\/12-INOVE-PRODUTORA-150x150.jpg\" class=\"attachment-thumbnail size-thumbnail\" alt=\"\" \/><\/div><\/a><\/div><\/div>\n<p><span style=\"font-weight: 400;\">\u00a0<\/span><\/p>\n","protected":false},"excerpt":{"rendered":"<p>No dia 13 de dezembro de 2024, o Sal\u00e3o Nobre do Col\u00e9gio Santa Catarina foi cen\u00e1rio de uma noite inesquec\u00edvel: a formatura das turmas de 3\u00aa s\u00e9rie, 310 e 330, do Ensino M\u00e9dio. O ambiente, cuidadosamente decorado, estava repleto de alegria, emo\u00e7\u00e3o e expectativa, enquanto familiares, amigos e a equipe pedag\u00f3gica aguardavam os formandos. A&#8230;<\/p>\n","protected":false},"author":1,"featured_media":1020,"comment_status":"closed","ping_status":"closed","sticky":false,"template":"","format":"standard","meta":{"_acf_changed":false,"footnotes":""},"categories":[1],"tags":[],"class_list":["post-1017","post","type-post","status-publish","format-standard","has-post-thumbnail","hentry","category-noticias"],"acf":[],"_links":{"self":[{"href":"https:\/\/www.acsc.com.br\/santacatarina\/wp-json\/wp\/v2\/posts\/1017","targetHints":{"allow":["GET"]}}],"collection":[{"href":"https:\/\/www.acsc.com.br\/santacatarina\/wp-json\/wp\/v2\/posts"}],"about":[{"href":"https:\/\/www.acsc.com.br\/santacatarina\/wp-json\/wp\/v2\/types\/post"}],"author":[{"embeddable":true,"href":"https:\/\/www.acsc.com.br\/santacatarina\/wp-json\/wp\/v2\/users\/1"}],"replies":[{"embeddable":true,"href":"https:\/\/www.acsc.com.br\/santacatarina\/wp-json\/wp\/v2\/comments?post=1017"}],"version-history":[{"count":2,"href":"https:\/\/www.acsc.com.br\/santacatarina\/wp-json\/wp\/v2\/posts\/1017\/revisions"}],"predecessor-version":[{"id":1031,"href":"https:\/\/www.acsc.com.br\/santacatarina\/wp-json\/wp\/v2\/posts\/1017\/revisions\/1031"}],"wp:featuredmedia":[{"embeddable":true,"href":"https:\/\/www.acsc.com.br\/santacatarina\/wp-json\/wp\/v2\/media\/1020"}],"wp:attachment":[{"href":"https:\/\/www.acsc.com.br\/santacatarina\/wp-json\/wp\/v2\/media?parent=1017"}],"wp:term":[{"taxonomy":"category","embeddable":true,"href":"https:\/\/www.acsc.com.br\/santacatarina\/wp-json\/wp\/v2\/categories?post=1017"},{"taxonomy":"post_tag","embeddable":true,"href":"https:\/\/www.acsc.com.br\/santacatarina\/wp-json\/wp\/v2\/tags?post=1017"}],"curies":[{"name":"wp","href":"https:\/\/api.w.org\/{rel}","templated":true}]}}