{"id":1005,"date":"2025-01-23T09:01:15","date_gmt":"2025-01-23T12:01:15","guid":{"rendered":"https:\/\/www.acsc.com.br\/santacatarina\/?p=1005"},"modified":"2025-01-23T09:01:15","modified_gmt":"2025-01-23T12:01:15","slug":"formatura-dos-9o-anos-turmas-91-e-92-celebram-a-conclusao-do-ensino-fundamental","status":"publish","type":"post","link":"https:\/\/www.acsc.com.br\/santacatarina\/2025\/01\/23\/formatura-dos-9o-anos-turmas-91-e-92-celebram-a-conclusao-do-ensino-fundamental\/","title":{"rendered":"Formatura dos 9\u00ba anos \u2013 Turmas 91 e 92 celebram a conclus\u00e3o do Ensino Fundamental"},"content":{"rendered":"<p><span style=\"font-weight: 400;\">No dia 12 de dezembro de 2024, o Sal\u00e3o Nobre do Col\u00e9gio Santa Catarina foi palco de uma emocionante celebra\u00e7\u00e3o de conclus\u00e3o das turmas 91 e 92 do 9\u00ba ano. Os alunos deram in\u00edcio \u00e0 noite com a tradicional entrada dos formandos, atrav\u00e9s de muitos aplausos e sorrisos das fam\u00edlias presentes.<\/span><\/p>\n<p><span style=\"font-weight: 400;\">Durante a cerim\u00f4nia, os alunos receberam uma lembran\u00e7a simb\u00f3lica do Col\u00e9gio: uma camiseta personalizada com a mensagem \u201cDecolando para o Ensino M\u00e9dio\u201d, simbolizando o novo ciclo que se aproxima. A noite seguiu com discursos emocionantes dos representantes de ambas as turmas, que destacaram os momentos compartilhados durante essa etapa.<\/span><\/p>\n<p><span style=\"font-weight: 400;\">Os professores paraninfos tamb\u00e9m deixaram mensagens de incentivo e carinho, ressaltando a evolu\u00e7\u00e3o dos estudantes e a import\u00e2ncia desse momento de transi\u00e7\u00e3o. Al\u00e9m disso, os formandos puderam registrar o encerramento deste ciclo com fotos ao lado da supervisora e da diretora do col\u00e9gio, eternizando a alegria e o orgulho dessa conquista.<\/span><\/p>\n<p><span style=\"font-weight: 400;\">Foi uma noite marcante, onde o esfor\u00e7o e a dedica\u00e7\u00e3o dos estudantes foram celebrados com entusiasmo, encerrando com chave de ouro o Ensino Fundamental e abrindo caminhos para o Ensino M\u00e9dio.<\/span><\/p>\n<p><span style=\"font-weight: 400;\">Confira as Fotos no Flickr: https:\/\/flic.kr\/s\/aHBqjBUUoS.<\/span><\/p>\n<p>&nbsp;<\/p>\n<div class=\"w-gallery cols_3 link_file\"><div class=\"w-gallery-list\"><a class=\"w-gallery-item order_1\" href=\"https:\/\/www.acsc.com.br\/santacatarina\/wp-content\/uploads\/sites\/2\/2025\/01\/9-scaled.jpg\" title=\"9\"><div class=\"w-gallery-item-img\"><img loading=\"lazy\" decoding=\"async\" width=\"150\" height=\"150\" src=\"https:\/\/www.acsc.com.br\/santacatarina\/wp-content\/uploads\/sites\/2\/2025\/01\/9-150x150.jpg\" class=\"attachment-thumbnail size-thumbnail\" alt=\"\" \/><\/div><\/a><a class=\"w-gallery-item order_2\" href=\"https:\/\/www.acsc.com.br\/santacatarina\/wp-content\/uploads\/sites\/2\/2025\/01\/6-scaled.jpg\" title=\"6\"><div class=\"w-gallery-item-img\"><img loading=\"lazy\" decoding=\"async\" width=\"150\" height=\"150\" src=\"https:\/\/www.acsc.com.br\/santacatarina\/wp-content\/uploads\/sites\/2\/2025\/01\/6-150x150.jpg\" class=\"attachment-thumbnail size-thumbnail\" alt=\"\" \/><\/div><\/a><a class=\"w-gallery-item order_3\" href=\"https:\/\/www.acsc.com.br\/santacatarina\/wp-content\/uploads\/sites\/2\/2025\/01\/2-scaled.jpg\" title=\"2\"><div class=\"w-gallery-item-img\"><img loading=\"lazy\" decoding=\"async\" width=\"150\" height=\"150\" src=\"https:\/\/www.acsc.com.br\/santacatarina\/wp-content\/uploads\/sites\/2\/2025\/01\/2-150x150.jpg\" class=\"attachment-thumbnail size-thumbnail\" alt=\"\" \/><\/div><\/a><a class=\"w-gallery-item order_4\" href=\"https:\/\/www.acsc.com.br\/santacatarina\/wp-content\/uploads\/sites\/2\/2025\/01\/8-scaled.jpg\" title=\"8\"><div class=\"w-gallery-item-img\"><img loading=\"lazy\" decoding=\"async\" width=\"150\" height=\"150\" src=\"https:\/\/www.acsc.com.br\/santacatarina\/wp-content\/uploads\/sites\/2\/2025\/01\/8-150x150.jpg\" class=\"attachment-thumbnail size-thumbnail\" alt=\"\" \/><\/div><\/a><a class=\"w-gallery-item order_5\" href=\"https:\/\/www.acsc.com.br\/santacatarina\/wp-content\/uploads\/sites\/2\/2025\/01\/7-scaled.jpg\" title=\"7\"><div class=\"w-gallery-item-img\"><img loading=\"lazy\" decoding=\"async\" width=\"150\" height=\"150\" src=\"https:\/\/www.acsc.com.br\/santacatarina\/wp-content\/uploads\/sites\/2\/2025\/01\/7-150x150.jpg\" class=\"attachment-thumbnail size-thumbnail\" alt=\"\" \/><\/div><\/a><a class=\"w-gallery-item order_6\" href=\"https:\/\/www.acsc.com.br\/santacatarina\/wp-content\/uploads\/sites\/2\/2025\/01\/5-scaled.jpg\" title=\"5\"><div class=\"w-gallery-item-img\"><img loading=\"lazy\" decoding=\"async\" width=\"150\" height=\"150\" src=\"https:\/\/www.acsc.com.br\/santacatarina\/wp-content\/uploads\/sites\/2\/2025\/01\/5-150x150.jpg\" class=\"attachment-thumbnail size-thumbnail\" alt=\"\" \/><\/div><\/a><a class=\"w-gallery-item order_7\" href=\"https:\/\/www.acsc.com.br\/santacatarina\/wp-content\/uploads\/sites\/2\/2025\/01\/1-CAPA-scaled.jpg\" title=\"1 (CAPA)\"><div class=\"w-gallery-item-img\"><img loading=\"lazy\" decoding=\"async\" width=\"150\" height=\"150\" src=\"https:\/\/www.acsc.com.br\/santacatarina\/wp-content\/uploads\/sites\/2\/2025\/01\/1-CAPA-150x150.jpg\" class=\"attachment-thumbnail size-thumbnail\" alt=\"\" \/><\/div><\/a><a class=\"w-gallery-item order_8\" href=\"https:\/\/www.acsc.com.br\/santacatarina\/wp-content\/uploads\/sites\/2\/2025\/01\/3-1.jpg\" title=\"3\"><div class=\"w-gallery-item-img\"><img loading=\"lazy\" decoding=\"async\" width=\"150\" height=\"150\" src=\"https:\/\/www.acsc.com.br\/santacatarina\/wp-content\/uploads\/sites\/2\/2025\/01\/3-1-150x150.jpg\" class=\"attachment-thumbnail size-thumbnail\" alt=\"\" \/><\/div><\/a><a class=\"w-gallery-item order_9\" href=\"https:\/\/www.acsc.com.br\/santacatarina\/wp-content\/uploads\/sites\/2\/2025\/01\/4.jpg\" title=\"4\"><div class=\"w-gallery-item-img\"><img loading=\"lazy\" decoding=\"async\" width=\"150\" height=\"150\" src=\"https:\/\/www.acsc.com.br\/santacatarina\/wp-content\/uploads\/sites\/2\/2025\/01\/4-150x150.jpg\" class=\"attachment-thumbnail size-thumbnail\" alt=\"\" \/><\/div><\/a><\/div><\/div>\n","protected":false},"excerpt":{"rendered":"<p>No dia 12 de dezembro de 2024, o Sal\u00e3o Nobre do Col\u00e9gio Santa Catarina foi palco de uma emocionante celebra\u00e7\u00e3o de conclus\u00e3o das turmas 91 e 92 do 9\u00ba ano. Os alunos deram in\u00edcio \u00e0 noite com a tradicional entrada dos formandos, atrav\u00e9s de muitos aplausos e sorrisos das fam\u00edlias presentes. Durante a cerim\u00f4nia, os&#8230;<\/p>\n","protected":false},"author":1,"featured_media":1013,"comment_status":"closed","ping_status":"closed","sticky":false,"template":"","format":"standard","meta":{"_acf_changed":false,"footnotes":""},"categories":[1],"tags":[],"class_list":["post-1005","post","type-post","status-publish","format-standard","has-post-thumbnail","hentry","category-noticias"],"acf":[],"_links":{"self":[{"href":"https:\/\/www.acsc.com.br\/santacatarina\/wp-json\/wp\/v2\/posts\/1005","targetHints":{"allow":["GET"]}}],"collection":[{"href":"https:\/\/www.acsc.com.br\/santacatarina\/wp-json\/wp\/v2\/posts"}],"about":[{"href":"https:\/\/www.acsc.com.br\/santacatarina\/wp-json\/wp\/v2\/types\/post"}],"author":[{"embeddable":true,"href":"https:\/\/www.acsc.com.br\/santacatarina\/wp-json\/wp\/v2\/users\/1"}],"replies":[{"embeddable":true,"href":"https:\/\/www.acsc.com.br\/santacatarina\/wp-json\/wp\/v2\/comments?post=1005"}],"version-history":[{"count":1,"href":"https:\/\/www.acsc.com.br\/santacatarina\/wp-json\/wp\/v2\/posts\/1005\/revisions"}],"predecessor-version":[{"id":1016,"href":"https:\/\/www.acsc.com.br\/santacatarina\/wp-json\/wp\/v2\/posts\/1005\/revisions\/1016"}],"wp:featuredmedia":[{"embeddable":true,"href":"https:\/\/www.acsc.com.br\/santacatarina\/wp-json\/wp\/v2\/media\/1013"}],"wp:attachment":[{"href":"https:\/\/www.acsc.com.br\/santacatarina\/wp-json\/wp\/v2\/media?parent=1005"}],"wp:term":[{"taxonomy":"category","embeddable":true,"href":"https:\/\/www.acsc.com.br\/santacatarina\/wp-json\/wp\/v2\/categories?post=1005"},{"taxonomy":"post_tag","embeddable":true,"href":"https:\/\/www.acsc.com.br\/santacatarina\/wp-json\/wp\/v2\/tags?post=1005"}],"curies":[{"name":"wp","href":"https:\/\/api.w.org\/{rel}","templated":true}]}}